{"id":50231,"date":"2025-08-29T14:33:08","date_gmt":"2025-08-29T14:33:08","guid":{"rendered":"https:\/\/www.europesays.com\/pt\/50231\/"},"modified":"2025-08-29T14:33:08","modified_gmt":"2025-08-29T14:33:08","slug":"acordo-total-florentino-deixa-benfica-e-ruma-ao-burnley-o-jogo","status":"publish","type":"post","link":"https:\/\/www.europesays.com\/pt\/50231\/","title":{"rendered":"Acordo total: Florentino deixa Benfica e ruma ao Burnley &#8211; O Jogo"},"content":{"rendered":"<ol>\n<li><a href=\"https:\/\/news.google.com\/rss\/articles\/CBMikgFBVV95cUxOQ3lOeml6bHRMeWpVd0xHQkNlX2lXVlp6N012RWtxdlQ0QXRPcmUxM2VvdUhEVmJodmVJYnZ1WlItMzhZX3RkWU02UUFIeDBMVS1HMzE3dldxNjlGdXR3WXd1V3RBVTVvNnlFR0I5SzJ3a0dBRTcxbUxCbHVoenNpVVBGN2tHanhQRFpCSkJBbGVBZw?oc=5\" target=\"_blank\" rel=\"nofollow noopener\">Acordo total: Florentino deixa Benfica e ruma ao Burnley<\/a>&nbsp;&nbsp;O Jogo<\/li>\n<li><a href=\"https:\/\/news.google.com\/rss\/articles\/CBMilgFBVV95cUxPR1Z6dl9rWTE5OGgxaUUwdWxhVnVfaHBMVEgwY0ItaWFaY3V5MWpMcll5OGRMQ1BHeXdhTUprM2Y5Q2JhTlRyX0x0Y0FQdUxZNlA1U0d3ekx6ZmYwbWczbEMxdVdfbmhXUlRFU1F0S0VKUC1UV0xrTjZxY3pDNnFRQVdXYmZsNkV2TjlLSGlIdmx5UkFiYUE?oc=5\" target=\"_blank\" rel=\"nofollow noopener\">Acordo fechado: Florentino deixa o Benfica<\/a>&nbsp;&nbsp;A Bola<\/li>\n<li><a href=\"https:\/\/news.google.com\/rss\/articles\/CBMi7wFBVV95cUxPcUpwaTZ5WG5PNFY0eDN0eWl4SXZ2dFhuOXc1QTI1WV8xUE1iNEFyOUxURGs3Z05jeGpvVnlrQ1Z4akVtUjk5b2RjZkNNNU14NjVyaHNac2MtMGhLNWd3Q0JMSUVrbS1hTjkzTm1NMXpOVnI4Y1lJamJ3Uk1vNndQNTZMbGk3c0xZRm5KejJtZDdRNEl2dXN3MG52dHJSSnlBbDJRbWxTN2NwNDZIUzBqSkJxbWRid0Y5TlRZYWpGbWVuU1ZQUlV5SWphTmdzM20yS3dqbkJ3bkg5cXNMbmwzMjEwUDRrTnNYcGpINktTZw?oc=5\" target=\"_blank\" rel=\"nofollow noopener\">As novidades do interesse da AS Roma em Florentino Lu\u00eds: clube italiano s\u00f3 avan\u00e7a mediante uma condi\u00e7\u00e3o<\/a>&nbsp;&nbsp;Bola na Rede<\/li>\n<li><a href=\"https:\/\/news.google.com\/rss\/articles\/CBMitwFBVV95cUxNNGZtTk5sSjBDSmVPNG1ZVEVWdy1mdDlva29JZ2tHaVdzaHY0dEtGamJzNGlsbl96djJaNmtNU0wxQXRjZC1MUGJIdmVnY0hXdXo4MEtWZk1QTlQ3dW9RYzlSTVY1MHdDSndZczVObEtFUkZ1aGFvdWQwRE10eVZhS3RTOUMxYXJaMjRFRGk2NVMwNGdsVngyOGlibEVvTXc1czY5QnhuU1dEUS05M1Nlb3k1VmtCanM?oc=5\" target=\"_blank\" rel=\"nofollow noopener\">Benfica d\u00e1 &#8216;nega&#8217; ao Olympique Marseille e segura (para j\u00e1) Florentino<\/a>&nbsp;&nbsp;Not\u00edcias ao Minuto<\/li>\n<li><a href=\"https:\/\/news.google.com\/rss\/articles\/CBMiigFBVV95cUxQSEVaMkZwekVrZ1ZCWS1XLVJ3QThiQ3hGZURKX0VEcUZUbVNFX0ptMHVaZm5DdDJmdzlaN0FpOUNuZHhYQkZyeDRVb3BNZnpUcmtUMXpRQ1p3Ym1sYmg0eWViZ2Z4VWNfdUtDNDMxTnNGd1lqVHFVSzYtZ1lXbE1yRGxWekVCNUw2OGc?oc=5\" target=\"_blank\" rel=\"nofollow noopener\">Burnley com negocia\u00e7\u00f5es adiantadas por Florentino<\/a>&nbsp;&nbsp;O Jogo<\/li>\n<\/ol>\n","protected":false},"excerpt":{"rendered":"Acordo total: Florentino deixa Benfica e ruma ao Burnley&nbsp;&nbsp;O Jogo Acordo fechado: Florentino deixa o Benfica&nbsp;&nbsp;A Bola As&hellip;\n","protected":false},"author":2,"featured_media":50232,"comment_status":"","ping_status":"","sticky":false,"template":"","format":"standard","meta":{"footnotes":""},"categories":[8],"tags":[27,28,15,16,14,25,26,21,22,12,13,19,20,32,23,24,33,17,18,29,30,31],"class_list":{"0":"post-50231","1":"post","2":"type-post","3":"status-publish","4":"format-standard","5":"has-post-thumbnail","7":"category-principais-noticias","8":"tag-breaking-news","9":"tag-breakingnews","10":"tag-featured-news","11":"tag-featurednews","12":"tag-headlines","13":"tag-latest-news","14":"tag-latestnews","15":"tag-main-news","16":"tag-mainnews","17":"tag-news","18":"tag-noticias","19":"tag-noticias-principais","20":"tag-noticiasprincipais","21":"tag-portugal","22":"tag-principais-noticias","23":"tag-principaisnoticias","24":"tag-pt","25":"tag-top-stories","26":"tag-topstories","27":"tag-ultimas","28":"tag-ultimas-noticias","29":"tag-ultimasnoticias"},"share_on_mastodon":{"url":"","error":""},"_links":{"self":[{"href":"https:\/\/www.europesays.com\/pt\/wp-json\/wp\/v2\/posts\/50231","targetHints":{"allow":["GET"]}}],"collection":[{"href":"https:\/\/www.europesays.com\/pt\/wp-json\/wp\/v2\/posts"}],"about":[{"href":"https:\/\/www.europesays.com\/pt\/wp-json\/wp\/v2\/types\/post"}],"author":[{"embeddable":true,"href":"https:\/\/www.europesays.com\/pt\/wp-json\/wp\/v2\/users\/2"}],"replies":[{"embeddable":true,"href":"https:\/\/www.europesays.com\/pt\/wp-json\/wp\/v2\/comments?post=50231"}],"version-history":[{"count":0,"href":"https:\/\/www.europesays.com\/pt\/wp-json\/wp\/v2\/posts\/50231\/revisions"}],"wp:featuredmedia":[{"embeddable":true,"href":"https:\/\/www.europesays.com\/pt\/wp-json\/wp\/v2\/media\/50232"}],"wp:attachment":[{"href":"https:\/\/www.europesays.com\/pt\/wp-json\/wp\/v2\/media?parent=50231"}],"wp:term":[{"taxonomy":"category","embeddable":true,"href":"https:\/\/www.europesays.com\/pt\/wp-json\/wp\/v2\/categories?post=50231"},{"taxonomy":"post_tag","embeddable":true,"href":"https:\/\/www.europesays.com\/pt\/wp-json\/wp\/v2\/tags?post=50231"}],"curies":[{"name":"wp","href":"https:\/\/api.w.org\/{rel}","templated":true}]}}