{"id":502317,"date":"2026-08-27T10:08:32","date_gmt":"2026-08-27T10:08:32","guid":{"rendered":"https:\/\/www.europesays.com\/pt\/502317\/"},"modified":"2026-08-27T10:08:32","modified_gmt":"2026-08-27T10:08:32","slug":"saint-gobain-e-microsoft-unem-se-para-potenciar-ia-na-construcao-sustentavel","status":"publish","type":"post","link":"https:\/\/www.europesays.com\/pt\/502317\/","title":{"rendered":"Saint-Gobain e Microsoft unem-se para potenciar IA na constru\u00e7\u00e3o sustent\u00e1vel"},"content":{"rendered":"<p>A <strong>Saint-Gobain<\/strong> celebrou um acordo estrat\u00e9gico com a <strong>Microsoft<\/strong>, com o objetivo de acelerar a transforma\u00e7\u00e3o digital do grupo atrav\u00e9s da intelig\u00eancia artificial e da tecnologia cloud, bem como impulsionar o desenvolvimento de infraestruturas de nova gera\u00e7\u00e3o, como os centros de dados.<\/p>\n<p>Em primeiro lugar, o Grupo Saint-Gobain ir\u00e1 tirar partido das solu\u00e7\u00f5es de intelig\u00eancia artificial e cloud da Microsoft para impulsionar o seu crescimento e produtividade, transformar a experi\u00eancia do cliente e acelerar o desenvolvimento de inova\u00e7\u00f5es orientadas para a constru\u00e7\u00e3o de edif\u00edcios com emiss\u00f5es l\u00edquidas nulas.<\/p>\n<p>Esta colabora\u00e7\u00e3o ir\u00e1 combinar a experi\u00eancia industrial da Saint-Gobain com as capacidades digitais da Microsoft para continuar a <strong>reduzir as emiss\u00f5es de CO\u2082 e o consumo energ\u00e9tico<\/strong> em diferentes unidades de produ\u00e7\u00e3o do Grupo. Do mesmo modo, favorecer\u00e1 o desenvolvimento de materiais sustent\u00e1veis de nova gera\u00e7\u00e3o, refor\u00e7ando a oferta integrada de solu\u00e7\u00f5es para os mercados residencial, n\u00e3o residencial e de infraestruturas.<\/p>\n<p>Em segundo lugar, o acordo prev\u00ea explorar de que forma o Grupo Saint-Gobain pode contribuir para acelerar a expans\u00e3o da rede global de centros de dados da Microsoft atrav\u00e9s das suas solu\u00e7\u00f5es integradas para este tipo de infraestruturas. Estas solu\u00e7\u00f5es permitem uma constru\u00e7\u00e3o mais r\u00e1pida, segura e resiliente, com certifica\u00e7\u00f5es de elevado desempenho e uma menor pegada de carbono.<\/p>\n<p>A proposta da Saint-Gobain para centros de dados inclui pain\u00e9is sandwich pr\u00e9-fabricados, grelhas estruturais de f\u00e1cil instala\u00e7\u00e3o para pavimentos t\u00e9cnicos sobrelevados capazes de alojar cablagem de grande di\u00e2metro, argamassas de regulariza\u00e7\u00e3o e revestimentos antiest\u00e1ticos para pavimentos, solu\u00e7\u00f5es de envidra\u00e7ados e isolamento com resist\u00eancia ao fogo, tubagens em pol\u00edmero de elevado desempenho para sistemas de arrefecimento, certifica\u00e7\u00f5es e garantias, aditivos para bet\u00e3o de baixa pegada de carbono e vidro de baixo carbono.<\/p>\n<p><strong>Ursula Soritsch-Renier, Diretora Digital e de Sistemas de Informa\u00e7\u00e3o do Grupo Saint-Gobain<\/strong>, afirma que \u201ceste acordo-quadro com a Microsoft reflete a nossa ambi\u00e7\u00e3o de acelerar a transforma\u00e7\u00e3o da Saint-Gobain atrav\u00e9s das tecnologias digitais e da intelig\u00eancia artificial, enquanto refor\u00e7amos a nossa lideran\u00e7a na constru\u00e7\u00e3o sustent\u00e1vel. Ao combinar a nossa experi\u00eancia em materiais avan\u00e7ados com as capacidades de cloud e IA da Microsoft, pretendemos disponibilizar solu\u00e7\u00f5es inovadoras aos nossos clientes e apoiar o desenvolvimento de infraestruturas de nova gera\u00e7\u00e3o e de baixo carbono\u201d.<\/p>\n<p>Por sua vez, <strong>Declan McNulty, vice-presidente de Opera\u00e7\u00f5es na Cloud e Gest\u00e3o Global de Contratos de Inova\u00e7\u00e3o da Microsoft<\/strong>, refere que \u201co compromisso hist\u00f3rico da Saint-Gobain com a inova\u00e7\u00e3o sustent\u00e1vel est\u00e1 plenamente alinhado com a nossa abordagem de crescimento respons\u00e1vel. Esperamos explorar de que forma os produtos e solu\u00e7\u00f5es sustent\u00e1veis da Saint-Gobain podem contribuir para as nossas futuras iniciativas e ajudar-nos a desenvolver infraestruturas resilientes, eficientes e com menor impacto ambiental em grande escala\u201d.<\/p>\n","protected":false},"excerpt":{"rendered":"A Saint-Gobain celebrou um acordo estrat\u00e9gico com a Microsoft, com o objetivo de acelerar a transforma\u00e7\u00e3o digital do&hellip;\n","protected":false},"author":2,"featured_media":502318,"comment_status":"","ping_status":"","sticky":false,"template":"","format":"standard","meta":{"footnotes":"","_share_on_mastodon":"0"},"categories":[84],"tags":[109,107,108,63459,933,906,32,33,80509,105,103,104,106,110],"class_list":["post-502317","post","type-post","status-publish","format-standard","has-post-thumbnail","category-ciencia-e-tecnologia","tag-ciencia","tag-ciencia-e-tecnologia","tag-cienciaetecnologia","tag-construcao-sustentavel","tag-inteligencia-artificial","tag-microsoft","tag-portugal","tag-pt","tag-saint-gobain","tag-science","tag-science-and-technology","tag-scienceandtechnology","tag-technology","tag-tecnologia"],"share_on_mastodon":{"url":"https:\/\/pubeurope.com\/@pt\/117166926011221315","error":""},"_links":{"self":[{"href":"https:\/\/www.europesays.com\/pt\/wp-json\/wp\/v2\/posts\/502317","targetHints":{"allow":["GET"]}}],"collection":[{"href":"https:\/\/www.europesays.com\/pt\/wp-json\/wp\/v2\/posts"}],"about":[{"href":"https:\/\/www.europesays.com\/pt\/wp-json\/wp\/v2\/types\/post"}],"author":[{"embeddable":true,"href":"https:\/\/www.europesays.com\/pt\/wp-json\/wp\/v2\/users\/2"}],"replies":[{"embeddable":true,"href":"https:\/\/www.europesays.com\/pt\/wp-json\/wp\/v2\/comments?post=502317"}],"version-history":[{"count":0,"href":"https:\/\/www.europesays.com\/pt\/wp-json\/wp\/v2\/posts\/502317\/revisions"}],"wp:featuredmedia":[{"embeddable":true,"href":"https:\/\/www.europesays.com\/pt\/wp-json\/wp\/v2\/media\/502318"}],"wp:attachment":[{"href":"https:\/\/www.europesays.com\/pt\/wp-json\/wp\/v2\/media?parent=502317"}],"wp:term":[{"taxonomy":"category","embeddable":true,"href":"https:\/\/www.europesays.com\/pt\/wp-json\/wp\/v2\/categories?post=502317"},{"taxonomy":"post_tag","embeddable":true,"href":"https:\/\/www.europesays.com\/pt\/wp-json\/wp\/v2\/tags?post=502317"}],"curies":[{"name":"wp","href":"https:\/\/api.w.org\/{rel}","templated":true}]}}