{"id":50233,"date":"2025-08-29T14:34:06","date_gmt":"2025-08-29T14:34:06","guid":{"rendered":"https:\/\/www.europesays.com\/pt\/50233\/"},"modified":"2025-08-29T14:34:06","modified_gmt":"2025-08-29T14:34:06","slug":"emocionada-tata-werneck-relembra-ajuda-do-pai-para-sair-de-relacao-toxica-televisao","status":"publish","type":"post","link":"https:\/\/www.europesays.com\/pt\/50233\/","title":{"rendered":"Emocionada, Tat\u00e1 Werneck relembra ajuda do pai para sair de rela\u00e7\u00e3o t\u00f3xica | Televis\u00e3o"},"content":{"rendered":"<p>                                        Tat\u00e1 Werneck &#8211; Reprodu\u00e7\u00e3o de v\u00eddeo<\/p>\n<p class=\"content-media__description\">Tat\u00e1 WerneckReprodu\u00e7\u00e3o de v\u00eddeo<\/p>\n<p>                            Publicado 29\/08\/2025 09:21\n                    <\/p>\n<p>Rio &#8211; Tat\u00e1 Werneck, de 42 anos, contou que j\u00e1 teve a ajuda do pai,\u00a0Alberto Arguelhes, para sair de um relacionamento abusivo. A revela\u00e7\u00e3o foi feita durante o quadro &#8220;Pai Rico, Pai Presente&#8221;, do &#8220;Lady Night&#8221;, comandado por ela, no Multishow. Emocionada, a apresentadora explicou como foi o ocorrido.\u00a0<\/p>\n<p>&#8220;Agora eu vou falar uma coisa aqui fofa. Eu j\u00e1 vivi uma rela\u00e7\u00e3o t\u00f3xica. O meu pai terminou a rela\u00e7\u00e3o por mim, porque eu n\u00e3o conseguia sair&#8221;, afirmou Tat\u00e1, nesta quarta-feira (27).<\/p>\n<p>&#8220;\u00c9 verdade. Eu n\u00e3o conseguia sair de uma rela\u00e7\u00e3o abusiva que eu vivi e o meu pai terminou uma rela\u00e7\u00e3o por mim. Ele falou [pro meu namorado]: \u2018Voc\u00ea vai entender que essa mulher tem pai\u2019. Juro&#8221;, completou.<\/p>\n<p>Assista:\u00a0<\/p>\n<blockquote class=\"twitter-tweet\" data-media-max-width=\"560\"><p>&#13;<\/p>\n<p dir=\"ltr\" lang=\"pt\">Porque Lady Night tamb\u00e9m \u00e9 emo\u00e7\u00e3o, meus amores! <\/p>\n<p>Esse momento da <a href=\"https:\/\/twitter.com\/Tatawerneck?ref_src=twsrc%5Etfw\" rel=\"nofollow noopener\" target=\"_blank\">@Tatawerneck<\/a> falando sobre o pai para o <a href=\"https:\/\/twitter.com\/eumcdaniell?ref_src=twsrc%5Etfw\" rel=\"nofollow noopener\" target=\"_blank\">@eumcdaniell<\/a> foi muito especial!<\/p>\n<p>Assista ao <a href=\"https:\/\/twitter.com\/hashtag\/LadyNight?src=hash&amp;ref_src=twsrc%5Etfw\" rel=\"nofollow noopener\" target=\"_blank\">#LadyNight<\/a>, de segunda a sexta, \u00e0s 22h30, no Multishow e no <a href=\"https:\/\/twitter.com\/globoplay?ref_src=twsrc%5Etfw\" rel=\"nofollow noopener\" target=\"_blank\">@globoplay<\/a>! <a href=\"https:\/\/t.co\/TOKXEKfVtC\" rel=\"nofollow\">pic.twitter.com\/TOKXEKfVtC<\/a><\/p>\n<p>&#13;<br \/>\n\u2014 Multishow (@multishow) <a href=\"https:\/\/twitter.com\/multishow\/status\/1960783014603968930?ref_src=twsrc%5Etfw\" rel=\"nofollow noopener\" target=\"_blank\">August 27, 2025<\/a><\/p><\/blockquote>\n<p>                                    <script async src=\"https:\/\/platform.twitter.com\/widgets.js\" charset=\"utf-8\"><\/script><\/p>\n","protected":false},"excerpt":{"rendered":"Tat\u00e1 Werneck &#8211; Reprodu\u00e7\u00e3o de v\u00eddeo Tat\u00e1 WerneckReprodu\u00e7\u00e3o de v\u00eddeo Publicado 29\/08\/2025 09:21 Rio &#8211; Tat\u00e1 Werneck, de&hellip;\n","protected":false},"author":2,"featured_media":50234,"comment_status":"","ping_status":"","sticky":false,"template":"","format":"standard","meta":{"footnotes":""},"categories":[145],"tags":[14756,211,210,114,115,10562,32,33,14757,1136],"class_list":{"0":"post-50233","1":"post","2":"type-post","3":"status-publish","4":"format-standard","5":"has-post-thumbnail","7":"category-celebridades","8":"tag-ajuda","9":"tag-celebridades","10":"tag-celebrities","11":"tag-entertainment","12":"tag-entretenimento","13":"tag-pai","14":"tag-portugal","15":"tag-pt","16":"tag-relacionamento-abusivo","17":"tag-tata-werneck"},"share_on_mastodon":{"url":"","error":""},"_links":{"self":[{"href":"https:\/\/www.europesays.com\/pt\/wp-json\/wp\/v2\/posts\/50233","targetHints":{"allow":["GET"]}}],"collection":[{"href":"https:\/\/www.europesays.com\/pt\/wp-json\/wp\/v2\/posts"}],"about":[{"href":"https:\/\/www.europesays.com\/pt\/wp-json\/wp\/v2\/types\/post"}],"author":[{"embeddable":true,"href":"https:\/\/www.europesays.com\/pt\/wp-json\/wp\/v2\/users\/2"}],"replies":[{"embeddable":true,"href":"https:\/\/www.europesays.com\/pt\/wp-json\/wp\/v2\/comments?post=50233"}],"version-history":[{"count":0,"href":"https:\/\/www.europesays.com\/pt\/wp-json\/wp\/v2\/posts\/50233\/revisions"}],"wp:featuredmedia":[{"embeddable":true,"href":"https:\/\/www.europesays.com\/pt\/wp-json\/wp\/v2\/media\/50234"}],"wp:attachment":[{"href":"https:\/\/www.europesays.com\/pt\/wp-json\/wp\/v2\/media?parent=50233"}],"wp:term":[{"taxonomy":"category","embeddable":true,"href":"https:\/\/www.europesays.com\/pt\/wp-json\/wp\/v2\/categories?post=50233"},{"taxonomy":"post_tag","embeddable":true,"href":"https:\/\/www.europesays.com\/pt\/wp-json\/wp\/v2\/tags?post=50233"}],"curies":[{"name":"wp","href":"https:\/\/api.w.org\/{rel}","templated":true}]}}