{"id":502359,"date":"2026-08-27T10:52:47","date_gmt":"2026-08-27T10:52:47","guid":{"rendered":"https:\/\/www.europesays.com\/pt\/502359\/"},"modified":"2026-08-27T10:52:47","modified_gmt":"2026-08-27T10:52:47","slug":"aleitamento-materno-desafia-conciliar-amamentacao-e-trabalho","status":"publish","type":"post","link":"https:\/\/www.europesays.com\/pt\/502359\/","title":{"rendered":"Aleitamento materno desafia conciliar amamenta\u00e7\u00e3o e trabalho"},"content":{"rendered":"<p>\n                                                                                                            Apoiado no <strong>m\u00eas de conscientiza\u00e7\u00e3o e incentivo ao aleitamento materno<\/strong>, o Agosto Dourado, \u00e9 percebida a <strong>dificuldade que diversas mulheres apresentam ao terem que conciliar a amamenta\u00e7\u00e3o junto ao trabalho<\/strong>. Segundo a Organiza\u00e7\u00e3o Mundial da Sa\u00fade (OMS), \u00e9 recomendado que as crian\u00e7as sejam amamentadas <strong>exclusivamente nos primeiros seis meses de vida<\/strong>, mantendo a amamenta\u00e7\u00e3o junto \u00e0 introdu\u00e7\u00e3o alimentar at\u00e9 os dois anos de idade ou mais.                                                                                                    <\/p>\n<p>Continue sua leitura, escolha seu plano agora!<\/p>\n","protected":false},"excerpt":{"rendered":"Apoiado no m\u00eas de conscientiza\u00e7\u00e3o e incentivo ao aleitamento materno, o Agosto Dourado, \u00e9 percebida a dificuldade que&hellip;\n","protected":false},"author":2,"featured_media":502360,"comment_status":"","ping_status":"","sticky":false,"template":"","format":"standard","meta":{"footnotes":"","_share_on_mastodon":"0"},"categories":[86],"tags":[10211,64784,7722,3765,80517,116,32,33,2946,117,849],"class_list":["post-502359","post","type-post","status-publish","format-standard","has-post-thumbnail","category-saude","tag-aleitamento-materno","tag-amamentau00e7u00e3o","tag-desenvolvimento-infantil","tag-empreendedorismo","tag-fu00f3rmulas-infantis","tag-health","tag-portugal","tag-pt","tag-sau00fade","tag-saude","tag-trabalho"],"share_on_mastodon":{"url":"https:\/\/pubeurope.com\/@pt\/117167098857735365","error":""},"_links":{"self":[{"href":"https:\/\/www.europesays.com\/pt\/wp-json\/wp\/v2\/posts\/502359","targetHints":{"allow":["GET"]}}],"collection":[{"href":"https:\/\/www.europesays.com\/pt\/wp-json\/wp\/v2\/posts"}],"about":[{"href":"https:\/\/www.europesays.com\/pt\/wp-json\/wp\/v2\/types\/post"}],"author":[{"embeddable":true,"href":"https:\/\/www.europesays.com\/pt\/wp-json\/wp\/v2\/users\/2"}],"replies":[{"embeddable":true,"href":"https:\/\/www.europesays.com\/pt\/wp-json\/wp\/v2\/comments?post=502359"}],"version-history":[{"count":0,"href":"https:\/\/www.europesays.com\/pt\/wp-json\/wp\/v2\/posts\/502359\/revisions"}],"wp:featuredmedia":[{"embeddable":true,"href":"https:\/\/www.europesays.com\/pt\/wp-json\/wp\/v2\/media\/502360"}],"wp:attachment":[{"href":"https:\/\/www.europesays.com\/pt\/wp-json\/wp\/v2\/media?parent=502359"}],"wp:term":[{"taxonomy":"category","embeddable":true,"href":"https:\/\/www.europesays.com\/pt\/wp-json\/wp\/v2\/categories?post=502359"},{"taxonomy":"post_tag","embeddable":true,"href":"https:\/\/www.europesays.com\/pt\/wp-json\/wp\/v2\/tags?post=502359"}],"curies":[{"name":"wp","href":"https:\/\/api.w.org\/{rel}","templated":true}]}}