{"id":50239,"date":"2025-08-29T14:37:18","date_gmt":"2025-08-29T14:37:18","guid":{"rendered":"https:\/\/www.europesays.com\/pt\/50239\/"},"modified":"2025-08-29T14:37:18","modified_gmt":"2025-08-29T14:37:18","slug":"veja-resumo-do-capitulo-desta-sexta-feira","status":"publish","type":"post","link":"https:\/\/www.europesays.com\/pt\/50239\/","title":{"rendered":"veja resumo do cap\u00edtulo desta sexta-feira"},"content":{"rendered":"<p class=\"bullet mt-0\" data-v-232111b4=\"\">Veja a seguir tudo o que vai acontecer no cap\u00edtulo desta sexta-feira (29) em &#8220;Dona de Mim&#8221; (Globo).<\/p>\n<p>O que vai acontecer<\/p>\n<p itemprop=\"description\" class=\"bullet\" data-v-232111b4=\"\">Rangel afasta Palmeira de seus servi\u00e7os. Deco chega ao sal\u00e3o de Ryan. Nina se preocupa com a anima\u00e7\u00e3o de Filipa. Leo conversa com Jade, que tenta ajudar Stephany. Marlon aconselha Lucas a pensar em competir. Jeff v\u00ea Deco com Vespa e pensa em avisar a Nina. Leo salva Marlon de um atentado de Palmeira, e Jussara agradece \u00e0 mo\u00e7a. Kami questiona Marlon sobre seus planos para o relacionamento dos dois. Samuel promete levar Sofia para visitar Leo, e Rosa pede para acompanh\u00e1-los. Jaques confunde Filipa com Ol\u00edvia. Deco pressiona Nina para devolver sua mercadoria. Sofia pergunta a Leo por que ela nunca mais foi \u00e0 mans\u00e3o.<\/p>\n","protected":false},"excerpt":{"rendered":"Veja a seguir tudo o que vai acontecer no cap\u00edtulo desta sexta-feira (29) em &#8220;Dona de Mim&#8221; (Globo).&hellip;\n","protected":false},"author":2,"featured_media":50240,"comment_status":"","ping_status":"","sticky":false,"template":"","format":"standard","meta":{"footnotes":""},"categories":[142],"tags":[114,115,32,33,151],"class_list":{"0":"post-50239","1":"post","2":"type-post","3":"status-publish","4":"format-standard","5":"has-post-thumbnail","7":"category-tv","8":"tag-entertainment","9":"tag-entretenimento","10":"tag-portugal","11":"tag-pt","12":"tag-tv"},"share_on_mastodon":{"url":"","error":""},"_links":{"self":[{"href":"https:\/\/www.europesays.com\/pt\/wp-json\/wp\/v2\/posts\/50239","targetHints":{"allow":["GET"]}}],"collection":[{"href":"https:\/\/www.europesays.com\/pt\/wp-json\/wp\/v2\/posts"}],"about":[{"href":"https:\/\/www.europesays.com\/pt\/wp-json\/wp\/v2\/types\/post"}],"author":[{"embeddable":true,"href":"https:\/\/www.europesays.com\/pt\/wp-json\/wp\/v2\/users\/2"}],"replies":[{"embeddable":true,"href":"https:\/\/www.europesays.com\/pt\/wp-json\/wp\/v2\/comments?post=50239"}],"version-history":[{"count":0,"href":"https:\/\/www.europesays.com\/pt\/wp-json\/wp\/v2\/posts\/50239\/revisions"}],"wp:featuredmedia":[{"embeddable":true,"href":"https:\/\/www.europesays.com\/pt\/wp-json\/wp\/v2\/media\/50240"}],"wp:attachment":[{"href":"https:\/\/www.europesays.com\/pt\/wp-json\/wp\/v2\/media?parent=50239"}],"wp:term":[{"taxonomy":"category","embeddable":true,"href":"https:\/\/www.europesays.com\/pt\/wp-json\/wp\/v2\/categories?post=50239"},{"taxonomy":"post_tag","embeddable":true,"href":"https:\/\/www.europesays.com\/pt\/wp-json\/wp\/v2\/tags?post=50239"}],"curies":[{"name":"wp","href":"https:\/\/api.w.org\/{rel}","templated":true}]}}