{"id":502397,"date":"2026-08-27T11:27:23","date_gmt":"2026-08-27T11:27:23","guid":{"rendered":"https:\/\/www.europesays.com\/pt\/502397\/"},"modified":"2026-08-27T11:27:23","modified_gmt":"2026-08-27T11:27:23","slug":"mestre-das-fugas-da-prisao-albanes-capturado-em-tarragona-observador","status":"publish","type":"post","link":"https:\/\/www.europesays.com\/pt\/502397\/","title":{"rendered":"&#8220;Mestre das fugas&#8221; da pris\u00e3o alban\u00eas capturado em Tarragona \u2013 Observador"},"content":{"rendered":"<p>As autoridades espanholas anunciaram esta quarta-feira a captura de um cidad\u00e3o alban\u00eas conhecido por j\u00e1 ter escapado de quatro pris\u00f5es diferentes recorrendo a t\u00e9cnicas como usar serras para cortar as grades da sua cela e descer edif\u00edcios com len\u00e7\u00f3is atados em n\u00f3s.<\/p>\n<p>A Pol\u00edcia Nacional de Espanha n\u00e3o divulgou a identidade do homem de 42 anos detido na cidade de Tarragona, na Catalunha, tratando-o apenas pelas iniciais TT. No entanto, tanto o <a href=\"https:\/\/elpais.com\/espana\/catalunya\/2026-08-26\/la-policia-nacional-detiene-en-tarragona-a-taulant-toma-el-maestro-de-las-fugas.html\" rel=\"nofollow noopener\" target=\"_blank\">El Pa\u00eds<\/a> como o <a href=\"https:\/\/www.theguardian.com\/world\/2026\/aug\/26\/escape-wizard-albanian-fugitive-toma-taulant-arrested-spain-after-breaking-out-of-four-jails\" rel=\"nofollow noopener\" target=\"_blank\">The Guardian<\/a> confirmaram tratar-se de Taulant Toma, um criminoso alban\u00eas alvo de um mandado de deten\u00e7\u00e3o europeu emitido por It\u00e1lia ap\u00f3s ter fugido de uma pris\u00e3o de alta seguran\u00e7a em dezembro de 2025.<\/p>\n<p>Considerado extremamente perigoso, Toma estava a cumprir uma pena at\u00e9 2048 por crimes como assalto com viol\u00eancia, furto e tr\u00e1fico de droga quando se escapou do c\u00e1rcere em Opera, a sul de Mil\u00e3o. Foram as pr\u00f3prias autoridades espanholas a trat\u00e1-lo como \u201co mestre das fugas\u201d prisionais, uma alcunha popularizada pela imprensa italiana por j\u00e1 ter fugido em mais do que uma ocasi\u00e3o de estabelecimentos prisionais.<\/p>\n<p>\u201cFugiu de uma pris\u00e3o em Terni, na \u00dambria, em 2009, de uma pris\u00e3o em Parma, em 2013, e de uma pris\u00e3o belga nesse mesmo ano, <strong>depois de usar uma pir\u00e2mide humana para escalar o muro<\/strong>\u201c, afirmou a pol\u00edcia em comunicado citado pelo jornal brit\u00e2nico. \u201cA sua mais recente fuga, em dezembro de 2025, ocorreu depois de ter conseguido escapar de uma pris\u00e3o de seguran\u00e7a m\u00e1xima em It\u00e1lia, ap\u00f3s ter serrado as grades e ter descido pela janela com len\u00e7\u00f3is atados\u201d, adiantou a Pol\u00edcia Nacional espanhola, admitindo que o caso \u201cparece algo sa\u00eddo de um filme\u201d, mas que, por vezes, \u201ca realidade supera a fic\u00e7\u00e3o\u201d.<\/p>\n<p>Dadas as suas capacidades de fuga e predisposi\u00e7\u00e3o para a viol\u00eancia, a Pol\u00edcia Nacional confirmou \u00e0 imprensa espanhola que a deten\u00e7\u00e3o \u2014 ocorrida no dia 23 mas apenas divulgada esta quarta-feira \u2014 decorreu com o m\u00e1ximo de cautela poss\u00edvel e que o visado ofereceu resist\u00eancia. \u201cImobiliz\u00e1mo-lo e, imediatamente, come\u00e7ou a chegar mais gente; algem\u00e1mo-lo como pudemos e partimos\u201d, admitiu o inspetor-chefe respons\u00e1vel pela opera\u00e7\u00e3o em Tarragona ao El Pa\u00eds.<\/p>\n<p>J\u00e1 no comunicado oficial, as autoridades afirmam que Toma ofereceu \u201cforte e ativa resist\u00eancia\u201d no momento da deten\u00e7\u00e3o, fruto tamb\u00e9m dos seus associados criminais. \u201c<strong>O homem estava acompanhado por v\u00e1rios compatriotas que tentaram impedir a sua deten\u00e7\u00e3o<\/strong>, incluindo um sujeito que agrediu e feriu dois agentes\u201d, informa a pol\u00edcia, que confirmou ainda estar \u00e0 procura do agressor, sublinhando no entanto que j\u00e1 tinha recuperado uma pistola Sig Sauer abandonada durante a opera\u00e7\u00e3o por um dos c\u00famplices.<\/p>\n<p>As autoridades estimavam que Toma j\u00e1 se tivesse refugiado em Espanha desde janeiro, mas s\u00f3 montaram o dispositivo para captur\u00e1-lo nos \u00faltimos dias. O respons\u00e1vel pela opera\u00e7\u00e3o revelou que Toma trazia consigo documenta\u00e7\u00e3o falsa que dava a entender que tinha sido detido em Girona por posse de armas e explosivos. \u201cEstava muito bem feita, mas t\u00ednhamos uma descri\u00e7\u00e3o f\u00edsica, com tatuagens muito caracter\u00edsticas e uma cicatriz profunda na bochecha direita. N\u00e3o havia d\u00favida de que era ele\u201d, afirmou. Tamb\u00e9m foram confiscadas duas notas de 500 euros ao suspeito, com as autoridades a enviarem ambas para o Banco de Espanha para confirmar a sua autenticidade.<\/p>\n<p>Tendo-lhe sido negada liberdade sob fian\u00e7a, Taulant Toma encontra-se neste momento detido na pris\u00e3o de Mas d\u2019Enric enquanto aguarda a extradi\u00e7\u00e3o para It\u00e1lia. Ao El Pa\u00eds, o inspetor garante que j\u00e1 tomou as precau\u00e7\u00f5es para que o alban\u00eas n\u00e3o some a sua quinta fuga. \u201cJ\u00e1 os alert\u00e1mos para o perfil que ele tem\u201d, adiantou.<\/p>\n<p dir=\"ltr\"><strong>[De regresso a Portugal, Carvalh\u00e3o Gil garante que n\u00e3o se vendeu aos russos e que nem sequer sabia que o homem com quem foi detido trabalhava para o SVR. Para ele, era s\u00f3 um \u201cparceiro de neg\u00f3cios\u201d. Mas as buscas \u00e0s casas do espi\u00e3o contam uma hist\u00f3ria diferente: a PJ encontra milhares de euros escondidos em casacos, gavetas e envelopes; dezenas de documentos secretos espalhados pelas v\u00e1rias divis\u00f5es; e at\u00e9 um rev\u00f3lver dissimulado numa estante. J\u00e1 est\u00e1 dispon\u00edvel o quinto epis\u00f3dio do novo Podcast Plus \u201cA Vida Dupla do Espi\u00e3o Traidor\u201d. Pode ouvir no\u00a0<a href=\"https:\/\/observador.pt\/programas\/a-vida-dupla-do-espio-traidor\/episodio-5-um-maco-de-notas-verdes\/\" rel=\"nofollow noopener\" target=\"_blank\">site do Observador<\/a>, na<a href=\"https:\/\/podcasts.apple.com\/pt\/podcast\/epis%C3%B3dio-5-um-ma%C3%A7o-de-notas-verdes\/id6792864997?i=1000785615501\" rel=\"nofollow noopener\" target=\"_blank\">\u00a0Apple Podcasts<\/a>, no\u00a0<a href=\"https:\/\/open.spotify.com\/episode\/0bV3kZduZPEtfcf406MUe0\" rel=\"nofollow noopener\" target=\"_blank\">Spotify\u00a0<\/a>e no<a href=\"https:\/\/www.youtube.com\/watch?v=GuHo5ZaBCyk&amp;list=PLd6-ASW8hah4&amp;index=1\" rel=\"nofollow noopener\" target=\"_blank\">\u00a0YouTube<\/a>.]<\/strong><\/p>\n<p dir=\"ltr\"><a href=\"https:\/\/observador.pt\/programas\/a-vida-dupla-do-espio-traidor\/episodio-5-um-maco-de-notas-verdes\/\" rel=\"nofollow noopener\" target=\"_blank\"><\/p>\n<p>        <img src=\"https:\/\/www.europesays.com\/pt\/wp-content\/uploads\/2026\/08\/1787830043_934_770-a-vida-dupla-do-espiao-traidor-iconplay.png\" alt=\"\" loading=\"lazy\" decoding=\"async\" class=\"alignnone\" onload=\"this.parentElement.classList.remove('spinner')\" onerror=\"this.parentElement.classList.remove('spinner')\" width=\"770\" height=\"433\"\/>    <\/p>\n<p><\/a><\/p>\n","protected":false},"excerpt":{"rendered":"As autoridades espanholas anunciaram esta quarta-feira a captura de um cidad\u00e3o alban\u00eas conhecido por j\u00e1 ter escapado de&hellip;\n","protected":false},"author":2,"featured_media":502398,"comment_status":"","ping_status":"","sticky":false,"template":"","format":"standard","meta":{"footnotes":"","_share_on_mastodon":"0"},"categories":[50],"tags":[72253,27,28,640,445,15,16,14,4506,25,26,21,22,62,12,13,19,20,23,24,17,18,29,30,31,63,64,65],"class_list":["post-502397","post","type-post","status-publish","format-standard","has-post-thumbnail","category-mundo","tag-albu00e2nia","tag-breaking-news","tag-breakingnews","tag-espanha","tag-europa","tag-featured-news","tag-featurednews","tag-headlines","tag-itu00e1lia","tag-latest-news","tag-latestnews","tag-main-news","tag-mainnews","tag-mundo","tag-news","tag-noticias","tag-noticias-principais","tag-noticiasprincipais","tag-principais-noticias","tag-principaisnoticias","tag-top-stories","tag-topstories","tag-ultimas","tag-ultimas-noticias","tag-ultimasnoticias","tag-world","tag-world-news","tag-worldnews"],"share_on_mastodon":{"url":"https:\/\/pubeurope.com\/@pt\/117167237343551042","error":""},"_links":{"self":[{"href":"https:\/\/www.europesays.com\/pt\/wp-json\/wp\/v2\/posts\/502397","targetHints":{"allow":["GET"]}}],"collection":[{"href":"https:\/\/www.europesays.com\/pt\/wp-json\/wp\/v2\/posts"}],"about":[{"href":"https:\/\/www.europesays.com\/pt\/wp-json\/wp\/v2\/types\/post"}],"author":[{"embeddable":true,"href":"https:\/\/www.europesays.com\/pt\/wp-json\/wp\/v2\/users\/2"}],"replies":[{"embeddable":true,"href":"https:\/\/www.europesays.com\/pt\/wp-json\/wp\/v2\/comments?post=502397"}],"version-history":[{"count":0,"href":"https:\/\/www.europesays.com\/pt\/wp-json\/wp\/v2\/posts\/502397\/revisions"}],"wp:featuredmedia":[{"embeddable":true,"href":"https:\/\/www.europesays.com\/pt\/wp-json\/wp\/v2\/media\/502398"}],"wp:attachment":[{"href":"https:\/\/www.europesays.com\/pt\/wp-json\/wp\/v2\/media?parent=502397"}],"wp:term":[{"taxonomy":"category","embeddable":true,"href":"https:\/\/www.europesays.com\/pt\/wp-json\/wp\/v2\/categories?post=502397"},{"taxonomy":"post_tag","embeddable":true,"href":"https:\/\/www.europesays.com\/pt\/wp-json\/wp\/v2\/tags?post=502397"}],"curies":[{"name":"wp","href":"https:\/\/api.w.org\/{rel}","templated":true}]}}