{"id":502417,"date":"2026-08-27T11:54:12","date_gmt":"2026-08-27T11:54:12","guid":{"rendered":"https:\/\/www.europesays.com\/pt\/502417\/"},"modified":"2026-08-27T11:54:12","modified_gmt":"2026-08-27T11:54:12","slug":"saude-bucal-ruim-aumenta-risco-de-doenca-renal-cronica-27-08-2026-equilibrio-e-saude","status":"publish","type":"post","link":"https:\/\/www.europesays.com\/pt\/502417\/","title":{"rendered":"Sa\u00fade bucal ruim aumenta risco de doen\u00e7a renal cr\u00f4nica &#8211; 27\/08\/2026 &#8211; Equil\u00edbrio e Sa\u00fade"},"content":{"rendered":"<p>Quem mant\u00e9m a <a href=\"https:\/\/www1.folha.uol.com.br\/equilibrio\/2024\/07\/conheca-os-melhores-e-piores-habitos-para-sua-saude-bucal.shtml\" rel=\"nofollow noopener\" target=\"\">sa\u00fade bucal <\/a>em dia pode exibir um sorriso bonito e, talvez at\u00e9 sem saber, colher benef\u00edcios em outra parte do corpo: os rins. Na mesma propor\u00e7\u00e3o, o descuido com a boca pode ocasionar problemas com o sistema renal. Essa associa\u00e7\u00e3o \u00e9 a conclus\u00e3o de uma pesquisa em andamento no Programa de P\u00f3s-Gradua\u00e7\u00e3o em Fisiopatologia em Cl\u00ednica M\u00e9dica, da FMB (Faculdade de <a href=\"https:\/\/www1.folha.uol.com.br\/folha-topicos\/medicina\/\" rel=\"nofollow noopener\" target=\"_blank\">Medicina<\/a> de <a href=\"https:\/\/www1.folha.uol.com.br\/folha-topicos\/botucatu\/\" rel=\"nofollow noopener\" target=\"_blank\">Botucatu<\/a>) da <a href=\"https:\/\/www1.folha.uol.com.br\/folha-topicos\/unesp\/\" rel=\"nofollow noopener\" target=\"_blank\">Unesp<\/a> (Universidade Estadual Paulista).<\/p>\n<p>Entender essa rela\u00e7\u00e3o \u00e9 mais uma ferramenta na preven\u00e7\u00e3o \u00e0 <a href=\"https:\/\/www1.folha.uol.com.br\/equilibrioesaude\/2026\/03\/doenca-renal-avanca-no-pais-e-expoe-gargalos-de-acesso-a-diagnostico-precoce-e-a-dialise.shtml\" rel=\"nofollow noopener\" target=\"\">doen\u00e7a renal cr\u00f4nica (DRC)<\/a>, a perda irrevers\u00edvel e progressiva do funcionamento dos rins, que afeta cerca de 10% da popula\u00e7\u00e3o, ou 20 milh\u00f5es de brasileiros. Por isso, s\u00e3o frequentes as campanhas de conscientiza\u00e7\u00e3o, como a do Dia Nacional da Di\u00e1lise, celebrado todos os anos no dia 27 de agosto.<\/p>\n<p>O estudo, que \u00e9 parte do doutorado de Lilian de Oliveira Silva Mac\u00eado, baseou-se nos dados da Pesquisa Nacional de <a href=\"https:\/\/www1.folha.uol.com.br\/folha-topicos\/saude\/\" rel=\"nofollow noopener\" target=\"_blank\">Sa\u00fade<\/a> (PNS) de 2019. Realizada pelo <a href=\"https:\/\/www1.folha.uol.com.br\/folha-topicos\/ibge\/\" rel=\"nofollow noopener\" target=\"_blank\">IBGE<\/a> (Instituto Brasileiro de Geografia e Estat\u00edstica) em parceria com o <a href=\"https:\/\/www1.folha.uol.com.br\/folha-topicos\/ministerio-da-saude\/\" rel=\"nofollow noopener\" target=\"_blank\">Minist\u00e9rio da Sa\u00fade<\/a>, a PNS coletou informa\u00e7\u00f5es sobre as condi\u00e7\u00f5es de sa\u00fade, h\u00e1bitos de vida e acesso a servi\u00e7os de sa\u00fade de 279.382 brasileiros, representando uma popula\u00e7\u00e3o ponderada de mais de 209 milh\u00f5es de pessoas.<\/p>\n<p>A partir desse banco de dados, a pesquisadora selecionou os pacientes que declararam ter recebido o diagn\u00f3stico de doen\u00e7a renal cr\u00f4nica de um m\u00e9dico. E, posteriormente, as informa\u00e7\u00f5es que esses mesmos indiv\u00edduos relataram sobre a pr\u00f3pria condi\u00e7\u00e3o de sa\u00fade bucal. O trabalho foi orientado pelo m\u00e9dico nefrologista Luis Gustavo Modelli de Andrade, docente do Programa de P\u00f3s-gradua\u00e7\u00e3o em Fisiopatologia em Cl\u00ednica M\u00e9dica e chefe do setor de transplante renal do Hospital das Cl\u00ednicas da FMB.<\/p>\n<p>Em compara\u00e7\u00e3o com indiv\u00edduos que avaliaram a sa\u00fade bucal como boa, aqueles que a classificaram como regular apresentaram 1,63 vezes mais chances de apresentar DRC. J\u00e1 os brasileiros que informaram sa\u00fade bucal ruim apresentaram chance 2,02 vezes maior de relatar a doen\u00e7a, mesmo ap\u00f3s ajustes estat\u00edsticos de idade, sexo, ra\u00e7a e comorbidades como <a href=\"https:\/\/www1.folha.uol.com.br\/folha-topicos\/hipertensao\/\" rel=\"nofollow noopener\" target=\"_blank\">hipertens\u00e3o<\/a> e <a href=\"https:\/\/www1.folha.uol.com.br\/folha-topicos\/diabetes\/\" rel=\"nofollow noopener\" target=\"_blank\">diabetes<\/a>. Os resultados foram publicados na revista BMC Publica Health.<\/p>\n<p>Para complementar a an\u00e1lise, os pesquisadores ainda avaliaram outras tr\u00eas dimens\u00f5es complementares da sa\u00fade bucal: a estrutural, representada pela<a href=\"https:\/\/www1.folha.uol.com.br\/equilibrio\/2025\/12\/perda-de-dentes-em-idosos-piora-a-saude-e-aumenta-risco-de-morte.shtml\" rel=\"nofollow noopener\" target=\"\"> perda dent\u00e1ria<\/a>; a funcional, pela dificuldade de alimenta\u00e7\u00e3o em raz\u00e3o de problemas bucais; e a comportamental, avaliada pela <a href=\"https:\/\/www1.folha.uol.com.br\/equilibrio\/2026\/02\/por-que-escovar-os-dentes-sem-pressa-faz-diferenca-na-prevencao-da-carie.shtml\" rel=\"nofollow noopener\" target=\"\">frequ\u00eancia de escova\u00e7\u00e3o<\/a>. Em todas, a associa\u00e7\u00e3o com a doen\u00e7a renal cr\u00f4nica se manteve.<\/p>\n<p>Por exemplo, indiv\u00edduos que informaram a perda de dentes superiores e inferiores t\u00eam chance 30% maior de ter DRC. Aqueles que relataram dificuldade intensa ou muito intensa para se alimentar apresentaram o dobro de chance de ter DRC em compara\u00e7\u00e3o aos que n\u00e3o t\u00eam essa dificuldade. E quem escova os dentes tr\u00eas vezes ao dia reduz em at\u00e9 66% a chance de ter a doen\u00e7a, indicando que esse \u00e9 um fator de prote\u00e7\u00e3o importante.<\/p>\n<p>Na literatura m\u00e9dica, a <a href=\"https:\/\/www1.folha.uol.com.br\/equilibrio\/2025\/08\/5-coisas-que-especialistas-querem-que-voce-faca-para-ter-dentes-e-gengivas-saudaveis.shtml\" rel=\"nofollow noopener\" target=\"\">periodontite<\/a>, condi\u00e7\u00e3o inflamat\u00f3ria cr\u00f4nica que afeta as estruturas de suporte dos dentes, j\u00e1 havia sido associada \u00e0 doen\u00e7a renal cr\u00f4nica em raz\u00e3o da inflama\u00e7\u00e3o sist\u00eamica ocasionada.<\/p>\n<p>Em contrapartida, pacientes com DRC frequentemente apresentam fluxo salivar reduzido e altera\u00e7\u00f5es de tecidos em raz\u00e3o do ac\u00famulo de ureia e outros res\u00edduos no organismo pela perda da capacidade de filtrar o sangue. Nessa rela\u00e7\u00e3o bidirecional, o estudo da FMB, por sua vez, trouxe um retrato das condi\u00e7\u00f5es de sa\u00fade bucal e h\u00e1bitos dos brasileiros que t\u00eam o diagn\u00f3stico da doen\u00e7a.<\/p>\n<p>&#8220;Os resultados do estudo s\u00e3o bastante significativos em raz\u00e3o dessa base de dados bastante robusta que a PNS oferece. Ele levanta a possibilidade de haver uma rela\u00e7\u00e3o de causa e efeito entre sa\u00fade oral e doen\u00e7a renal cr\u00f4nica, mas ainda \u00e9 preciso fazer novos estudos para confirm\u00e1-la. De toda forma, os dados obtidos j\u00e1 s\u00e3o muito relevantes porque, a partir de agora, nas an\u00e1lises de pacientes com DRC no nosso servi\u00e7o passaremos a considerar a sa\u00fade oral como uma vari\u00e1vel a ser avaliada e medida. Porque hoje ela n\u00e3o \u00e9 considerada&#8221;, afirma Andrade.<\/p>\n<p>A import\u00e2ncia do acesso ao tratamento dental<\/p>\n<p>Al\u00e9m da associa\u00e7\u00e3o entre sa\u00fade bucal e doen\u00e7a renal cr\u00f4nica, o estudo trouxe um retrato importante sobre as condi\u00e7\u00f5es de <a href=\"https:\/\/www1.folha.uol.com.br\/equilibrio\/2026\/04\/tem-medo-de-ir-ao-dentista-saiba-como-superar-esse-trauma.shtml\" rel=\"nofollow noopener\" target=\"\">acesso do brasileiro a tratamentos dent\u00e1rios<\/a>.<\/p>\n<p>Do total de entrevistados, 49,4% relataram ter procurado um dentista no \u00faltimo ano. Mas 42,8% n\u00e3o se consultavam h\u00e1 mais de um ano e 7,7% nunca haviam sido avaliados por um especialista. Entre aqueles que tiveram acesso a atendimento odontol\u00f3gico, apenas 22,6% utilizaram servi\u00e7os p\u00fablicos por meio do <a href=\"https:\/\/www1.folha.uol.com.br\/folha-topicos\/sus\/\" rel=\"nofollow noopener\" target=\"_blank\">SUS<\/a> (Sistema \u00danico de Sa\u00fade).<\/p>\n<p>Para os pesquisadores, os resultados refor\u00e7am a necessidade de aproximar a aten\u00e7\u00e3o \u00e0 sa\u00fade bucal do acompanhamento de doen\u00e7as cr\u00f4nicas. A proposta inclui, especialmente, a\u00e7\u00f5es de preven\u00e7\u00e3o, orienta\u00e7\u00e3o sobre higiene bucal e encaminhamento para atendimento odontol\u00f3gico quando necess\u00e1rio.<\/p>\n<p>&#8220;Hoje, tenho facilidade em fazer o encaminhamento de um paciente na minha \u00e1rea [nefrologia]. Mas enfrento dificuldade de encaminhar esse mesmo paciente para uma avalia\u00e7\u00e3o dent\u00e1ria. E isso acontece at\u00e9 mesmo com pacientes com doen\u00e7a renal cr\u00f4nica de est\u00e1gio cinco, que est\u00e3o em <a href=\"https:\/\/www1.folha.uol.com.br\/equilibrioesaude\/2025\/03\/alternativa-a-hemodialise-da-mais-autonomia-a-pacientes-mas-e-subutilizada-no-sus.shtml\" rel=\"nofollow noopener\" target=\"\">di\u00e1lise<\/a>, e precisam de uma avalia\u00e7\u00e3o criteriosa da sa\u00fade bucal. Ent\u00e3o, ainda h\u00e1 uma barreira grande no acesso. Se melhorarmos essa quest\u00e3o, pode ser que tenhamos uma melhora em rela\u00e7\u00e3o \u00e0 progress\u00e3o da doen\u00e7a renal&#8221;, diz Andrade.<\/p>\n<p>Os fatores de risco da DRC mapeados pelo estudo<\/p>\n<p>A doen\u00e7a renal cr\u00f4nica \u00e9 considerada silenciosa. Na maior parte dos casos, os pacientes n\u00e3o apresentam sintomas nas fases iniciais. Isso \u00e9 poss\u00edvel porque os rins conseguem manter sua fun\u00e7\u00e3o mesmo com uma perda significativa na capacidade de filtrar o sangue. Por isso, \u00e9 fundamental identificar e controlar os fatores de risco. Entre eles, est\u00e3o duas condi\u00e7\u00f5es principais: a <a href=\"https:\/\/www1.folha.uol.com.br\/equilibrioesaude\/2024\/10\/veja-novas-diretrizes-para-controlar-a-pressao-arterial-que-passou-a-ser-considerada-elevada-a-partir-de-12-por-8.shtml\" rel=\"nofollow noopener\" target=\"\">hipertens\u00e3o arterial<\/a> e o <a href=\"https:\/\/www1.folha.uol.com.br\/equilibrioesaude\/2025\/07\/diabetes-tipo-2-avanca-entre-criancas-e-adolescentes-e-preocupa-medicos.shtml\" rel=\"nofollow noopener\" target=\"\">diabetes<\/a>.<\/p>\n<p>A partir da an\u00e1lise dos dados da PNS, foi poss\u00edvel reafirmar os \u00edndices de preval\u00eancia dessas comorbidades entre os brasileiros. Entre os entrevistados, 28,2% ou 19,6 milh\u00f5es de pessoas relataram ter press\u00e3o alta. O diabetes foi indicado por 9,4% dos participantes da pesquisa ou 6,3 milh\u00f5es de pessoas. Esses n\u00fameros seguem as estimativas mundiais.<\/p>\n<p>Os pesquisadores alertam que \u00e9 fundamental manter o acompanhamento da sa\u00fade renal destes indiv\u00edduos. E um dos exames essenciais, segundo Andrade, \u00e9 a dosagem de creatinina na urina. &#8220;Esse exame atesta como est\u00e1 o funcionamento do rim. E as pessoas em geral n\u00e3o sabem da import\u00e2ncia dele. Para pacientes diab\u00e9ticos e hipertensos, \u00e9 um exame obrigat\u00f3rio. E, pelos dados do estudo, se somarmos as porcentagens das duas comorbidades, chegamos a quase 40% dos indiv\u00edduos entrevistados. Isso mostra a import\u00e2ncia desse acompanhamento como forma de preven\u00e7\u00e3o&#8221;, esclarece.<\/p>\n<p>No momento, o IBGE est\u00e1 conduzindo uma nova coleta de dados para a Pesquisa Nacional de Sa\u00fade 2026, que se encerra em novembro deste ano. As informa\u00e7\u00f5es ser\u00e3o fundamentais para acompanhar o cen\u00e1rio da doen\u00e7a renal cr\u00f4nica no pa\u00eds.<\/p>\n<p>&#8220;Em breve, pretendo comparar os dados das duas pesquisas, a de 2019 e a de 2026, para identificar a evolu\u00e7\u00e3o das condi\u00e7\u00f5es de sa\u00fade bucal dos pacientes com DRC e da assist\u00eancia no SUS ao longo dos \u00faltimos anos, para identificar poss\u00edveis mudan\u00e7as e caminhos para futuras pesquisas&#8221;, diz Andrade.<\/p>\n<p>    Cuide-se<\/p>\n<p class=\"c-newsletter__subtitle\">Ci\u00eancia, h\u00e1bitos e preven\u00e7\u00e3o numa newsletter para a sua sa\u00fade e bem-estar<\/p>\n","protected":false},"excerpt":{"rendered":"Quem mant\u00e9m a sa\u00fade bucal em dia pode exibir um sorriso bonito e, talvez at\u00e9 sem saber, colher&hellip;\n","protected":false},"author":2,"featured_media":502418,"comment_status":"","ping_status":"","sticky":false,"template":"","format":"standard","meta":{"footnotes":"","_share_on_mastodon":"0"},"categories":[86],"tags":[34837,1027,236,116,3158,18774,6628,19367,15379,1208,1703,32,33,3802,117,4483,15380],"class_list":["post-502417","post","type-post","status-publish","format-standard","has-post-thumbnail","category-saude","tag-botucatu","tag-diabetes","tag-folha","tag-health","tag-hipertensao","tag-hipertensao-arterial","tag-ibge","tag-interior-de-sao-paulo","tag-jornal-da-unesp","tag-medicina","tag-ministerio-da-saude","tag-portugal","tag-pt","tag-sao-paulo-estado","tag-saude","tag-sus","tag-unesp"],"share_on_mastodon":{"url":"https:\/\/pubeurope.com\/@pt\/117167342492610872","error":""},"_links":{"self":[{"href":"https:\/\/www.europesays.com\/pt\/wp-json\/wp\/v2\/posts\/502417","targetHints":{"allow":["GET"]}}],"collection":[{"href":"https:\/\/www.europesays.com\/pt\/wp-json\/wp\/v2\/posts"}],"about":[{"href":"https:\/\/www.europesays.com\/pt\/wp-json\/wp\/v2\/types\/post"}],"author":[{"embeddable":true,"href":"https:\/\/www.europesays.com\/pt\/wp-json\/wp\/v2\/users\/2"}],"replies":[{"embeddable":true,"href":"https:\/\/www.europesays.com\/pt\/wp-json\/wp\/v2\/comments?post=502417"}],"version-history":[{"count":0,"href":"https:\/\/www.europesays.com\/pt\/wp-json\/wp\/v2\/posts\/502417\/revisions"}],"wp:featuredmedia":[{"embeddable":true,"href":"https:\/\/www.europesays.com\/pt\/wp-json\/wp\/v2\/media\/502418"}],"wp:attachment":[{"href":"https:\/\/www.europesays.com\/pt\/wp-json\/wp\/v2\/media?parent=502417"}],"wp:term":[{"taxonomy":"category","embeddable":true,"href":"https:\/\/www.europesays.com\/pt\/wp-json\/wp\/v2\/categories?post=502417"},{"taxonomy":"post_tag","embeddable":true,"href":"https:\/\/www.europesays.com\/pt\/wp-json\/wp\/v2\/tags?post=502417"}],"curies":[{"name":"wp","href":"https:\/\/api.w.org\/{rel}","templated":true}]}}