{"id":502423,"date":"2026-08-27T11:59:11","date_gmt":"2026-08-27T11:59:11","guid":{"rendered":"https:\/\/www.europesays.com\/pt\/502423\/"},"modified":"2026-08-27T11:59:11","modified_gmt":"2026-08-27T11:59:11","slug":"assaltantes-levam-ouro-de-casa-de-penhores-em-alvalade-observador","status":"publish","type":"post","link":"https:\/\/www.europesays.com\/pt\/502423\/","title":{"rendered":"Assaltantes levam ouro de casa de penhores em Alvalade \u2013 Observador"},"content":{"rendered":"<p>Tr\u00eas assaltantes roubaram esta quinta-feira, com recurso a viol\u00eancia f\u00edsica, um saco com um elevado valor em ouro de uma loja de penhores na zona de Alvalade\/Areeiro, em Lisboa, avan\u00e7ou o Correio da Manh\u00e3 e confirmou o Observador junto de fonte oficial do Comando Metropolitano de Lisboa da Pol\u00edcia de Seguran\u00e7a P\u00fablica (Cometlis).<\/p>\n<p>Segundo o Cometlis, o roubo ocorreu pelas 9 horas numa casa de penhores no Largo Crist\u00f3v\u00e3o Aires, que ainda faz parte da freguesia de Alvalade, embora fique muito perto da zona central do Areeiro. O roubo foi levado a cabo utilizando viol\u00eancia contra o propriet\u00e1rio do ouro, que estava dentro da loja.<\/p>\n<p>Citando o propriet\u00e1rio do saco roubado, este continha cerca de 100 mil euros em ouro \u2013 uma informa\u00e7\u00e3o que foi dada pelo pr\u00f3prio \u00e0s autoridades, embora estas n\u00e3o confirmem, para j\u00e1, essa avalia\u00e7\u00e3o. Segundo o Cometlis, os tr\u00eas assaltantes encontram-se em fuga.<\/p>\n","protected":false},"excerpt":{"rendered":"Tr\u00eas assaltantes roubaram esta quinta-feira, com recurso a viol\u00eancia f\u00edsica, um saco com um elevado valor em ouro&hellip;\n","protected":false},"author":2,"featured_media":502424,"comment_status":"","ping_status":"","sticky":false,"template":"","format":"standard","meta":{"footnotes":"","_share_on_mastodon":"0"},"categories":[10],"tags":[27,28,604,476,15,16,14,7269,25,26,797,21,22,15645,12,13,19,20,15644,57,32,23,24,33,58,17,18,29,30,31],"class_list":["post-502423","post","type-post","status-publish","format-standard","has-post-thumbnail","category-portugal","tag-breaking-news","tag-breakingnews","tag-crime","tag-economia","tag-featured-news","tag-featurednews","tag-headlines","tag-indu00fastria","tag-latest-news","tag-latestnews","tag-lisboa","tag-main-news","tag-mainnews","tag-matu00e9rias-primas","tag-news","tag-noticias","tag-noticias-principais","tag-noticiasprincipais","tag-ouro","tag-pau00eds","tag-portugal","tag-principais-noticias","tag-principaisnoticias","tag-pt","tag-sociedade","tag-top-stories","tag-topstories","tag-ultimas","tag-ultimas-noticias","tag-ultimasnoticias"],"share_on_mastodon":{"url":"https:\/\/pubeurope.com\/@pt\/117167362302402952","error":""},"_links":{"self":[{"href":"https:\/\/www.europesays.com\/pt\/wp-json\/wp\/v2\/posts\/502423","targetHints":{"allow":["GET"]}}],"collection":[{"href":"https:\/\/www.europesays.com\/pt\/wp-json\/wp\/v2\/posts"}],"about":[{"href":"https:\/\/www.europesays.com\/pt\/wp-json\/wp\/v2\/types\/post"}],"author":[{"embeddable":true,"href":"https:\/\/www.europesays.com\/pt\/wp-json\/wp\/v2\/users\/2"}],"replies":[{"embeddable":true,"href":"https:\/\/www.europesays.com\/pt\/wp-json\/wp\/v2\/comments?post=502423"}],"version-history":[{"count":0,"href":"https:\/\/www.europesays.com\/pt\/wp-json\/wp\/v2\/posts\/502423\/revisions"}],"wp:featuredmedia":[{"embeddable":true,"href":"https:\/\/www.europesays.com\/pt\/wp-json\/wp\/v2\/media\/502424"}],"wp:attachment":[{"href":"https:\/\/www.europesays.com\/pt\/wp-json\/wp\/v2\/media?parent=502423"}],"wp:term":[{"taxonomy":"category","embeddable":true,"href":"https:\/\/www.europesays.com\/pt\/wp-json\/wp\/v2\/categories?post=502423"},{"taxonomy":"post_tag","embeddable":true,"href":"https:\/\/www.europesays.com\/pt\/wp-json\/wp\/v2\/tags?post=502423"}],"curies":[{"name":"wp","href":"https:\/\/api.w.org\/{rel}","templated":true}]}}