{"id":502441,"date":"2026-08-27T12:22:17","date_gmt":"2026-08-27T12:22:17","guid":{"rendered":"https:\/\/www.europesays.com\/pt\/502441\/"},"modified":"2026-08-27T12:22:17","modified_gmt":"2026-08-27T12:22:17","slug":"icone-do-futebol-ganha-uma-homenagem-em-documentario","status":"publish","type":"post","link":"https:\/\/www.europesays.com\/pt\/502441\/","title":{"rendered":"\u00cdcone do futebol ganha uma homenagem em document\u00e1rio"},"content":{"rendered":"<p>                            Reda\u00e7\u00e3o Tribuna do Norte<br \/>\n                        \u2022<\/p>\n<p>                            27 de agosto de 2026<br \/>\n                        \u2022<br \/>\n                        00h00\n                    <\/p>\n<p>                            <img loading=\"lazy\" width=\"1134\" height=\"786\" src=\"https:\/\/www.europesays.com\/pt\/wp-content\/uploads\/2026\/08\/20260827_10VV3_FOTO-DIVULGACAO-e1787792435495.jpg\" class=\"w-full h-auto rounded-xl wp-post-image\" alt=\"\" decoding=\"async\"  \/><br \/>\n                                    O filme conta a trajet\u00f3ria  do goleiro criado em Maca\u00edba. Foto: Divulga\u00e7\u00e3o                                <\/p>\n<p class=\"wp-block-paragraph\">Um \u00edcone do futebol potiguar, nacional e internacional, ter\u00e1 sua hist\u00f3ria contada em imagens pela primeira vez. O document\u00e1rio \u201cMiguel de Lima \u2013 Goleiro de dois mundos\u201d, de Vitor Marinho e Osair Vasconcelos, ser\u00e1 lan\u00e7ado dia 29 (s\u00e1bado), \u00e0s 16h, no Solar Ferreiro Torto, em Maca\u00edba. O filme conta a trajet\u00f3ria do goleiro criado em Maca\u00edba que jogou em grandes times do pa\u00eds e chegou aos Estados Unidos como uma refer\u00eancia do futebol brasileiro.<\/p>\n<p class=\"wp-block-paragraph\">O document\u00e1rio, que tem uma hora e 20 minutos, levou quatro anos para ser finalizado. O roteiro se baseia numa entrevista de Miguel gravada em Natal, e traz depoimentos de amigos do goleiro. Al\u00e9m da reprodu\u00e7\u00e3o de imagens cinematogr\u00e1ficas da \u00e9poca, fotos de jornais e revistas dos lugares onde Miguel atuou, o filme mostra imagens recentes gravadas com o goleiro em Maca\u00edba e depoimentos de entrevistados nos Estados Unidos.<\/p>\n<p class=\"wp-block-paragraph\">Miguel de Lima chegou a Maca\u00edba crian\u00e7a, l\u00e1 se tornou goleiro, jogou pelo Cruzeiro local, e atuou no Santa Cruz e Alecrim, em Natal, at\u00e9 transferir-se para o Vasco da Gama. Em 1958, apenas quatro anos depois de sair de Maca\u00edba, Miguel tornou-se campe\u00e3o carioca, na disputa que entrou para a hist\u00f3ria do futebol brasileiro como o \u201cSuper-supercampeonato\u201d.<\/p>\n<p class=\"wp-block-paragraph\">Miguel consolidou sua carreira no Vasco e, pouco depois, iniciou carreira internacional passando por times na Col\u00f4mbia, Alemanha e Estados Unidos. No Cosmos, ele atuou como treinador de goleiros e tornou-se amigo de astros como Pel\u00e9, Beckenbauer, Carlos Alberto Torres, Chinaglia e Romerito.<\/p>\n<p class=\"wp-block-paragraph\">Atualmente, o ex-jogador vive em Pensacola (Fl\u00f3rida), junto com a esposa, e cercado pelos filhos e netos. Seu nome consta do Hall of Fame da Saint Louis University como um dos 56 jogadores estrangeiros que implantaram o soccer (futebol) nos Estados Unidos.<\/p>\n<p class=\"wp-block-paragraph\"><strong>Servi\u00e7o:<br \/><\/strong>Estreia do document\u00e1rio \u201cMiguel de Lima \u2013 Goleiro de dois mundos\u201d. Dia 29 (s\u00e1bado), \u00e0s 16h, Solar Ferreiro Torto, Maca\u00edba. Acesso gratuito.<\/p>\n","protected":false},"excerpt":{"rendered":"Reda\u00e7\u00e3o Tribuna do Norte \u2022 27 de agosto de 2026 \u2022 00h00 O filme conta a trajet\u00f3ria do&hellip;\n","protected":false},"author":2,"featured_media":502442,"comment_status":"","ping_status":"","sticky":false,"template":"","format":"standard","meta":{"footnotes":"","_share_on_mastodon":"0"},"categories":[140],"tags":[1661,114,115,147,148,146,32,33],"class_list":["post-502441","post","type-post","status-publish","format-standard","has-post-thumbnail","category-filmes","tag-destaque","tag-entertainment","tag-entretenimento","tag-film","tag-filmes","tag-movies","tag-portugal","tag-pt"],"share_on_mastodon":{"url":"https:\/\/pubeurope.com\/@pt\/117167453824948432","error":""},"_links":{"self":[{"href":"https:\/\/www.europesays.com\/pt\/wp-json\/wp\/v2\/posts\/502441","targetHints":{"allow":["GET"]}}],"collection":[{"href":"https:\/\/www.europesays.com\/pt\/wp-json\/wp\/v2\/posts"}],"about":[{"href":"https:\/\/www.europesays.com\/pt\/wp-json\/wp\/v2\/types\/post"}],"author":[{"embeddable":true,"href":"https:\/\/www.europesays.com\/pt\/wp-json\/wp\/v2\/users\/2"}],"replies":[{"embeddable":true,"href":"https:\/\/www.europesays.com\/pt\/wp-json\/wp\/v2\/comments?post=502441"}],"version-history":[{"count":0,"href":"https:\/\/www.europesays.com\/pt\/wp-json\/wp\/v2\/posts\/502441\/revisions"}],"wp:featuredmedia":[{"embeddable":true,"href":"https:\/\/www.europesays.com\/pt\/wp-json\/wp\/v2\/media\/502442"}],"wp:attachment":[{"href":"https:\/\/www.europesays.com\/pt\/wp-json\/wp\/v2\/media?parent=502441"}],"wp:term":[{"taxonomy":"category","embeddable":true,"href":"https:\/\/www.europesays.com\/pt\/wp-json\/wp\/v2\/categories?post=502441"},{"taxonomy":"post_tag","embeddable":true,"href":"https:\/\/www.europesays.com\/pt\/wp-json\/wp\/v2\/tags?post=502441"}],"curies":[{"name":"wp","href":"https:\/\/api.w.org\/{rel}","templated":true}]}}