{"id":50245,"date":"2025-08-29T14:40:10","date_gmt":"2025-08-29T14:40:10","guid":{"rendered":"https:\/\/www.europesays.com\/pt\/50245\/"},"modified":"2025-08-29T14:40:10","modified_gmt":"2025-08-29T14:40:10","slug":"liga-europa-nice-e-nottingham-no-caminho-de-fc-porto-e-sp-braga-liga-europa","status":"publish","type":"post","link":"https:\/\/www.europesays.com\/pt\/50245\/","title":{"rendered":"Liga Europa: Nice e Nottingham no caminho de FC Porto e Sp. Braga | Liga Europa"},"content":{"rendered":"<p>O FC Porto e o Sp. Braga ficaram a conhecer, nesta sexta-feira, o caminho que ter\u00e3o de percorrer para chegarem \u00e0 fase a eliminar da Liga Europa. Depois do <a href=\"https:\/\/www.publico.pt\/2025\/08\/28\/desporto\/cronica_de_jogo\/sp-braga-reinventado-confirma-liga-europa-nova-goleada-2145322?ref=desporto&amp;cx=page__content\" rel=\"nofollow noopener\" target=\"_blank\">apuramento categ\u00f3rico<\/a> dos minhotos, via play-off, as duas equipas portuguesas surgiram em patamares diferentes no sorteio que se realizou no M\u00f3naco: os &#8220;drag\u00f5es&#8221; na pele de cabe\u00e7as de s\u00e9rie, no pote 1, os bracarenses no pote 2.<\/p>\n<p>Os &#8220;azuis e brancos&#8221; foram os primeiros a verem o calend\u00e1rio definido, preparando-se para defrontar Rangers (casa), Salzburgo (fora), Estrela Vermelha (casa), Viktoria Plzen (fora), Nice (casa), Nottingham Forest (fora), Malm\u00f6 (casa) e Utrecht (fora).<\/p>\n<p>        &#13;<\/p>\n<blockquote class=\"twitter-tweet\">\n<p lang=\"ro\" dir=\"ltr\"><a href=\"https:\/\/twitter.com\/hashtag\/UELdraw?src=hash&amp;ref_src=twsrc%5Etfw\" rel=\"nofollow noopener\" target=\"_blank\">#UELdraw<\/a> ? Advers\u00e1rios definidos na Liga Europa<\/p>\n<p>?? FC Porto vai defrontar Rangers FC, RB Salzburg, Estrela Vermelha, Viktoria Plzen, OGC Nice, Nottingham Forest, Malm\u00f6 FF e FC Utrecht na fase de liga <a href=\"https:\/\/t.co\/1KEkdEwP1p\" rel=\"nofollow\">pic.twitter.com\/1KEkdEwP1p<\/a><\/p>\n<p>\u2014 FC Porto (@FCPorto) <a href=\"https:\/\/twitter.com\/FCPorto\/status\/1961390788459282725?ref_src=twsrc%5Etfw\" rel=\"nofollow noopener\" target=\"_blank\">August 29, 2025<\/a><\/p><\/blockquote>\n<p> &#13;<\/p>\n<p>Neste contexto, o FC Porto surge com o estatuto de um dos candidatos a chegar \u00e0 final da competi\u00e7\u00e3o, tendo, nesta primeira fase, todas as condi\u00e7\u00f5es para o apuramento directo para os oitavos-de-final &#8211; reservado aos oito primeiros.<\/p>\n<p>Em comum com o Sp. Braga, os &#8220;drag\u00f5es&#8221; ter\u00e3o na agenda embates com o Nice, o Nottingham Forest e o Rangers. No caso dos minhotos, defrontam os franceses fora, os ingleses em casa e os escoceses fora, completando o calend\u00e1rio com Feyenoord (casa), Estrela Vermelha (casa), Celtic (fora), Genk (casa) e Go Ahead Eagles (fora). Ou seja, far\u00e3o duas desloca\u00e7\u00f5es \u00e0 Esc\u00f3cia.<\/p>\n<p>        &#13;<\/p>\n<blockquote class=\"twitter-tweet\">\n<p lang=\"pt\" dir=\"ltr\">O nosso destino ?<a href=\"https:\/\/twitter.com\/hashtag\/GanharComTodos?src=hash&amp;ref_src=twsrc%5Etfw\" rel=\"nofollow noopener\" target=\"_blank\">#GanharComTodos<\/a> | <a href=\"https:\/\/twitter.com\/hashtag\/UEL?src=hash&amp;ref_src=twsrc%5Etfw\" rel=\"nofollow noopener\" target=\"_blank\">#UEL<\/a> <a href=\"https:\/\/t.co\/mh8kqTehTC\" rel=\"nofollow\">pic.twitter.com\/mh8kqTehTC<\/a><\/p>\n<p>\u2014 SC Braga (@SCBragaOficial) <a href=\"https:\/\/twitter.com\/SCBragaOficial\/status\/1961391432725340216?ref_src=twsrc%5Etfw\" rel=\"nofollow noopener\" target=\"_blank\">August 29, 2025<\/a><\/p><\/blockquote>\n<p> &#13;<\/p>\n<p>J\u00e1 o Fenerbah\u00e7e, que <a href=\"https:\/\/www.publico.pt\/2025\/08\/29\/desporto\/noticia\/jose-mourinho-despedido-fenerbahce-2145342?ref=desporto&amp;cx=page__content\" rel=\"nofollow noopener\" target=\"_blank\">despediu o treinador Jos\u00e9 Mourinho<\/a> nesta sexta-feira, e \u00e9 tamb\u00e9m um dos candidatos a chegar muito longe na competi\u00e7\u00e3o, jogar\u00e1 com Aston Villa (casa), D\u00ednamo Zagreb (fora), Ferencv\u00e1ros (casa), Viktoria Plzen (fora), Nice (casa), FCSB (fora), Estugarda (casa) e Brann (fora).<\/p>\n<p>A fase de liga da competi\u00e7\u00e3o arranca nos dias 24 e 25 de Setembro, prosseguindo com jornadas a 2 de Outubro, 23 de Outubro, 6 de Novembro, 27 de Novembro, 11 de Dezembro, 22 de Janeiro e 29 de Janeiro.<\/p>\n<p>            <script async src=\"https:\/\/platform.twitter.com\/widgets.js\" charset=\"utf-8\"><\/script><\/p>\n","protected":false},"excerpt":{"rendered":"O FC Porto e o Sp. Braga ficaram a conhecer, nesta sexta-feira, o caminho que ter\u00e3o de percorrer&hellip;\n","protected":false},"author":2,"featured_media":50246,"comment_status":"","ping_status":"","sticky":false,"template":"","format":"standard","meta":{"footnotes":""},"categories":[87],"tags":[135,353,282,138,137,32,33,1233,134],"class_list":{"0":"post-50245","1":"post","2":"type-post","3":"status-publish","4":"format-standard","5":"has-post-thumbnail","7":"category-desporto","8":"tag-desporto","9":"tag-em-destaque","10":"tag-fc-porto","11":"tag-futebol-internacional","12":"tag-liga-europa","13":"tag-portugal","14":"tag-pt","15":"tag-sp-braga","16":"tag-sports"},"share_on_mastodon":{"url":"","error":""},"_links":{"self":[{"href":"https:\/\/www.europesays.com\/pt\/wp-json\/wp\/v2\/posts\/50245","targetHints":{"allow":["GET"]}}],"collection":[{"href":"https:\/\/www.europesays.com\/pt\/wp-json\/wp\/v2\/posts"}],"about":[{"href":"https:\/\/www.europesays.com\/pt\/wp-json\/wp\/v2\/types\/post"}],"author":[{"embeddable":true,"href":"https:\/\/www.europesays.com\/pt\/wp-json\/wp\/v2\/users\/2"}],"replies":[{"embeddable":true,"href":"https:\/\/www.europesays.com\/pt\/wp-json\/wp\/v2\/comments?post=50245"}],"version-history":[{"count":0,"href":"https:\/\/www.europesays.com\/pt\/wp-json\/wp\/v2\/posts\/50245\/revisions"}],"wp:featuredmedia":[{"embeddable":true,"href":"https:\/\/www.europesays.com\/pt\/wp-json\/wp\/v2\/media\/50246"}],"wp:attachment":[{"href":"https:\/\/www.europesays.com\/pt\/wp-json\/wp\/v2\/media?parent=50245"}],"wp:term":[{"taxonomy":"category","embeddable":true,"href":"https:\/\/www.europesays.com\/pt\/wp-json\/wp\/v2\/categories?post=50245"},{"taxonomy":"post_tag","embeddable":true,"href":"https:\/\/www.europesays.com\/pt\/wp-json\/wp\/v2\/tags?post=50245"}],"curies":[{"name":"wp","href":"https:\/\/api.w.org\/{rel}","templated":true}]}}