{"id":50253,"date":"2025-08-29T14:47:21","date_gmt":"2025-08-29T14:47:21","guid":{"rendered":"https:\/\/www.europesays.com\/pt\/50253\/"},"modified":"2025-08-29T14:47:21","modified_gmt":"2025-08-29T14:47:21","slug":"ventura-assegura-que-candidatos-do-partido-sofrem-ameacas-observador","status":"publish","type":"post","link":"https:\/\/www.europesays.com\/pt\/50253\/","title":{"rendered":"Ventura assegura que candidatos do partido sofrem amea\u00e7as \u2013 Observador"},"content":{"rendered":"<p>O presidente do Chega, Andr\u00e9 Ventura, agradeceu esta quinta-feira a todos os candidatos que aceitaram \u201cdar a cara\u201d pelo partido nas elei\u00e7\u00f5es aut\u00e1rquicas de 12 de outubro, e alegou que muitos deles s\u00e3o \u201catacados, amea\u00e7ados e condicionados\u201d.<\/p>\n<p>\u201cEu sei que \u00e9 dif\u00edcil em muitas zonas do pa\u00eds. N\u00e3o pensem que eu n\u00e3o sei o que passam aqui no distrito de Beja\u201d, afirmou Andr\u00e9 Ventura, na apresenta\u00e7\u00e3o dos candidatos aut\u00e1rquicos, nesta cidade, dirigindo-se aos membros das listas presentes na sess\u00e3o.<\/p>\n<p>Ventura disse ter conhecimento que \u201cmuitos candidatos [do partido] s\u00e3o atacados, amea\u00e7ados, condicionados\u201d e que tamb\u00e9m \u201cas fam\u00edlias s\u00e3o amea\u00e7adas\u201d, afirmando que <strong>alguns optam por n\u00e3o aceitar o convite para integrarem as listas do Chega.<\/strong><\/p>\n<p>\u201cMuito boa gente, infelizmente, n\u00e3o quer ou n\u00e3o sente condi\u00e7\u00f5es de poder dar a cara, por causa dos filhos, da esposa, do marido, dos av\u00f3s, dos familiares, <strong>porque t\u00eam medo ou os amea\u00e7aram que lhes tiravam o emprego se fossem candidatos pelo Chega<\/strong>\u201c, relatou.<\/p>\n<p>Mas h\u00e1 outros, salientou o l\u00edder do partido, \u201capesar de sofrerem todas as consequ\u00eancias, n\u00e3o t\u00eam medo de dar a cara\u201d.<\/p>\n<p>\u201cE eu acho que n\u00e3o nos devemos cansar pelo pa\u00eds todo, em zonas, distritos e concelhos onde isto acontece, de saudar estas pessoas, de vos saudar a voc\u00eas e de vos agradecer\u201d, frisou.<\/p>\n<p>Nesta sess\u00e3o de apresenta\u00e7\u00e3o dos candidatos aut\u00e1rquicos, al\u00e9m de Andr\u00e9 Ventura, tamb\u00e9m discursaram o candidato do partido \u00e0 C\u00e2mara de Beja, David Catita, e o presidente da Distrital, M\u00e1rio Cavaco.<\/p>\n<p>As elei\u00e7\u00f5es aut\u00e1rquicas est\u00e3o marcadas para o dia 12 de outubro.<\/p>\n<p><strong>[Meses depois de confessar o crime, o assassino de Sartawi \u00e9 finalmente julgado. Mas, numa reviravolta, o terrorista do quarto 507 garante que \u00e9 inocente. Como vai tudo acabar?\u00a0<a href=\"https:\/\/observador.pt\/programas\/1983-portugal-queima-roupa\/episodio-6-era-tudo-mentira\/\" target=\"_blank\" rel=\"noopener ugc nofollow\">\u201c1983: Portugal \u00e0 Queima-Roupa\u201d<\/a>\u00a0\u00e9 a hist\u00f3ria do ano em que dois grupos terroristas internacionais atacaram em Portugal. Ou\u00e7a\u00a0no site do Observador o\u00a0<a href=\"https:\/\/observador.pt\/programas\/1983-portugal-queima-roupa\/episodio-6-era-tudo-mentira\/\" rel=\"nofollow noopener\" target=\"_blank\">sexto e \u00faltimo epis\u00f3dio<\/a>\u00a0deste Podcast Plus narrado pela atriz Victoria Guerra, com banda sonora original dos Linda Martini. Tamb\u00e9m o pode escutar na\u00a0<a href=\"https:\/\/podcasts.apple.com\/pt\/podcast\/epis%C3%B3dio-6-era-tudo-mentira\/id1826483822?i=1000723443500\" rel=\"nofollow noopener\" target=\"_blank\">Apple Podcasts<\/a>, no\u00a0<a href=\"https:\/\/open.spotify.com\/episode\/3iGZ6Xl7IKUn92inrQg8zS?si=e6387278a6d84acf\" rel=\"nofollow noopener\" target=\"_blank\">Spotify<\/a>\u00a0e no\u00a0<a href=\"https:\/\/music.youtube.com\/watch?v=qyeI56f3Cbo&amp;si=8yvXJwdjHFRvGETg\" rel=\"nofollow noopener\" target=\"_blank\">YoutubeMusic<\/a>. E ou\u00e7a o primeiro epis\u00f3dio\u00a0<a href=\"https:\/\/observador.pt\/programas\/1983-portugal-queima-roupa\/estreia-1983-portugal-a-queima-roupa-episodio-1-um-corpo-no-lobby-do-hotel\/\" target=\"_blank\" rel=\"noopener ugc nofollow\">aqui<\/a>, o segundo\u00a0<a href=\"https:\/\/observador.pt\/programas\/1983-portugal-queima-roupa\/episodio-2-o-terrorista-do-quarto-507\/\" target=\"_blank\" rel=\"noopener ugc nofollow\">aqui<\/a>, o terceiro\u00a0<a href=\"https:\/\/observador.pt\/programas\/1983-portugal-queima-roupa\/episodio-3-ataque-a-embaixada\/\" target=\"_blank\" rel=\"noopener ugc nofollow\">aqui<\/a>, o quarto\u00a0<a href=\"https:\/\/observador.pt\/programas\/1983-portugal-queima-roupa\/episodio-4-o-primeiro-andar-explodiu\/\" target=\"_blank\" rel=\"noopener ugc nofollow\">aqui<\/a>\u00a0e o quinto epis\u00f3dio\u00a0<a href=\"https:\/\/observador.pt\/programas\/1983-portugal-queima-roupa\/episodio-5-a-primeira-missao-da-superpolicia\/\" rel=\"nofollow noopener\" target=\"_blank\">aqui<\/a>]<\/strong><a href=\"https:\/\/observador.pt\/programas\/1983-portugal-queima-roupa\/episodio-6-era-tudo-mentira\/\" rel=\"nofollow noopener\" target=\"_blank\"><\/p>\n<p>        <img src=\"https:\/\/www.europesays.com\/pt\/wp-content\/uploads\/2025\/08\/1756478841_325_1983-capa-com-playjpg.jpeg\" alt=\"\" loading=\"lazy\" decoding=\"async\" class=\"alignnone\" onload=\"this.parentElement.classList.remove('spinner')\" onerror=\"this.parentElement.classList.remove('spinner')\" width=\"770\" height=\"433\"\/>    <\/p>\n<p><\/a><\/p>\n<p>                            Se tiver uma hist\u00f3ria que queira partilhar sobre irregularidades na sua autarquia, preencha<br \/>\n                            <a href=\"https:\/\/forms.gle\/uQ1gDpSwmRd7ezUf8\" target=\"_blank\" rel=\"noopener noreferrer nofollow\">este formul\u00e1rio an\u00f3nimo<\/a>.<\/p>\n","protected":false},"excerpt":{"rendered":"O presidente do Chega, Andr\u00e9 Ventura, agradeceu esta quinta-feira a todos os candidatos que aceitaram \u201cdar a cara\u201d&hellip;\n","protected":false},"author":2,"featured_media":50254,"comment_status":"","ping_status":"","sticky":false,"template":"","format":"standard","meta":{"footnotes":""},"categories":[10],"tags":[3368,2163,27,28,1077,15,16,14,25,26,21,22,12,13,19,20,3369,302,32,23,24,33,17,18,29,30,31],"class_list":{"0":"post-50253","1":"post","2":"type-post","3":"status-publish","4":"format-standard","5":"has-post-thumbnail","7":"category-portugal","8":"tag-andru00e9-ventura","9":"tag-autu00e1rquicas-2025","10":"tag-breaking-news","11":"tag-breakingnews","12":"tag-eleiu00e7u00f5es","13":"tag-featured-news","14":"tag-featurednews","15":"tag-headlines","16":"tag-latest-news","17":"tag-latestnews","18":"tag-main-news","19":"tag-mainnews","20":"tag-news","21":"tag-noticias","22":"tag-noticias-principais","23":"tag-noticiasprincipais","24":"tag-partido-chega","25":"tag-polu00edtica","26":"tag-portugal","27":"tag-principais-noticias","28":"tag-principaisnoticias","29":"tag-pt","30":"tag-top-stories","31":"tag-topstories","32":"tag-ultimas","33":"tag-ultimas-noticias","34":"tag-ultimasnoticias"},"share_on_mastodon":{"url":"","error":""},"_links":{"self":[{"href":"https:\/\/www.europesays.com\/pt\/wp-json\/wp\/v2\/posts\/50253","targetHints":{"allow":["GET"]}}],"collection":[{"href":"https:\/\/www.europesays.com\/pt\/wp-json\/wp\/v2\/posts"}],"about":[{"href":"https:\/\/www.europesays.com\/pt\/wp-json\/wp\/v2\/types\/post"}],"author":[{"embeddable":true,"href":"https:\/\/www.europesays.com\/pt\/wp-json\/wp\/v2\/users\/2"}],"replies":[{"embeddable":true,"href":"https:\/\/www.europesays.com\/pt\/wp-json\/wp\/v2\/comments?post=50253"}],"version-history":[{"count":0,"href":"https:\/\/www.europesays.com\/pt\/wp-json\/wp\/v2\/posts\/50253\/revisions"}],"wp:featuredmedia":[{"embeddable":true,"href":"https:\/\/www.europesays.com\/pt\/wp-json\/wp\/v2\/media\/50254"}],"wp:attachment":[{"href":"https:\/\/www.europesays.com\/pt\/wp-json\/wp\/v2\/media?parent=50253"}],"wp:term":[{"taxonomy":"category","embeddable":true,"href":"https:\/\/www.europesays.com\/pt\/wp-json\/wp\/v2\/categories?post=50253"},{"taxonomy":"post_tag","embeddable":true,"href":"https:\/\/www.europesays.com\/pt\/wp-json\/wp\/v2\/tags?post=50253"}],"curies":[{"name":"wp","href":"https:\/\/api.w.org\/{rel}","templated":true}]}}