{"id":50255,"date":"2025-08-29T14:48:19","date_gmt":"2025-08-29T14:48:19","guid":{"rendered":"https:\/\/www.europesays.com\/pt\/50255\/"},"modified":"2025-08-29T14:48:19","modified_gmt":"2025-08-29T14:48:19","slug":"o-benfica-quer-muito-o-alvarez-esta-na-champions-vamos-ver-o-que-vai-fazer-o-jogo","status":"publish","type":"post","link":"https:\/\/www.europesays.com\/pt\/50255\/","title":{"rendered":"&quot;O Benfica quer muito o \u00c1lvarez. Est\u00e1 na Champions, vamos ver o que vai fazer&quot; &#8211; O Jogo"},"content":{"rendered":"<ol>\n<li><a href=\"https:\/\/news.google.com\/rss\/articles\/CBMiqwFBVV95cUxOcWdhRG5xZzJaNkcwVTVybVFyMV83VlQ5a3o5VUVjUTNVR1owX2cwTU5Fd0RJdGhPRS1uYmxCTVlLS1ZUWmlOU2theE9Ya1MxMldyeDdIejV4dmk0SVlINjR6bWhqMy0zRE1obWlZbTZEaEdlaUdmQ3NQbXdrTzNZWVc0dGNDV19hZzd2cXJMZDZsd2gxWlJCWktHSWh3VF9FS0V4cWlXNHpIbnM?oc=5\" target=\"_blank\" rel=\"nofollow noopener\">&#8220;O Benfica quer muito o \u00c1lvarez. Est\u00e1 na Champions, vamos ver o que vai fazer&#8221;<\/a>&nbsp;&nbsp;O Jogo<\/li>\n<li><a href=\"https:\/\/news.google.com\/rss\/articles\/CBMitwFBVV95cUxNZmpzSm1VdXg3ZzNjTEtXZnBrWHpjc09QVy1jX1l4STVUOHl1dTNDQzQ2LXhtMks2V1lWdzIyZy1HdzZEdDVieVk5TU9QN3k3SFh1ZG1KQjlQSGFmZDNycWk1dXlFQ1lkOWtzWXR0NDFzX1RrdG9YbDUtcTRJbHZYQXM2ZHNDbE51cF9rNi15aWlScFlTcVRTYVk3d1o5c2dVZ3Q4cnVDZV9Mb0NIaHlxT3h4UG5mOEk?oc=5\" target=\"_blank\" rel=\"nofollow noopener\">Levante admite perder \u00c1lvarez para o Benfica: \u00abH\u00e1 coisas inevit\u00e1veis\u00bb<\/a>&nbsp;&nbsp;A Bola<\/li>\n<li><a href=\"https:\/\/news.google.com\/rss\/articles\/CBMilgFBVV95cUxNazFZWVczQU1oanI3MnRIUHMxM0NLMGRwcWxIMjBrOW83bXhhbzhjSTNta3c4aEwxTmpNQnp4cEQ3b1BLSXg4M3ZLVXQwZEstRndiMlhCb1l4MkphckF5NjQ1TEhlMU9sS2RJdlZBQ1pXbWwwVk9nYWRGZ3g5LXNsVHZaRmdQWFRhVU5UN2VCUjVWbmktQ2c?oc=5\" target=\"_blank\" rel=\"nofollow noopener\">Rui Costa avan\u00e7a com 15M para garantir ex-colega de Isco no Benfica<\/a>&nbsp;&nbsp;Glorioso 1904<\/li>\n<li><a href=\"https:\/\/news.google.com\/rss\/articles\/CBMixAFBVV95cUxNM2dsTWpZUF9RMG9ydmEyZnlmZ3BTbHBKQUFqQlNXai1tUENkQUlDX2o3RV9ELVZ0YXRxSXRxVUZQZlNhYnV2UHM4RXd3Y1VOOF9ab2JHRXRIa0RjejBiVnQwMTFQaTVEV1lCZ3VTNEV1dk1KTEJpN0NoOEt2MkgzbEhKdWdYS2pPbEZxNGhQLTZyUzZzUWtwc0hTaF9XUnZHRVY0RVRSM2c4ZXFjRVhYYldVdnU2RnoyTnFpRHBrNGstaVFk?oc=5\" target=\"_blank\" rel=\"nofollow noopener\">Benfica com m\u00e1s not\u00edcias em rela\u00e7\u00e3o a Carlos \u00c1lvarez&#8230;<\/a>&nbsp;&nbsp;football-addict<\/li>\n<li><a href=\"https:\/\/news.google.com\/rss\/articles\/CBMi-wFBVV95cUxNNUNRY3k1VGU4S0xLbkM0VnFoUThHZEJYQW1tUmNma3J6aHFoRFowVDYwa1pKV3VycWZUWTBBaXAzR2VTN0UyU0Y5eGRaRlJlQl9BZDVobnVpYWFnelk1OUFiYUhPYVVBdmZScHFwOEJZbXUxSVhTWHN6REdXbi1NNjgzTXdGYy1ldHFPWnR3c3VJTkh3dmN4OWNrMWdvOE03WWRhc3A3N3RqZHU4SmFIa0IzTHZteGNYRlAxZlpxUnJqOWZ1T1ZCSHNxOXdGSFdYQzRXaHROWGhJYjVxNklsdUJ5SXo1djZiaUwxY2RaSlZBZnB1b0FxVFYtdw?oc=5\" target=\"_blank\" rel=\"nofollow noopener\">Treinador do Levante e o interesse do Benfica em Carlos \u00c1lvarez: \u00abO peixe gra\u00fado come o mi\u00fado\u00bb<\/a>&nbsp;&nbsp;Record<\/li>\n<\/ol>\n","protected":false},"excerpt":{"rendered":"&#8220;O Benfica quer muito o \u00c1lvarez. Est\u00e1 na Champions, vamos ver o que vai fazer&#8221;&nbsp;&nbsp;O Jogo Levante admite&hellip;\n","protected":false},"author":2,"featured_media":50256,"comment_status":"","ping_status":"","sticky":false,"template":"","format":"standard","meta":{"footnotes":""},"categories":[8],"tags":[27,28,15,16,14,25,26,21,22,12,13,19,20,32,23,24,33,17,18,29,30,31],"class_list":{"0":"post-50255","1":"post","2":"type-post","3":"status-publish","4":"format-standard","5":"has-post-thumbnail","7":"category-principais-noticias","8":"tag-breaking-news","9":"tag-breakingnews","10":"tag-featured-news","11":"tag-featurednews","12":"tag-headlines","13":"tag-latest-news","14":"tag-latestnews","15":"tag-main-news","16":"tag-mainnews","17":"tag-news","18":"tag-noticias","19":"tag-noticias-principais","20":"tag-noticiasprincipais","21":"tag-portugal","22":"tag-principais-noticias","23":"tag-principaisnoticias","24":"tag-pt","25":"tag-top-stories","26":"tag-topstories","27":"tag-ultimas","28":"tag-ultimas-noticias","29":"tag-ultimasnoticias"},"share_on_mastodon":{"url":"","error":""},"_links":{"self":[{"href":"https:\/\/www.europesays.com\/pt\/wp-json\/wp\/v2\/posts\/50255","targetHints":{"allow":["GET"]}}],"collection":[{"href":"https:\/\/www.europesays.com\/pt\/wp-json\/wp\/v2\/posts"}],"about":[{"href":"https:\/\/www.europesays.com\/pt\/wp-json\/wp\/v2\/types\/post"}],"author":[{"embeddable":true,"href":"https:\/\/www.europesays.com\/pt\/wp-json\/wp\/v2\/users\/2"}],"replies":[{"embeddable":true,"href":"https:\/\/www.europesays.com\/pt\/wp-json\/wp\/v2\/comments?post=50255"}],"version-history":[{"count":0,"href":"https:\/\/www.europesays.com\/pt\/wp-json\/wp\/v2\/posts\/50255\/revisions"}],"wp:featuredmedia":[{"embeddable":true,"href":"https:\/\/www.europesays.com\/pt\/wp-json\/wp\/v2\/media\/50256"}],"wp:attachment":[{"href":"https:\/\/www.europesays.com\/pt\/wp-json\/wp\/v2\/media?parent=50255"}],"wp:term":[{"taxonomy":"category","embeddable":true,"href":"https:\/\/www.europesays.com\/pt\/wp-json\/wp\/v2\/categories?post=50255"},{"taxonomy":"post_tag","embeddable":true,"href":"https:\/\/www.europesays.com\/pt\/wp-json\/wp\/v2\/tags?post=50255"}],"curies":[{"name":"wp","href":"https:\/\/api.w.org\/{rel}","templated":true}]}}