{"id":502585,"date":"2026-08-27T14:33:11","date_gmt":"2026-08-27T14:33:11","guid":{"rendered":"https:\/\/www.europesays.com\/pt\/502585\/"},"modified":"2026-08-27T14:33:11","modified_gmt":"2026-08-27T14:33:11","slug":"sp-confirma-tres-novos-casos-de-sarampo-total-chega-a-26","status":"publish","type":"post","link":"https:\/\/www.europesays.com\/pt\/502585\/","title":{"rendered":"SP confirma tr\u00eas novos casos de sarampo; total chega a 26"},"content":{"rendered":"<p data-component-name=\"paragraph\" class=\"styles__ParagraphStyled-sc-6adecn-0 geGWDE theme-default  \">Tr\u00eas novos casos de <a href=\"https:\/\/www.estadao.com.br\/tudo-sobre\/sarampo\/\" target=\"_blank\" rel=\"nofollow noopener\" title=\"https:\/\/www.estadao.com.br\/tudo-sobre\/sarampo\/\">sarampo<\/a> foram confirmados na capital paulista, segundo informa\u00e7\u00f5es da <a href=\"https:\/\/www.estadao.com.br\/tudo-sobre\/secretaria-estadual-de-saude\/\" target=\"_blank\" rel=\"nofollow noopener\" title=\"https:\/\/www.estadao.com.br\/tudo-sobre\/secretaria-estadual-de-saude\/\">Secretaria de Estado da Sa\u00fade de S\u00e3o Paulo (SES-SP)<\/a>. Com os novos registros, o Estado chega a 26 casos da doen\u00e7a neste ano.<\/p>\n<p data-component-name=\"paragraph\" class=\"styles__ParagraphStyled-sc-6adecn-0 geGWDE theme-default  \">Os novos casos foram identificados em duas crian\u00e7as menores de 1 ano, um menino e uma menina, e em uma mulher na faixa dos 30 anos. Segundo a SES, nenhum dos tr\u00eas pacientes possui hist\u00f3rico de vacina\u00e7\u00e3o.<\/p>\n<p><img  loading=\"lazy\" class=\"lazy-load-img\"\/><\/p>\n<p>Dos tr\u00eas novos casos de sarampo, dois foram registrados em beb\u00eas menores de 1 ano\u00a0Foto:  Airdone\/ Adobe Stock<\/p>\n<p>Do total de casos confirmados, 23 foram registrados entre moradores da capital paulista, dois em S\u00e3o Bernardo do Campo e um em Guarulhos. Dois casos s\u00e3o importados e os demais est\u00e3o relacionados \u00e0 importa\u00e7\u00e3o, embora a fonte de infec\u00e7\u00e3o n\u00e3o tenha sido identificada.<\/p>\n<p>Segundo a pasta, 19 pacientes n\u00e3o possu\u00edam hist\u00f3rico de <a href=\"https:\/\/www.estadao.com.br\/tudo-sobre\/vacinacao\/\" target=\"_blank\" rel=\"nofollow noopener\" title=\"https:\/\/www.estadao.com.br\/tudo-sobre\/vacinacao\/\">vacina\u00e7\u00e3o<\/a> ou estavam com o esquema vacinal incompleto.<\/p>\n<p>Cobertura vacinal est\u00e1 abaixo da meta<\/p>\n<p data-component-name=\"paragraph\" class=\"styles__ParagraphStyled-sc-6adecn-0 geGWDE theme-default  \">A secretaria refor\u00e7a que <a href=\"https:\/\/www.estadao.com.br\/pulsa\/medicina-e-estudos\/tire-suas-duvidas-12-perguntas-e-respostas-sobre-a-revacinacao-contra-o-sarampo-em-sp-nprm\/\" target=\"_blank\" rel=\"nofollow noopener\" title=\"https:\/\/www.estadao.com.br\/pulsa\/medicina-e-estudos\/tire-suas-duvidas-12-perguntas-e-respostas-sobre-a-revacinacao-contra-o-sarampo-em-sp-nprm\/\">pessoas de 6 meses a 59 anos que vivem na capital, em Guarulhos e em S\u00e3o Bernardo do Campo devem procurar as unidades de sa\u00fade para se vacinar contra o sarampo.<\/a><\/p>\n<p><img  loading=\"lazy\" class=\"lazy-load-img\"\/><\/p>\n<p>Cobertura da primeira dose da tr\u00edplice viral est\u00e1 em 89,35% no Estado\u00a0Foto:  Werther Santana\/Estad\u00e3o<\/p>\n<p data-component-name=\"paragraph\" class=\"styles__ParagraphStyled-sc-6adecn-0 geGWDE theme-default  \">Dados preliminares de 2026 mostram que a cobertura da primeira dose da tr\u00edplice viral, que protege contra sarampo, caxumba e rub\u00e9ola, est\u00e1 em 89,35% no Estado. Para a segunda dose, o \u00edndice \u00e9 de 74,64%. Os dois percentuais est\u00e3o abaixo da meta de 95%.<\/p>\n<p data-component-name=\"paragraph\" class=\"styles__ParagraphStyled-sc-6adecn-0 geGWDE theme-default  \">Em 2025, a cobertura foi de 94,2% para a primeira dose e de 84,5% para a segunda. <\/p>\n<p>Leia tamb\u00e9m<\/p>\n<p data-component-name=\"paragraph\" class=\"styles__ParagraphStyled-sc-6adecn-0 geGWDE theme-default  \">Al\u00e9m da vacina\u00e7\u00e3o contra o sarampo nas tr\u00eas cidades, o governo mant\u00e9m at\u00e9 1\u00ba de setembro a <a href=\"https:\/\/www.estadao.com.br\/sao-paulo\/estado-de-sp-tera-dia-d-de-multivacinacao-neste-sabado-22-veja-horarios-e-orientacoes-nprm\/\" target=\"_blank\" rel=\"nofollow noopener\" title=\"https:\/\/www.estadao.com.br\/sao-paulo\/estado-de-sp-tera-dia-d-de-multivacinacao-neste-sabado-22-veja-horarios-e-orientacoes-nprm\/\">Campanha de Multivacina\u00e7\u00e3o nos 645 munic\u00edpios paulistas.<\/a> A iniciativa \u00e9 voltada \u00e0 atualiza\u00e7\u00e3o da caderneta de crian\u00e7as e adolescentes menores de 15 anos.<\/p>\n<p data-component-name=\"paragraph\" class=\"styles__ParagraphStyled-sc-6adecn-0 geGWDE theme-default  \">No \u00faltimo s\u00e1bado, 22, durante o Dia D da campanha, foram aplicadas mais de 600 mil doses de diferentes vacinas em todo o Estado, segundo dados preliminares do Centro de Vigil\u00e2ncia Epidemiol\u00f3gica (CVE-SP). <\/p>\n","protected":false},"excerpt":{"rendered":"Tr\u00eas novos casos de sarampo foram confirmados na capital paulista, segundo informa\u00e7\u00f5es da Secretaria de Estado da Sa\u00fade&hellip;\n","protected":false},"author":2,"featured_media":502586,"comment_status":"","ping_status":"","sticky":false,"template":"","format":"standard","meta":{"footnotes":"","_share_on_mastodon":"0"},"categories":[86],"tags":[726,2732,116,32,33,117],"class_list":["post-502585","post","type-post","status-publish","format-standard","has-post-thumbnail","category-saude","tag-brasil","tag-geral","tag-health","tag-portugal","tag-pt","tag-saude"],"share_on_mastodon":{"url":"https:\/\/pubeurope.com\/@pt\/117167967907569766","error":""},"_links":{"self":[{"href":"https:\/\/www.europesays.com\/pt\/wp-json\/wp\/v2\/posts\/502585","targetHints":{"allow":["GET"]}}],"collection":[{"href":"https:\/\/www.europesays.com\/pt\/wp-json\/wp\/v2\/posts"}],"about":[{"href":"https:\/\/www.europesays.com\/pt\/wp-json\/wp\/v2\/types\/post"}],"author":[{"embeddable":true,"href":"https:\/\/www.europesays.com\/pt\/wp-json\/wp\/v2\/users\/2"}],"replies":[{"embeddable":true,"href":"https:\/\/www.europesays.com\/pt\/wp-json\/wp\/v2\/comments?post=502585"}],"version-history":[{"count":0,"href":"https:\/\/www.europesays.com\/pt\/wp-json\/wp\/v2\/posts\/502585\/revisions"}],"wp:featuredmedia":[{"embeddable":true,"href":"https:\/\/www.europesays.com\/pt\/wp-json\/wp\/v2\/media\/502586"}],"wp:attachment":[{"href":"https:\/\/www.europesays.com\/pt\/wp-json\/wp\/v2\/media?parent=502585"}],"wp:term":[{"taxonomy":"category","embeddable":true,"href":"https:\/\/www.europesays.com\/pt\/wp-json\/wp\/v2\/categories?post=502585"},{"taxonomy":"post_tag","embeddable":true,"href":"https:\/\/www.europesays.com\/pt\/wp-json\/wp\/v2\/tags?post=502585"}],"curies":[{"name":"wp","href":"https:\/\/api.w.org\/{rel}","templated":true}]}}