{"id":50259,"date":"2025-08-29T14:50:23","date_gmt":"2025-08-29T14:50:23","guid":{"rendered":"https:\/\/www.europesays.com\/pt\/50259\/"},"modified":"2025-08-29T14:50:23","modified_gmt":"2025-08-29T14:50:23","slug":"conheca-5-tipos-de-forro-e-como-utiliza-los-no-projeto-de-arquitetura","status":"publish","type":"post","link":"https:\/\/www.europesays.com\/pt\/50259\/","title":{"rendered":"Conhe\u00e7a 5 tipos de forro e como utiliz\u00e1-los no projeto de arquitetura"},"content":{"rendered":"<p>CASA<\/p>\n<p>Elemento vers\u00e1til \u00e9 capaz de transformar os espa\u00e7os com est\u00e9tica, t\u00e9cnica e funcionalidade<\/p>\n<ul class=\"image-container flex flex-wrap list-none gap-2\">\n<li class=\"image-item flex flex-row justify-center items-center\">\n<p><img decoding=\"async\" src=\"https:\/\/midias.agazeta.com.br\/2023\/04\/27\/80x80\/logo-portal-edicase-1594902.jpg\" width=\"45px\" height=\"45px\" alt=\"Foto do(a) author(a) Portal Edicase\" class=\"relative w-full z-20\"\/><\/p>\n<\/li>\n<\/ul>\n<p>\nPublicado em 27 de agosto de 2025 \u00e0s 05:00\n<\/p>\n<p><img fetchpriority=\"high\" decoding=\"async\" loading=\"eager\" src=\"https:\/\/www.europesays.com\/pt\/wp-content\/uploads\/2025\/08\/edicaseo-forro-contribui-para-a-valorizacao-do-ambiente-projeto-meneghisso--pasquotto-arquitetura--i.png\" width=\"1200\" height=\"800\" alt=\"O forro contribui para a valoriza\u00e7\u00e3o do ambiente (Projeto: Meneghisso &amp; Pasquotto Arquitetura | Imagem: JP Image) \" class=\"w-full h-auto\"\/><\/p>\n<p>O forro contribui para a valoriza\u00e7\u00e3o do ambiente Cr\u00e9dito: Projeto: Meneghisso &amp; Pasquotto Arquitetura | Imagem: JP Image<\/p>\n<p id=\"paragrafo-rrdbbs1zrv\">\nO forro \u00e9 um recurso vers\u00e1til na arquitetura de interiores, trazendo praticidade e beleza aos espa\u00e7os. Ele amplia as op\u00e7\u00f5es de ilumina\u00e7\u00e3o, favorece o bem-estar e acrescenta identidade ao design. Com m\u00faltiplos materiais, texturas e formatos, integra-se a diferentes propostas, do cl\u00e1ssico ao contempor\u00e2neo, enriquecendo cada ambiente de maneira singular e refor\u00e7ando o estilo desejado no projeto. &gt;\n<\/p>\n<p id=\"paragrafo-e9zgx8e58a\">\n\u201cOs forros n\u00e3o s\u00e3o apenas complementos, eles fazem parte do desenho arquitet\u00f4nico. Quando bem planejados, ajudam a organizar as instala\u00e7\u00f5es, trazer aconchego e ainda contribuem para o estilo do espa\u00e7o\u201d, comentam os arquitetos Alexandre Pasquotto e Mariana Meneghisso, que juntos comandam a Meneghisso &amp; Pasquotto Arquitetura. &gt;\n<\/p>\n<p>[Edicase]A cortina aplicada no forro cobre a parede com leveza e eleg\u00e2ncia (Projeto: Andrea Teixeira Arquitetura e Interiores | Imagem: Julia Herman) por Projeto: Andrea Teixeira Arquitetura e Interiores | Imagem: Julia Herman<\/p>\n<p>Fun\u00e7\u00f5es do forro<\/p>\n<p id=\"paragrafo-eo4x3yctsl\">\nDe modo geral, os forros cumprem um papel t\u00e9cnico essencial ao esconder vigas, tubula\u00e7\u00f5es de esgoto,   infraestrutura   de ar-condicionado e cabeamentos, situa\u00e7\u00f5es comuns tanto em apartamentos quanto em casas. Al\u00e9m disso, criam espa\u00e7o para embutir ilumina\u00e7\u00e3o, caixas de som, difusores de climatiza\u00e7\u00e3o e cortineiros automatizados ou tradicionais. &gt;\n<\/p>\n<p id=\"paragrafo-84uie2xmy3\">\n\u201cOs forros permitem sistematizar o que ficaria exposto no teto e ainda ajudam a enobrecer a arquitetura. A ilumina\u00e7\u00e3o indireta, por exemplo, ganha muito com sancas que projetam a luz de forma suave, tornando o ambiente mais agrad\u00e1vel\u201d, explica Alexandre Pasquotto. &gt;\n<\/p>\n<p id=\"paragrafo-0vh2cm9g8i\">\nAdemais, os forros tamb\u00e9m desempenham um papel essencial no conforto de um lar. Por isso, Mariana Meneghisso indica materiais como drywall ac\u00fastico, l\u00e3 de rocha e placas perfuradas que ajudam a reduzir o ru\u00eddo, sendo muito usados em  home offices  , salas de TV e  home theaters  . J\u00e1 do ponto de vista t\u00e9rmico, o forro tamb\u00e9m funciona como barreira entre a laje e o interior, o que contribui para a regulagem da temperatura e maior efici\u00eancia energ\u00e9tica. &gt;\n<\/p>\n<p id=\"paragrafo-z87j6k70lm\">\n\u201cO forro pode ser planejado como um aliado ao bem-estar. Quando pensamos em ac\u00fastica, ele melhora a experi\u00eancia do   espa\u00e7o  , quando pensamos em temperatura, ajuda a reduzir a necessidade de climatiza\u00e7\u00e3o artificial\u201d, destaca a arquiteta. &gt;\n<\/p>\n<p>Tipos de forros mais utilizados<\/p>\n<p id=\"paragrafo-xf61v35dep\">\nDiante de um leque de materiais para forros, cada um com caracter\u00edsticas pr\u00f3prias que se adequam a diferentes propostas arquitet\u00f4nicas, a dupla destaca os principais e aponta outras op\u00e7\u00f5es que ainda encontram espa\u00e7o em projetos espec\u00edficos. Confira! &gt;\n<\/p>\n<p>1. Drywall<\/p>\n<p id=\"paragrafo-55rdk1ak2b\">\n\u00c9 o mais usado atualmente em resid\u00eancias por sua praticidade, rapidez de execu\u00e7\u00e3o e grande versatilidade. Permite a cria\u00e7\u00e3o de sancas, cortineiros embutidos, ilumina\u00e7\u00e3o diferenciada e at\u00e9 solu\u00e7\u00f5es ac\u00fasticas, trazendo funcionalidade sem abrir m\u00e3o da est\u00e9tica. &gt;\n<\/p>\n<p>2. Forro de madeira<\/p>\n<p><img decoding=\"async\" loading=\"lazy\" src=\"https:\/\/www.europesays.com\/pt\/wp-content\/uploads\/2025\/08\/edicaseo-forro-em-madeira-transmite-aconchego-e-calor-projeto-meneghisso-amp-pasquotto-arquitetura--.png\" width=\"1024\" height=\"683\" alt=\"O forro em madeira transmite aconchego e calor (Projeto: Meneghisso &amp; Pasquotto Arquitetura | Imagem: JP Image)\" class=\"w-full h-auto\"\/><\/p>\n<p>O forro em madeira transmite aconchego e calor Cr\u00e9dito: Projeto: Meneghisso &amp; Pasquotto Arquitetura | Imagem: JP Image<\/p>\n<p id=\"paragrafo-175a5rjjy5\">\nEmbora seja uma escolha menos comum, continua presente em projetos de alto padr\u00e3o, justamente pelo valor est\u00e9tico que agrega ao ambiente. A   madeira   transmite aconchego e calor, al\u00e9m de exigir baixa manuten\u00e7\u00e3o quando bem instalada. &gt;\n<\/p>\n<p>3. Gesso<\/p>\n<p id=\"paragrafo-ein4palho0\">\nAinda \u00e9 querido por sua versatilidade est\u00e9tica que permite criar diferentes desenhos, desde linhas retas e discretas at\u00e9 sancas e rebaixos mais elaborados. &gt;\n<\/p>\n<p>4. Forro vin\u00edlico<\/p>\n<p id=\"paragrafo-g0oabfou0j\">\nDe   material   leve e resistente \u00e0 umidade, vem ganhando cada vez mais espa\u00e7o, sobretudo em \u00e1reas externas cobertas, como varandas e espa\u00e7os gourmet, onde se exige maior durabilidade sem perder a est\u00e9tica. &gt;\n<\/p>\n<p>5. PVC<\/p>\n<p id=\"paragrafo-eg1351nfxe\">\nCom aplica\u00e7\u00e3o mais recorrente em ambientes comerciais e de menor exig\u00eancia est\u00e9tica, o PVC se destaca pelo uso popular e facilidade de limpeza. Apesar disso, \u00e9 menos empregado em resid\u00eancias de m\u00e9dio e alto padr\u00e3o. &gt;\n<\/p>\n<p>Forros que perderam espa\u00e7o<\/p>\n<p id=\"paragrafo-x0dibgypv6\">\nAlexandre Pasquotto alerta para alguns modelos de forro, antes muito comuns, que perderam espa\u00e7o. \u201cO antigo forro de gesso em plaquinhas vem caindo em desuso. Al\u00e9m de mais pesado e dif\u00edcil de reparar, ele \u00e9 menos produtivo na obra, sendo substitu\u00eddo pelo drywall e por op\u00e7\u00f5es mais modernas e eficientes\u201d. &gt;\n<\/p>\n<p>Alturas m\u00ednimas para o forro<\/p>\n<p id=\"paragrafo-3o6k8dtt58\">\nComo tudo em um projeto de arquitetura \u00e9 premeditado, para que o ambiente n\u00e3o fique desconfort\u00e1vel, o arquiteto explica que \u00e9 preciso respeitar alturas m\u00ednimas no rebaixo. A medida varia conforme os equipamentos embutidos, por exemplo, lumin\u00e1rias de LED podem exigir somente 6 a 7 cm, enquanto   lumin\u00e1rias   maiores, caixas de som e ar-condicionado do tipo cassete necessitam de 15 a 17 cm, mas ar-condicionado dutado ou cassete de quatro vias demandam de 25 a 35 cm. &gt;\n<\/p>\n<p id=\"paragrafo-xegl2xb8rq\">\nAl\u00e9m disso, \u00e9 preciso antever ainda na fase inicial de  briefing   o que os moradores desejam e se interessam que possam vir a ser instalados no forro. \u201cSe o cliente decidir instalar um ar-condicionado ou projetor retr\u00e1til depois, o espa\u00e7o j\u00e1 deve estar previsto\u201d, comenta Alexandre Pasquotto. &gt;\n<\/p>\n<p><img decoding=\"async\" loading=\"lazy\" src=\"https:\/\/www.europesays.com\/pt\/wp-content\/uploads\/2025\/08\/edicasea-etapa-de-instalacao-do-forro-exige-um-planejamento-detalhado-para-evitar-aberturas-constant.png\" width=\"1024\" height=\"683\" alt=\"A etapa de instala\u00e7\u00e3o do forro exige um planejamento detalhado para evitar aberturas constantes (Projeto: Meneghisso &amp; Pasquotto Arquitetura | Imagem: Divulga\u00e7\u00e3o)\" class=\"w-full h-auto\"\/><\/p>\n<p>A etapa de instala\u00e7\u00e3o do forro exige um planejamento detalhado para evitar aberturas constantes Cr\u00e9dito: Projeto: Meneghisso &amp; Pasquotto Arquitetura | Imagem: Divulga\u00e7\u00e3o<\/p>\n<p>Cuidados na hora de instalar<\/p>\n<p id=\"paragrafo-q6jxv8b9o4\">\nA etapa da instala\u00e7\u00e3o do forro exige um planejamento detalhado. M\u00f3dulos el\u00e9tricos, caixas de passagem e reatores de lumin\u00e1rias devem ser bem posicionados, garantindo manuten\u00e7\u00e3o f\u00e1cil e evitando a necessidade de aberturas constantes do forro no futuro. J\u00e1 os equipamentos de climatiza\u00e7\u00e3o, como cassetes e dutos, requerem al\u00e7ap\u00f5es bem dimensionados e preferencialmente localizados em \u00e1reas secund\u00e1rias, como lavanderias e lavabos, para n\u00e3o interferirem na est\u00e9tica dos ambientes sociais. &gt;\n<\/p>\n<p id=\"paragrafo-wf3kfmmta6\">\n\u201cOutro cuidado fundamental \u00e9 a ancoragem de elementos pesados. Pendentes,   coifas   ou at\u00e9 portas de correr suspensas n\u00e3o devem ser fixados no forro, mas diretamente na laje, para garantir seguran\u00e7a e evitar fissuras\u201d, alertam os arquitetos da Meneghisso &amp; Pasquotto Arquitetura. &gt;\n<\/p>\n<p id=\"paragrafo-asc0gazson\">\nQuanto \u00e0 manuten\u00e7\u00e3o, em \u00e1reas que exigem maior prote\u00e7\u00e3o, como rotas de fuga e cozinhas gourmet, \u00e9 poss\u00edvel utilizar forros resistentes ao fogo. Al\u00e9m disso, prever aberturas estrat\u00e9gicas e al\u00e7ap\u00f5es garante uma manuten\u00e7\u00e3o mais simples e evita danos \u00e0 estrutura em caso de poss\u00edveis reparos. &gt;\n<\/p>\n<p>Solu\u00e7\u00f5es para p\u00e9-direito baixo<\/p>\n<p id=\"paragrafo-t9a77k1jid\">\nEm apartamentos com   p\u00e9-direito   reduzido, a solu\u00e7\u00e3o \u00e9 aplicar o forro somente no per\u00edmetro do ambiente. Dessa forma, cria-se espa\u00e7o para embutir recursos de ilumina\u00e7\u00e3o, d\u00e9cor e outros, preservando o centro no p\u00e9-direito original. \u201cEssa t\u00e9cnica evita a sensa\u00e7\u00e3o de achatamento e garante que o forro exer\u00e7a sua fun\u00e7\u00e3o sem comprometer o conforto visual do ambiente\u201d, explicam os arquitetos. &gt;\n<\/p>\n<p id=\"paragrafo-704eve853o\">\nPor isso, mais do que um simples acabamento, o forro \u00e9 um elemento vers\u00e1til capaz de transformar os espa\u00e7os com est\u00e9tica, t\u00e9cnica e funcionalidade, contribuindo tanto para o design quanto para a sensa\u00e7\u00e3o de acolhimento no dia a dia. &gt;<\/p>\n","protected":false},"excerpt":{"rendered":"CASA Elemento vers\u00e1til \u00e9 capaz de transformar os espa\u00e7os com est\u00e9tica, t\u00e9cnica e funcionalidade Publicado em 27 de&hellip;\n","protected":false},"author":2,"featured_media":50260,"comment_status":"","ping_status":"","sticky":false,"template":"","format":"standard","meta":{"footnotes":""},"categories":[144],"tags":[207,205,206,203,201,202,204,114,115,32,33],"class_list":{"0":"post-50259","1":"post","2":"type-post","3":"status-publish","4":"format-standard","5":"has-post-thumbnail","7":"category-arte-e-design","8":"tag-arte","9":"tag-arte-e-design","10":"tag-artedesign","11":"tag-arts","12":"tag-arts-and-design","13":"tag-artsanddesign","14":"tag-design","15":"tag-entertainment","16":"tag-entretenimento","17":"tag-portugal","18":"tag-pt"},"share_on_mastodon":{"url":"","error":""},"_links":{"self":[{"href":"https:\/\/www.europesays.com\/pt\/wp-json\/wp\/v2\/posts\/50259","targetHints":{"allow":["GET"]}}],"collection":[{"href":"https:\/\/www.europesays.com\/pt\/wp-json\/wp\/v2\/posts"}],"about":[{"href":"https:\/\/www.europesays.com\/pt\/wp-json\/wp\/v2\/types\/post"}],"author":[{"embeddable":true,"href":"https:\/\/www.europesays.com\/pt\/wp-json\/wp\/v2\/users\/2"}],"replies":[{"embeddable":true,"href":"https:\/\/www.europesays.com\/pt\/wp-json\/wp\/v2\/comments?post=50259"}],"version-history":[{"count":0,"href":"https:\/\/www.europesays.com\/pt\/wp-json\/wp\/v2\/posts\/50259\/revisions"}],"wp:featuredmedia":[{"embeddable":true,"href":"https:\/\/www.europesays.com\/pt\/wp-json\/wp\/v2\/media\/50260"}],"wp:attachment":[{"href":"https:\/\/www.europesays.com\/pt\/wp-json\/wp\/v2\/media?parent=50259"}],"wp:term":[{"taxonomy":"category","embeddable":true,"href":"https:\/\/www.europesays.com\/pt\/wp-json\/wp\/v2\/categories?post=50259"},{"taxonomy":"post_tag","embeddable":true,"href":"https:\/\/www.europesays.com\/pt\/wp-json\/wp\/v2\/tags?post=50259"}],"curies":[{"name":"wp","href":"https:\/\/api.w.org\/{rel}","templated":true}]}}