{"id":502619,"date":"2026-08-27T15:06:14","date_gmt":"2026-08-27T15:06:14","guid":{"rendered":"https:\/\/www.europesays.com\/pt\/502619\/"},"modified":"2026-08-27T15:06:14","modified_gmt":"2026-08-27T15:06:14","slug":"eclipse-de-2027-dispara-precos-33-129-euros-por-noite-em-el-palmar","status":"publish","type":"post","link":"https:\/\/www.europesays.com\/pt\/502619\/","title":{"rendered":"Eclipse de 2027 dispara pre\u00e7os: 33.129 euros por noite em El Palmar"},"content":{"rendered":"<p>\n         Publicado a<br \/>\n            27\/08\/2026 &#8211; 16:14 GMT+2\n            <\/p>\n<p>Ainda falta quase um ano, mas <a href=\"https:\/\/pt.euronews.com\/2026\/08\/13\/eclipse-de-2027-onde-viajar-para-ver-o-eclipse-do-seculo\" rel=\"nofollow noopener\" target=\"_blank\"><strong>o eclipse solar total de 2 de agosto de 2027<\/strong><\/a> j\u00e1 est\u00e1 a fazer disparar os pre\u00e7os em alguns dos destinos onde melhor poder\u00e1 ser observado. As reservas de alojamento multiplicaram-se em prov\u00edncias como <strong>C\u00e1diz, M\u00e1laga, Granada e Almer\u00eda<\/strong> e, com elas, tamb\u00e9m os pre\u00e7os.<\/p>\n<p>          <img decoding=\"async\" class=\"c-ad__placeholder__logo\" src=\"https:\/\/static.euronews.com\/website\/images\/logos\/logo-euronews-stacked-outlined-72x72-grey-9.svg\" width=\"72\" height=\"72\" alt=\"\" loading=\"lazy\"\/><br \/>\n          PUBLICIDADE<\/p>\n<p>          <img decoding=\"async\" class=\"c-ad__placeholder__logo\" src=\"https:\/\/static.euronews.com\/website\/images\/logos\/logo-euronews-stacked-outlined-72x72-grey-9.svg\" width=\"72\" height=\"72\" alt=\"\" loading=\"lazy\"\/><br \/>\n          PUBLICIDADE<\/p>\n<p>O eclipse poder\u00e1 ser observado a partir de grande parte de Espanha, mas s\u00f3 na Andaluzia, em Ceuta e em Melilla ser\u00e1 poss\u00edvel ver na totalidade como <strong>a Lua encobre o Sol<\/strong>. <\/p>\n<p>Em <strong>Tarifa<\/strong>, um dos locais mais procurados, a obscuridade total vai durar 4 minutos e 38 segundos. Em <strong>Ceuta<\/strong> chegar\u00e1 aos 4 minutos e 48 segundos, segundo o Instituto Geogr\u00e1fico Nacional. <strong>Egito<\/strong> ser\u00e1 o ponto do mundo onde o eclipse poder\u00e1 ser visto na totalidade durante mais tempo, com 6 minutos e 23 segundos.<\/p>\n<p>A corrida para garantir um bom local para o ver j\u00e1 se faz sentir nas plataformas de alojamento. Em <strong>El Palmar<\/strong>, uma vivenda para seis pessoas situada a cerca de 600 metros da praia vai custar <strong>33.129 euros por noite<\/strong>. Dividido pelos seis poss\u00edveis h\u00f3spedes, seriam cerca de <strong>5.522 euros por pessoa<\/strong>.<\/p>\n<p>Em <strong>Tarifa<\/strong> surgem tamb\u00e9m pre\u00e7os dif\u00edceis de ignorar. Para dois adultos entre 1 e 2 de agosto, uma pesquisa apresenta tr\u00eas alojamentos por <strong>13.260, 12.500 e 11.090 euros por noite<\/strong>, respetivamente. E ainda falta quase um ano para o eclipse.<\/p>\n<p>O interesse pelo eclipse j\u00e1 ficou demonstrado em 12 de agosto passado, quando o eclipse solar total que atravessou Espanha gerou um impacto econ\u00f3mico de <strong>347,6 milh\u00f5es de euros<\/strong> e atraiu cerca de <strong>446.000 turistas internacionais<\/strong>. <\/p>\n<p>Os Estados Unidos foram o principal pa\u00eds de origem fora da Europa, seguidos do Canad\u00e1 e da Argentina, enquanto se destacou tamb\u00e9m a chegada de visitantes brit\u00e2nicos e de turistas japoneses, especialmente atra\u00eddos pelo astroturismo.<\/p>\n<p>Com esse precedente, o setor tur\u00edstico prepara-se j\u00e1 para um novo pico de procura. Alguns hot\u00e9is de C\u00e1diz chegaram a <strong>fechar temporariamente as reservas face ao volume de pedidos<\/strong> para agosto de 2027, numa altura em que cresce o interesse pelo astroturismo e pelos destinos a partir dos quais o espet\u00e1culo poder\u00e1 ser apreciado durante mais tempo.<\/p>\n","protected":false},"excerpt":{"rendered":"Publicado a 27\/08\/2026 &#8211; 16:14 GMT+2 Ainda falta quase um ano, mas o eclipse solar total de 2&hellip;\n","protected":false},"author":2,"featured_media":502620,"comment_status":"","ping_status":"","sticky":false,"template":"","format":"standard","meta":{"footnotes":"","_share_on_mastodon":"0"},"categories":[84],"tags":[2469,109,107,108,55608,476,640,32,33,105,103,104,106,110,1456],"class_list":["post-502619","post","type-post","status-publish","format-standard","has-post-thumbnail","category-ciencia-e-tecnologia","tag-astrologia","tag-ciencia","tag-ciencia-e-tecnologia","tag-cienciaetecnologia","tag-eclipse-total-do-sol","tag-economia","tag-espanha","tag-portugal","tag-pt","tag-science","tag-science-and-technology","tag-scienceandtechnology","tag-technology","tag-tecnologia","tag-turismo"],"share_on_mastodon":{"url":"https:\/\/pubeurope.com\/@pt\/117168098109400545","error":""},"_links":{"self":[{"href":"https:\/\/www.europesays.com\/pt\/wp-json\/wp\/v2\/posts\/502619","targetHints":{"allow":["GET"]}}],"collection":[{"href":"https:\/\/www.europesays.com\/pt\/wp-json\/wp\/v2\/posts"}],"about":[{"href":"https:\/\/www.europesays.com\/pt\/wp-json\/wp\/v2\/types\/post"}],"author":[{"embeddable":true,"href":"https:\/\/www.europesays.com\/pt\/wp-json\/wp\/v2\/users\/2"}],"replies":[{"embeddable":true,"href":"https:\/\/www.europesays.com\/pt\/wp-json\/wp\/v2\/comments?post=502619"}],"version-history":[{"count":0,"href":"https:\/\/www.europesays.com\/pt\/wp-json\/wp\/v2\/posts\/502619\/revisions"}],"wp:featuredmedia":[{"embeddable":true,"href":"https:\/\/www.europesays.com\/pt\/wp-json\/wp\/v2\/media\/502620"}],"wp:attachment":[{"href":"https:\/\/www.europesays.com\/pt\/wp-json\/wp\/v2\/media?parent=502619"}],"wp:term":[{"taxonomy":"category","embeddable":true,"href":"https:\/\/www.europesays.com\/pt\/wp-json\/wp\/v2\/categories?post=502619"},{"taxonomy":"post_tag","embeddable":true,"href":"https:\/\/www.europesays.com\/pt\/wp-json\/wp\/v2\/tags?post=502619"}],"curies":[{"name":"wp","href":"https:\/\/api.w.org\/{rel}","templated":true}]}}