{"id":502649,"date":"2026-08-27T15:28:13","date_gmt":"2026-08-27T15:28:13","guid":{"rendered":"https:\/\/www.europesays.com\/pt\/502649\/"},"modified":"2026-08-27T15:28:13","modified_gmt":"2026-08-27T15:28:13","slug":"dois-andares-e-uma-escadaria-imponente-ex-concorrente-do-secret-story-abre-portas-da-casa-de-luxo-big-brother-verao-2026-ultimas-noticias-videos-e-diretos","status":"publish","type":"post","link":"https:\/\/www.europesays.com\/pt\/502649\/","title":{"rendered":"Dois andares e uma escadaria imponente: Ex-concorrente do Secret Story abre portas da casa de luxo &#8211; Big Brother Ver\u00e3o 2026: \u00daltimas Not\u00edcias, V\u00eddeos e Diretos"},"content":{"rendered":"<p>A participa\u00e7\u00e3o no <strong>Secret Story 10<\/strong> ficou para tr\u00e1s <a target=\"_self\" rel=\"noopener noreferrer nofollow\" href=\"https:\/\/tvi.iol.pt\/bigbrother\/liliana-araujo\/16-07-2026\/liliana-do-secret-story-10-recebe-a-noticia-que-mais-desejava-nao-e-necessario-quimioterapia\">e Liliana Ara\u00fajo j\u00e1 retomou a sua vida<\/a> fora da casa mais vigiada do pa\u00eds. Depois de meses sob os holofotes, a ex-concorrente regressou \u00e0 rotina e, nas redes sociais, tem mostrado alguns momentos do seu dia a dia, incluindo o espa\u00e7o onde vive.<\/p>\n<p>A casa de Liliana n\u00e3o passa despercebida. As imagens que partilha permitem conhecer alguns dos recantos do seu lar, marcado por uma decora\u00e7\u00e3o moderna, sofisticada e cuidadosamente pensada.<\/p>\n<p>Entre os v\u00e1rios detalhes que se destacam est\u00e1 a <strong>imponente escadaria iluminada<\/strong>, um dos elementos mais marcantes da habita\u00e7\u00e3o. O espa\u00e7o combina linhas contempor\u00e2neas com apontamentos de luxo, criando uma atmosfera elegante e acolhedora.<\/p>\n<p>Um lar com uma decora\u00e7\u00e3o sofisticada <\/p>\n<p>A resid\u00eancia de Liliana Ara\u00fajo apresenta uma est\u00e9tica contempor\u00e2nea, com uma aposta evidente em linhas simples e numa decora\u00e7\u00e3o cuidada. Os diferentes elementos parecem conjugar-se para criar um ambiente simultaneamente moderno e confort\u00e1vel.<\/p>\n<p>A ilumina\u00e7\u00e3o \u00e9 outro dos pontos fortes da casa. Para al\u00e9m da escadaria, os v\u00e1rios focos de luz contribuem para valorizar os espa\u00e7os e os detalhes decorativos, dando ao im\u00f3vel um ar ainda mais requintado.<\/p>\n<p>Embora Liliana n\u00e3o revele todos os recantos da sua resid\u00eancia, aquilo que vai mostrando nas redes sociais \u00e9 suficiente para despertar a curiosidade dos seguidores. Cada nova fotografia ou v\u00eddeo permite descobrir um pouco mais do seu universo pessoal.<\/p>\n<p>Um dos detalhes que mais chama a aten\u00e7\u00e3o <\/p>\n<p>Entre os elementos vis\u00edveis nas imagens, a escadaria assume particular protagonismo. Com ilumina\u00e7\u00e3o integrada e um desenho imponente, acaba por ser uma das caracter\u00edsticas que mais contribui para o ambiente luxuoso da habita\u00e7\u00e3o.<\/p>\n<p>A decora\u00e7\u00e3o segue uma linha moderna e elegante, sem perder a componente confort\u00e1vel que se espera de uma casa familiar. O resultado \u00e9 um espa\u00e7o com uma identidade bastante pr\u00f3pria e que combina funcionalidade com sofistica\u00e7\u00e3o.<\/p>\n<p>Assim, meses depois da sua sa\u00edda do Secret Story 10, a casa de Liliana Ara\u00fajo continua a despertar a aten\u00e7\u00e3o de quem acompanha a ex-concorrente. Longe de ser apenas o cen\u00e1rio de um momento de regresso ap\u00f3s o reality show, tornou-se tamb\u00e9m uma das facetas da sua vida privada que mais curiosidade suscita entre os seguidores.<\/p>\n<p><strong>Entre o conforto, a modernidade e alguns detalhes de luxo, o lar de Liliana Ara\u00fajo revela uma realidade bem diferente. Percorra a galeria e veja todas as imagens. <\/strong><\/p>\n","protected":false},"excerpt":{"rendered":"A participa\u00e7\u00e3o no Secret Story 10 ficou para tr\u00e1s e Liliana Ara\u00fajo j\u00e1 retomou a sua vida fora&hellip;\n","protected":false},"author":2,"featured_media":502650,"comment_status":"","ping_status":"","sticky":false,"template":"","format":"standard","meta":{"footnotes":"","_share_on_mastodon":"0"},"categories":[142],"tags":[331,48,57345,80554,333,328,335,80553,336,114,115,80555,334,332,330,56375,338,13,32,33,46679,151,162,227],"class_list":["post-502649","post","type-post","status-publish","format-standard","has-post-thumbnail","category-tv","tag-big","tag-big-brother","tag-casa-de-luxo","tag-casa-em-dois-andares","tag-comentadores","tag-concorrentes","tag-confrontos","tag-decoracao-moderna","tag-discussoes","tag-entertainment","tag-entretenimento","tag-escadaria-iluminada","tag-exclusivos","tag-expulso","tag-gala","tag-liliana-araujo","tag-maria-botelho-moniz","tag-noticias","tag-portugal","tag-pt","tag-secret-story-10","tag-tv","tag-tvi","tag-videos"],"share_on_mastodon":{"url":"","error":""},"_links":{"self":[{"href":"https:\/\/www.europesays.com\/pt\/wp-json\/wp\/v2\/posts\/502649","targetHints":{"allow":["GET"]}}],"collection":[{"href":"https:\/\/www.europesays.com\/pt\/wp-json\/wp\/v2\/posts"}],"about":[{"href":"https:\/\/www.europesays.com\/pt\/wp-json\/wp\/v2\/types\/post"}],"author":[{"embeddable":true,"href":"https:\/\/www.europesays.com\/pt\/wp-json\/wp\/v2\/users\/2"}],"replies":[{"embeddable":true,"href":"https:\/\/www.europesays.com\/pt\/wp-json\/wp\/v2\/comments?post=502649"}],"version-history":[{"count":0,"href":"https:\/\/www.europesays.com\/pt\/wp-json\/wp\/v2\/posts\/502649\/revisions"}],"wp:featuredmedia":[{"embeddable":true,"href":"https:\/\/www.europesays.com\/pt\/wp-json\/wp\/v2\/media\/502650"}],"wp:attachment":[{"href":"https:\/\/www.europesays.com\/pt\/wp-json\/wp\/v2\/media?parent=502649"}],"wp:term":[{"taxonomy":"category","embeddable":true,"href":"https:\/\/www.europesays.com\/pt\/wp-json\/wp\/v2\/categories?post=502649"},{"taxonomy":"post_tag","embeddable":true,"href":"https:\/\/www.europesays.com\/pt\/wp-json\/wp\/v2\/tags?post=502649"}],"curies":[{"name":"wp","href":"https:\/\/api.w.org\/{rel}","templated":true}]}}