{"id":502665,"date":"2026-08-27T15:42:21","date_gmt":"2026-08-27T15:42:21","guid":{"rendered":"https:\/\/www.europesays.com\/pt\/502665\/"},"modified":"2026-08-27T15:42:21","modified_gmt":"2026-08-27T15:42:21","slug":"resumo-de-quem-ama-cuida-capitulo-de-quinta-feira-27-08-2026","status":"publish","type":"post","link":"https:\/\/www.europesays.com\/pt\/502665\/","title":{"rendered":"Resumo de \u2018Quem Ama Cuida\u2019: Cap\u00edtulo de quinta-feira (27\/08\/2026)"},"content":{"rendered":"<p>\t\t\t\t\t\t<img loading=\"lazy\" decoding=\"async\" width=\"1024\" height=\"567\" src=\"https:\/\/www.europesays.com\/pt\/wp-content\/uploads\/2026\/08\/1787845340_979_Captura-de-Tela-2026-08-21-as-15.20.13.png\" alt=\"Mulher de cabelos longos e escuros, vestindo blusa preta, olha para cima com express\u00e3o s\u00e9ria. Ao fundo, uma porta de cofre robusta com detalhes dourados e prateados, incluindo uma grande roda de manivela e um pequeno medalh\u00e3o dourado. A ilumina\u00e7\u00e3o \u00e9 suave, destacando o rosto da mulher e os detalhes do cofre\" class=\"media \"\/>\t\t\t\t\t\t\u00a0TV Globo\/Reprodu\u00e7\u00e3o<\/p>\n<p>\t\t\t\t\t\t\tContinua ap\u00f3s publicidade<\/p>\n<p>O<\/p>\n<p>cap\u00edtulo desta quinta-feira (27) de Quem Ama Cuida promete movimentar v\u00e1rios n\u00facleos \u2014 e haja cora\u00e7\u00e3o para acompanhar! Enquanto Carla revela que Ademir foi uma das pessoas que a procuraram, Adriana d\u00e1 mais um passo importante em seus planos envolvendo a joalheria. E ainda tem espa\u00e7o para romance: Mau Mau decide falar sobre seus sentimentos por Felipe.<\/p>\n<p>Carla vai deixar Cl\u00e9ber e Pedro com a pulga atr\u00e1s da orelha. Ela insinua aos dois que sofreu amea\u00e7as, mas evita entrar em detalhes e se esquiva da conversa. Mais tarde, por\u00e9m, Carla conta a Pedro que Ademir foi uma das pessoas que a procuraram. Enquanto isso, Pilar aceita testemunhar a favor dele.<\/p>\n<p>Na joalheria, a tens\u00e3o tamb\u00e9m come\u00e7a a aumentar. Ulisses fica apreensivo ao perceber o interesse de Tiago em conferir o balan\u00e7o do neg\u00f3cio. J\u00e1 Adriana segue avan\u00e7ando em seus planos: Lyris conta a ela que Ulisses gostou da ideia de vender sua parte da joalheria, e Adriana pede que Nancy a represente na compra. Parece que esse tabuleiro est\u00e1 ganhando novas pe\u00e7as \u2014 e r\u00e1pido.<\/p>\n<p>    Continua ap\u00f3s a publicidade<\/p>\n<p>Adriana ainda revela a Iuri que Francesca trabalhou para Arthur. Elisa, por sua vez, demonstra preocupa\u00e7\u00e3o com o plano de vingan\u00e7a de Adriana. A personagem tamb\u00e9m vive seus pr\u00f3prios medos e confessa a Mau Mau que teme enfrentar Otoniel.<\/p>\n<p>Romance tamb\u00e9m agita o resumo de Quem Ama Cuida<\/p>\n<p>Nem s\u00f3 de planos e revela\u00e7\u00f5es vive o cap\u00edtulo. Rafael conta a Andr\u00e9 que est\u00e1 pensando em <strong>pedir Andr\u00e9ia em casamento<\/strong>. Ser\u00e1 que vem pedido por a\u00ed?<\/p>\n<p>Mau Mau tamb\u00e9m protagoniza uma conversa importante sobre sentimentos. Depois de ficar encantado com o novo apartamento de Adriana, ele revela a Dafne que est\u00e1 gostando de Felipe. Sim, o cora\u00e7\u00e3o resolveu entrar oficialmente na trama!<\/p>\n<p>    Continua ap\u00f3s a publicidade<\/p>\n<p>Para completar as movimenta\u00e7\u00f5es do dia, Lyris come\u00e7a a trabalhar no restaurante de Laurentino. Entre segredos, vingan\u00e7a, neg\u00f3cios e poss\u00edveis novos casais, o cap\u00edtulo de quinta promete deixar v\u00e1rias hist\u00f3rias de Quem Ama Cuida prontinhas para os pr\u00f3ximos desdobramentos.<\/p>\n<p><strong>A novela Quem Ama Cuida vai ao ar \u00e0s 20h40 nas quartas-feiras e \u00e0s 21h20 nos outros dias da semana (hor\u00e1rio de Bras\u00edlia).<\/strong><\/p>\n<p>    Continua ap\u00f3s a publicidade<\/p>\n<p><strong>*Este conte\u00fado foi produzido com aux\u00edlio de ferramentas de <a href=\"https:\/\/vcia.abril.com.br\/\" rel=\"nofollow noopener\" target=\"_blank\">intelig\u00eancia artificial<\/a>, com curadoria e checagem da equipe de jornalistas da CAPRICHO.<\/strong><\/p>\n<p>                Newsletter CH<br \/>\n                <img decoding=\"async\" src=\"https:\/\/capricho.abril.com.br\/wp-content\/themes\/abril-capricho-new\/inc\/images\/logo.svg\"\/><\/p>\n<p>                            Inscreva-se<br \/>\n                            e receba no seu e-mail o melhor do que rolou na semana na CH.<\/p>\n<p>                            Cadastro efetuado com sucesso!<\/p>\n<p>Voc\u00ea receber\u00e1 este conte\u00fado por email em breve.<\/p>\n<p>    Continua ap\u00f3s a publicidade<\/p>\n<p>O que \u00e9 ser adolescente hoje? Elenco de \u2018Por Voc\u00ea\u2019 responde<\/p>\n","protected":false},"excerpt":{"rendered":"\u00a0TV Globo\/Reprodu\u00e7\u00e3o Continua ap\u00f3s publicidade O cap\u00edtulo desta quinta-feira (27) de Quem Ama Cuida promete movimentar v\u00e1rios n\u00facleos&hellip;\n","protected":false},"author":2,"featured_media":502666,"comment_status":"","ping_status":"","sticky":false,"template":"","format":"standard","meta":{"footnotes":"","_share_on_mastodon":"0"},"categories":[142],"tags":[114,115,753,5236,2931,32,33,16076,151],"class_list":["post-502665","post","type-post","status-publish","format-standard","has-post-thumbnail","category-tv","tag-entertainment","tag-entretenimento","tag-globo","tag-nova-novela","tag-novela","tag-portugal","tag-pt","tag-resumo-dos-capitulos","tag-tv"],"share_on_mastodon":{"url":"https:\/\/pubeurope.com\/@pt\/117168239912844061","error":""},"_links":{"self":[{"href":"https:\/\/www.europesays.com\/pt\/wp-json\/wp\/v2\/posts\/502665","targetHints":{"allow":["GET"]}}],"collection":[{"href":"https:\/\/www.europesays.com\/pt\/wp-json\/wp\/v2\/posts"}],"about":[{"href":"https:\/\/www.europesays.com\/pt\/wp-json\/wp\/v2\/types\/post"}],"author":[{"embeddable":true,"href":"https:\/\/www.europesays.com\/pt\/wp-json\/wp\/v2\/users\/2"}],"replies":[{"embeddable":true,"href":"https:\/\/www.europesays.com\/pt\/wp-json\/wp\/v2\/comments?post=502665"}],"version-history":[{"count":0,"href":"https:\/\/www.europesays.com\/pt\/wp-json\/wp\/v2\/posts\/502665\/revisions"}],"wp:featuredmedia":[{"embeddable":true,"href":"https:\/\/www.europesays.com\/pt\/wp-json\/wp\/v2\/media\/502666"}],"wp:attachment":[{"href":"https:\/\/www.europesays.com\/pt\/wp-json\/wp\/v2\/media?parent=502665"}],"wp:term":[{"taxonomy":"category","embeddable":true,"href":"https:\/\/www.europesays.com\/pt\/wp-json\/wp\/v2\/categories?post=502665"},{"taxonomy":"post_tag","embeddable":true,"href":"https:\/\/www.europesays.com\/pt\/wp-json\/wp\/v2\/tags?post=502665"}],"curies":[{"name":"wp","href":"https:\/\/api.w.org\/{rel}","templated":true}]}}