{"id":50267,"date":"2025-08-29T14:55:10","date_gmt":"2025-08-29T14:55:10","guid":{"rendered":"https:\/\/www.europesays.com\/pt\/50267\/"},"modified":"2025-08-29T14:55:10","modified_gmt":"2025-08-29T14:55:10","slug":"sporting-tem-acordo-com-o-rennes-para-a-transferencia-de-conrad-harder-e-valores-sao-superiores-aos-do-ac-milan-bola-na-rede","status":"publish","type":"post","link":"https:\/\/www.europesays.com\/pt\/50267\/","title":{"rendered":"Sporting tem acordo com o Rennes para a transfer\u00eancia de Conrad Harder e valores s\u00e3o superiores aos do AC Milan &#8211; Bola na Rede"},"content":{"rendered":"<ol>\n<li><a href=\"https:\/\/news.google.com\/rss\/articles\/CBMi-wFBVV95cUxPQ2ZvTlVHZXJlelRucThrdy1jS1BkUUFpRUV3djBlZlZFTlVzZ25ObVRYTDBmUWIwMlplbklVc0ZWWks5a29HSWFmdWtmV24xc29Hd1hRVzAwRWFtcmNWdF80ZXpWamhHR1FFUkhFXzExRm5iSXhLcjRYVnBPYzhfd2JVX2ZLR2xkZ1dkY1AtaG9BQkZoLXliSG5yeFNuMGR2TGNHbFdRTGd4NGMzcVV2YllBbklmTzV2N2pkVlQ3UXM5RFl3MjRSb3QwSk1QOXJvcHNMSUwxOG5rOEt6RFYybXRZNDBHWTBpMzk5eTlPRE5BOVJURHFxWjZnTQ?oc=5\" target=\"_blank\" rel=\"nofollow noopener\">Sporting tem acordo com o Rennes para a transfer\u00eancia de Conrad Harder e valores s\u00e3o superiores aos do AC Milan<\/a>&nbsp;&nbsp;Bola na Rede<\/li>\n<li><a href=\"https:\/\/news.google.com\/rss\/articles\/CBMi1wFBVV95cUxQcmZZRzREMHFsS3pFRUlORjNLRXlqWmNTQzVjelgybS02UDlXOE5mRDV0WVFWTHduNzNOTHlZc0xXQkhiVmlRRENWcHVLUS05Yy0xZTZKcG5ZdXowWUdtMkNZNUZvWTBTZGNubzZkZkh3ak5xRkdpdDdqNTNBMUlOM3p0NTFPNzd4MUFZN0ZVQlhZVHJvamdCVi1oZjJLR296Nlg5bWRIYmExaUFPSVphV2NYdkxvcm9FZzhHVlViZHpPRHJ6OXk1ODFITEVMRWU3ZFpCOEY2bw?oc=5\" target=\"_blank\" rel=\"nofollow noopener\">Sa\u00edda de Harder pode render at\u00e9 30 milh\u00f5es de euros ao Sporting<\/a>&nbsp;&nbsp;Record<\/li>\n<li><a href=\"https:\/\/news.google.com\/rss\/articles\/CBMilAFBVV95cUxOREl6dG9wekMwTlA0N3FoWlU0OWNLT3lWWUVKUTYwc3dYeFFWQjZUUmpia3Jmd0ZYb3VTbUZLWlFGdzBfcmhDQ25lUXRvNzZVTnJwVmJ3TXEzNWVGYmtBb2VTc1Z0Y2cwSU5TRzE4b3NmM0hCY1BVcnBQUDl6RHlsVXBhT2JoQm01dk5PZWR4dTNjZVdP?oc=5\" target=\"_blank\" rel=\"nofollow noopener\">Sporting: Rennes volta \u00e0 carga por Harder<\/a>&nbsp;&nbsp;A Bola<\/li>\n<li><a href=\"https:\/\/news.google.com\/rss\/articles\/CBMi9gFBVV95cUxQNkJLbTY5RVNTNjhpLXhsMGZWUGRWTUJ3UkdVZF9GYmxxZGtkTjNTczFyVzkzaHBOUG1HZ1VKMG1vMW9LaWFEbHJLekUtRjFmMWpKc0xkNUxmNXJxTmdVUUJUcnRkbWlIRnFqdWNCSVdfa1EzVkFSS1VKVGoxd0d2Z2hULVUyU1dzMzhwUjFicmJlcjRsQzktLXBwQU11dFllNDgwMm5QRmtPTElVdXJBc0doTWlGNHJRRDE5dm40NFdSVWRDM3NSNWdqOHJMdkNzV3ltVWdoV0lrTWNieTF4VEtpNFV0YzBEN1BvcG4tenlWSGQxb3c?oc=5\" target=\"_blank\" rel=\"nofollow noopener\">Manh\u00e3 agitada para Tara: Encontro com Allegri e o agente de um jogador, ap\u00f3s a derrota vergonhosa para o Cremonese<\/a>&nbsp;&nbsp;Gazeta Express<\/li>\n<li><a href=\"https:\/\/news.google.com\/rss\/articles\/CBMivwFBVV95cUxNOFNfNVdUSGp5MmN4MlRIdVI2dE9NMldaTHQ0S1JSNWRxWG1HQmdJMHkzQy1EMHRWc2pJRUpQT05pWldubTIwaTlHZWFxSXFvVV90REltZ2U2czl5TVg2aWNjUlNmU3F3NUlOSTlwWEpNZ2RBT3JUWE1JZnRHclVJMUp4a3lPT0QtVUNsc2ZaZEloeGZ2MmNTZmRUSFJvQUJxNzdaQ1FZc0U4OExMcGoyX1JWbHJqQ2tvb194ZmhJaw?oc=5\" target=\"_blank\" rel=\"nofollow noopener\">Milan em alerta: exig\u00eancias do agente podem travar sa\u00edda de Harder do Sporting<\/a>&nbsp;&nbsp;Sportinforma<\/li>\n<\/ol>\n","protected":false},"excerpt":{"rendered":"Sporting tem acordo com o Rennes para a transfer\u00eancia de Conrad Harder e valores s\u00e3o superiores aos do&hellip;\n","protected":false},"author":2,"featured_media":47583,"comment_status":"","ping_status":"","sticky":false,"template":"","format":"standard","meta":{"footnotes":""},"categories":[87],"tags":[135,32,33,134],"class_list":{"0":"post-50267","1":"post","2":"type-post","3":"status-publish","4":"format-standard","5":"has-post-thumbnail","7":"category-desporto","8":"tag-desporto","9":"tag-portugal","10":"tag-pt","11":"tag-sports"},"share_on_mastodon":{"url":"","error":""},"_links":{"self":[{"href":"https:\/\/www.europesays.com\/pt\/wp-json\/wp\/v2\/posts\/50267","targetHints":{"allow":["GET"]}}],"collection":[{"href":"https:\/\/www.europesays.com\/pt\/wp-json\/wp\/v2\/posts"}],"about":[{"href":"https:\/\/www.europesays.com\/pt\/wp-json\/wp\/v2\/types\/post"}],"author":[{"embeddable":true,"href":"https:\/\/www.europesays.com\/pt\/wp-json\/wp\/v2\/users\/2"}],"replies":[{"embeddable":true,"href":"https:\/\/www.europesays.com\/pt\/wp-json\/wp\/v2\/comments?post=50267"}],"version-history":[{"count":0,"href":"https:\/\/www.europesays.com\/pt\/wp-json\/wp\/v2\/posts\/50267\/revisions"}],"wp:featuredmedia":[{"embeddable":true,"href":"https:\/\/www.europesays.com\/pt\/wp-json\/wp\/v2\/media\/47583"}],"wp:attachment":[{"href":"https:\/\/www.europesays.com\/pt\/wp-json\/wp\/v2\/media?parent=50267"}],"wp:term":[{"taxonomy":"category","embeddable":true,"href":"https:\/\/www.europesays.com\/pt\/wp-json\/wp\/v2\/categories?post=50267"},{"taxonomy":"post_tag","embeddable":true,"href":"https:\/\/www.europesays.com\/pt\/wp-json\/wp\/v2\/tags?post=50267"}],"curies":[{"name":"wp","href":"https:\/\/api.w.org\/{rel}","templated":true}]}}