{"id":502695,"date":"2026-08-27T16:05:19","date_gmt":"2026-08-27T16:05:19","guid":{"rendered":"https:\/\/www.europesays.com\/pt\/502695\/"},"modified":"2026-08-27T16:05:19","modified_gmt":"2026-08-27T16:05:19","slug":"socio-da-discoteca-lust-in-rio-encontrado-morto-em-casa-observador","status":"publish","type":"post","link":"https:\/\/www.europesays.com\/pt\/502695\/","title":{"rendered":"S\u00f3cio da discoteca Lust in Rio encontrado morto em casa \u2013 Observador"},"content":{"rendered":"<p>Paulo Gon\u00e7alves, s\u00f3cio da discoteca lisboeta Lust in Rio, foi encontrado morto na noite desta quarta-feira, entre as 21h e as 22h, v\u00edtima de um disparo. A informa\u00e7\u00e3o foi avan\u00e7ada pelo <a href=\"https:\/\/www.cmjornal.pt\/portugal\/detalhe\/socio-da-discoteca-lust-in-rio-encontrado-morto\" rel=\"nofollow noopener\" target=\"_blank\">Correio da Manh\u00e3<\/a> e confirmada ao Observador por fonte da Pol\u00edcia Judici\u00e1ria. De acordo com fonte pr\u00f3xima do empres\u00e1rio, ter-se-\u00e1 tratado de um suic\u00eddio.<\/p>\n<p>O corpo do empres\u00e1rio da noite ter\u00e1 sido descoberto por um amigo pr\u00f3ximo e, at\u00e9 ao momento, n\u00e3o h\u00e1 ind\u00edcios de crime, tendo sido encontrada uma arma junto do corpo. As informa\u00e7\u00f5es foram entretanto confirmadas pelo Observador.<\/p>\n<p>Em comunicado, a administra\u00e7\u00e3o do Lust in Rio fala em \u201ccircunst\u00e2ncias de natureza profundamente pessoal e \u00edntima, associadas a uma dor silenciosa e dif\u00edcil de alcan\u00e7ar, que nem sempre se manifesta ou \u00e9 percet\u00edvel aos olhos daqueles que est\u00e3o por perto\u201d.<\/p>\n<p>A ger\u00eancia manifesta ainda o \u201cmais profundo pesar\u201d e \u201cune-se, neste momento de enorme dor, \u00e0 sua fam\u00edlia, amigos e a todos aqueles que tiveram o privil\u00e9gio de com ele partilhar a vida\u201d.<\/p>\n<p>\u201cO Paulo far\u00e1 sempre parte da nossa hist\u00f3ria e ser\u00e1 recordado com enorme carinho, respeito e saudade\u201d, conclui o comunicado.<\/p>\n<p>(Not\u00edcia atualizada \u00e0s 16h50 com o comunicado da administra\u00e7\u00e3o do Lust in Rio)<\/p>\n","protected":false},"excerpt":{"rendered":"Paulo Gon\u00e7alves, s\u00f3cio da discoteca lisboeta Lust in Rio, foi encontrado morto na noite desta quarta-feira, entre as&hellip;\n","protected":false},"author":2,"featured_media":502696,"comment_status":"","ping_status":"","sticky":false,"template":"","format":"standard","meta":{"footnotes":"","_share_on_mastodon":"0"},"categories":[10],"tags":[27,28,15,16,14,25,26,797,21,22,12,38471,13,19,20,57,32,23,24,33,58,17,18,2303,29,30,31],"class_list":["post-502695","post","type-post","status-publish","format-standard","has-post-thumbnail","category-portugal","tag-breaking-news","tag-breakingnews","tag-featured-news","tag-featurednews","tag-headlines","tag-latest-news","tag-latestnews","tag-lisboa","tag-main-news","tag-mainnews","tag-news","tag-noite-lisboeta","tag-noticias","tag-noticias-principais","tag-noticiasprincipais","tag-pau00eds","tag-portugal","tag-principais-noticias","tag-principaisnoticias","tag-pt","tag-sociedade","tag-top-stories","tag-topstories","tag-u00d3bito","tag-ultimas","tag-ultimas-noticias","tag-ultimasnoticias"],"share_on_mastodon":{"url":"https:\/\/pubeurope.com\/@pt\/117168329688701290","error":""},"_links":{"self":[{"href":"https:\/\/www.europesays.com\/pt\/wp-json\/wp\/v2\/posts\/502695","targetHints":{"allow":["GET"]}}],"collection":[{"href":"https:\/\/www.europesays.com\/pt\/wp-json\/wp\/v2\/posts"}],"about":[{"href":"https:\/\/www.europesays.com\/pt\/wp-json\/wp\/v2\/types\/post"}],"author":[{"embeddable":true,"href":"https:\/\/www.europesays.com\/pt\/wp-json\/wp\/v2\/users\/2"}],"replies":[{"embeddable":true,"href":"https:\/\/www.europesays.com\/pt\/wp-json\/wp\/v2\/comments?post=502695"}],"version-history":[{"count":0,"href":"https:\/\/www.europesays.com\/pt\/wp-json\/wp\/v2\/posts\/502695\/revisions"}],"wp:featuredmedia":[{"embeddable":true,"href":"https:\/\/www.europesays.com\/pt\/wp-json\/wp\/v2\/media\/502696"}],"wp:attachment":[{"href":"https:\/\/www.europesays.com\/pt\/wp-json\/wp\/v2\/media?parent=502695"}],"wp:term":[{"taxonomy":"category","embeddable":true,"href":"https:\/\/www.europesays.com\/pt\/wp-json\/wp\/v2\/categories?post=502695"},{"taxonomy":"post_tag","embeddable":true,"href":"https:\/\/www.europesays.com\/pt\/wp-json\/wp\/v2\/tags?post=502695"}],"curies":[{"name":"wp","href":"https:\/\/api.w.org\/{rel}","templated":true}]}}