{"id":502699,"date":"2026-08-27T16:11:14","date_gmt":"2026-08-27T16:11:14","guid":{"rendered":"https:\/\/www.europesays.com\/pt\/502699\/"},"modified":"2026-08-27T16:11:14","modified_gmt":"2026-08-27T16:11:14","slug":"quem-ama-cuida-sera-exibida-mais-tarde-nesta-quinta-confira-o-novo-horario","status":"publish","type":"post","link":"https:\/\/www.europesays.com\/pt\/502699\/","title":{"rendered":"\u2018Quem Ama Cuida\u2019 ser\u00e1 exibida mais tarde nesta quinta; confira o novo hor\u00e1rio"},"content":{"rendered":"<p class=\"headlines\">Henrique Barreira e Mariana Ximenes vivem o primeiro beijo de Andr\u00e9 e Dora em &#8216;Quem Ama Cuida&#8217;<\/p>\n<p>1:01<\/p>\n<p><img  loading=\"lazy\" class=\"thumb lazy-load-img\"\/><\/p>\n<p class=\"description\">Cena foi ensaiada e coreografada pelos atores antes da grava\u00e7\u00e3o.  Cr\u00e9dito: TV Globo\/Reprodu\u00e7\u00e3o<\/p>\n<p data-component-name=\"paragraph\" class=\"styles__ParagraphStyled-sc-6adecn-0 geGWDE theme-default  \">Nesta quinta-feira, 27, <a href=\"https:\/\/www.estadao.com.br\/tudo-sobre\/quem-ama-cuida-novela\/\" target=\"_blank\" rel=\"noreferrer nofollow noopener\" title=\"https:\/\/www.estadao.com.br\/tudo-sobre\/quem-ama-cuida-novela\/\"><strong>Quem Ama Cuida<\/strong><\/a> ter\u00e1 novamente seu hor\u00e1rio de exibi\u00e7\u00e3o alterado na grade da Globo. Devido \u00e0 programa\u00e7\u00e3o especial das elei\u00e7\u00f5es, a novela come\u00e7ar\u00e1 mais tarde, conforme a programa\u00e7\u00e3o divulgada pela emissora.<\/p>\n<p><img  loading=\"lazy\" class=\"lazy-load-img\"\/><\/p>\n<p>Nesta quinta-feira, 27, &#8216;Quem Ama Cuida&#8217; ser\u00e1 exibida \u00e0s 21h50\u00a0Foto:  Globo\/Divulga\u00e7\u00e3o<\/p>\n<p>A trama est\u00e1 prevista para ir ao ar a partir das 21h50, logo ap\u00f3s o Jornal Nacional. A mudan\u00e7a ocorre por causa da programa\u00e7\u00e3o especial do telejornal nesta semana, que est\u00e1 entrevistando os candidatos \u00e0 Presid\u00eancia da Rep\u00fablica.<\/p>\n<p data-component-name=\"paragraph\" class=\"styles__ParagraphStyled-sc-6adecn-0 geGWDE theme-default  \">O Jornal Nacional vai ao ar \u00e0s 20h30. \u00c0s 21h05, o atual presidente e candidato \u00e0 reelei\u00e7\u00e3o, Lula, ser\u00e1 entrevistado por C\u00e9sar Tralli e Renata Vasconcellos. Na sequ\u00eancia, \u00e0s 21h50, ser\u00e1 exibido Quem Ama Cuida. Depois da novela, \u00e0s 22h35, come\u00e7a Estrelas da Casa, que far\u00e1 a estreia do grupo Pagode, comandado por Belo.<\/p>\n<p>Leia mais<\/p>\n<p>O que acontece hoje em \u2018Quem Ama Cuida\u2019 <\/p>\n<p data-component-name=\"paragraph\" class=\"styles__ParagraphStyled-sc-6adecn-0 geGWDE theme-default  \">O cap\u00edtulo desta quinta-feira, 27, de Quem Ama Cuida ser\u00e1 marcado por um momento aguardado h\u00e1 anos por Andr\u00e9 e Dora. Depois de tanto desejo reprimido, os dois finalmente ter\u00e3o a primeira noite de amor.<\/p>\n<p data-component-name=\"paragraph\" class=\"styles__ParagraphStyled-sc-6adecn-0 geGWDE theme-default  \">Andr\u00e9 vai at\u00e9 o apartamento de Dora e se declara para ela. \u201cN\u00e3o teve um dia que eu acordei sem pensar em voc\u00ea. Voc\u00ea me fez sentir coisas que eu nem sabia que poderia sentir. Eu te amo, Dora\u201d, diz ele. Os dois se beijam, mas, quando o clima come\u00e7a a esquentar, Dora recua.<\/p>\n<p data-component-name=\"paragraph\" class=\"styles__ParagraphStyled-sc-6adecn-0 geGWDE theme-default  \">Andr\u00e9, ent\u00e3o, respeita o momento e espera. Depois de algum tempo, ela decide se entregar de vez \u00e0 paix\u00e3o e eles passam a primeira noite juntos.<\/p>\n","protected":false},"excerpt":{"rendered":"Henrique Barreira e Mariana Ximenes vivem o primeiro beijo de Andr\u00e9 e Dora em &#8216;Quem Ama Cuida&#8217; 1:01&hellip;\n","protected":false},"author":2,"featured_media":502700,"comment_status":"","ping_status":"","sticky":false,"template":"","format":"standard","meta":{"footnotes":"","_share_on_mastodon":"0"},"categories":[142],"tags":[114,115,35803,32,33,69917,1711,151],"class_list":["post-502699","post","type-post","status-publish","format-standard","has-post-thumbnail","category-tv","tag-entertainment","tag-entretenimento","tag-mariana-ximenes","tag-portugal","tag-pt","tag-quem-ama-cuida-novela","tag-sample","tag-tv"],"share_on_mastodon":{"url":"https:\/\/pubeurope.com\/@pt\/117168353248533805","error":""},"_links":{"self":[{"href":"https:\/\/www.europesays.com\/pt\/wp-json\/wp\/v2\/posts\/502699","targetHints":{"allow":["GET"]}}],"collection":[{"href":"https:\/\/www.europesays.com\/pt\/wp-json\/wp\/v2\/posts"}],"about":[{"href":"https:\/\/www.europesays.com\/pt\/wp-json\/wp\/v2\/types\/post"}],"author":[{"embeddable":true,"href":"https:\/\/www.europesays.com\/pt\/wp-json\/wp\/v2\/users\/2"}],"replies":[{"embeddable":true,"href":"https:\/\/www.europesays.com\/pt\/wp-json\/wp\/v2\/comments?post=502699"}],"version-history":[{"count":0,"href":"https:\/\/www.europesays.com\/pt\/wp-json\/wp\/v2\/posts\/502699\/revisions"}],"wp:featuredmedia":[{"embeddable":true,"href":"https:\/\/www.europesays.com\/pt\/wp-json\/wp\/v2\/media\/502700"}],"wp:attachment":[{"href":"https:\/\/www.europesays.com\/pt\/wp-json\/wp\/v2\/media?parent=502699"}],"wp:term":[{"taxonomy":"category","embeddable":true,"href":"https:\/\/www.europesays.com\/pt\/wp-json\/wp\/v2\/categories?post=502699"},{"taxonomy":"post_tag","embeddable":true,"href":"https:\/\/www.europesays.com\/pt\/wp-json\/wp\/v2\/tags?post=502699"}],"curies":[{"name":"wp","href":"https:\/\/api.w.org\/{rel}","templated":true}]}}