{"id":50270,"date":"2025-08-29T14:57:10","date_gmt":"2025-08-29T14:57:10","guid":{"rendered":"https:\/\/www.europesays.com\/pt\/50270\/"},"modified":"2025-08-29T14:57:10","modified_gmt":"2025-08-29T14:57:10","slug":"veneza-pretos-e-nudes-na-red-carpet-exceto-pelos-clooney-observador","status":"publish","type":"post","link":"https:\/\/www.europesays.com\/pt\/50270\/","title":{"rendered":"Veneza. Pretos e nudes na red carpet, exceto pelos Clooney \u2013 Observador"},"content":{"rendered":"<p>O festival tamb\u00e9m est\u00e1 a ser de algumas estreias de moda.\u00a0<strong>Alba Rohrwacher<\/strong> pisou a red carpet esta quinta-feira com o primeiro vestido de alta costura de <strong>Jonathan Anderson para a Dior<\/strong>, um modelo com silhueta ajustada e saia estruturada que lembra a est\u00e9tica da reg\u00eancia francesa do s\u00e9culo XIX (<a href=\"https:\/\/observador.pt\/2025\/06\/27\/jonathan-anderson-a-estreia-do-principe-rebelde-na-nova-aristocracia-dior\/\" target=\"_blank\" rel=\"noopener nofollow\">a mesma inspira\u00e7\u00e3o da cole\u00e7\u00e3o masculina apresentada em junho<\/a>) \u2014 uma pe\u00e7a que ter\u00e1 demorado 126 horas para ficar pronta. A Dior esteve tamb\u00e9m num evento mais cedo com Luca Guadagnino, realizador que costuma trabalhar com Anderson, que levou uma T-Shirt com a c\u00e9lebre frase de Marlene Dietrich para Alfred Hitchcock antes de come\u00e7ar a filmar Pavor nos Bastidores em 1950: \u201cNo Dior,\u00a0no Dietrich!\u201d. J\u00e1 <strong>J\u00falia Roberts<\/strong>, no mesmo evento, vestiu as primeiras pe\u00e7as de <strong>Dario Vitale para a Versace<\/strong>, um coordenado de cal\u00e7as de ganga e blazer azul marinho oversized com camisa \u00e0s listas amarelas e bege.<\/p>\n<p>Esta quinta-feira outras estrelas tamb\u00e9m pisaram a red carpet, como <strong>Emma Stone<\/strong>, que exibiu um vestido de tule bordado com al\u00e7as e saia bal\u00e3o drapeada, combinado com sand\u00e1lias de cetim, todas <strong>pe\u00e7as Louis Vuitton<\/strong>. O visual ficou completo com um conjunto de an\u00e9is de diamante, brincos de zirc\u00f4nias de alta joalharia e <a href=\"https:\/\/observador.pt\/2025\/08\/20\/um-batom-por-140-euros-la-beaute-a-estreia-da-louis-vuitton-na-cosmetica-de-luxo\/\" target=\"_blank\" rel=\"noopener nofollow\">o novo batom de 140 euros da maison francesa<\/a>. Ainda nos tons claros, <strong>Alicia Silverstone<\/strong> passou pela\u00a0red carpet de Bugonia num vestido camiseiro marfim com uma cauda discreta e len\u00e7o no pesco\u00e7o, um coordenado assinado pela Prada.<\/p>\n<p>Contudo o preto ainda \u00e9 a cor mais vista nestes primeiros dois dias de passadeira vermelha. A come\u00e7ar a temporada de pr\u00e9mios,\u00a0<strong>Noomi Rapace<\/strong> investe na campanha para promover Mother, <a href=\"https:\/\/observador.pt\/2025\/08\/28\/madre-teresa-punk-rock-da-troco-a-graca-do-presidente-de-sorrentino\/\" rel=\"nofollow noopener\" target=\"_blank\">o filme punk rock em que interpreta uma madre Teresa de Calcut\u00e1 que nunca vimos<\/a>. Se no primeiro dia do festival a atriz sueca usou um vestido preto com uma faixa no cabelo, com tecido estruturado que se assemelhava a uma vers\u00e3o mais sexy das vestes religiosas, esta quinta-feira Rapace voltou a apostar na alfaiataria num coordenado estilo smoking. Outra figura a destacar-se em preto foi <strong>Cate Blanchett<\/strong>, que para o primeiro dia escolheu um <strong>vestido Armani Priv\u00e9<\/strong> com um decote profundo, que j\u00e1 tinha usado em 2022 para a gala dos SAG Awards.<\/p>\n<p>J\u00e1 as transpar\u00eancias est\u00e3o presentes em muitos dos visuais, especialmente nas famosas vestidas pela marca de <strong>lingerie Intimissimi<\/strong>. Foi o caso da modelo e atriz <strong>Barbara Palvin, a atriz Claire Holt, a empres\u00e1ria e modelo Emi Renata e tamb\u00e9m Heidi e Leni Klum<\/strong>. Na primeira noite do Festival de Veneza, m\u00e3e e filha fizeram sucesso na red carpet com vestidos muito semelhantes mas em cores diferentes, o preto e o rosa nude, que parecem ser os tons tend\u00eancia pelo menos at\u00e9 agora. <strong>Pode ver os looks das red carpets do Festival de Cinema de Veneza na galeria acima.<\/strong><\/p>\n","protected":false},"excerpt":{"rendered":"O festival tamb\u00e9m est\u00e1 a ser de algumas estreias de moda.\u00a0Alba Rohrwacher pisou a red carpet esta quinta-feira&hellip;\n","protected":false},"author":2,"featured_media":50271,"comment_status":"","ping_status":"","sticky":false,"template":"","format":"standard","meta":{"footnotes":""},"categories":[85],"tags":[211,114,115,186,1079,14758,32,33],"class_list":{"0":"post-50270","1":"post","2":"type-post","3":"status-publish","4":"format-standard","5":"has-post-thumbnail","7":"category-entretenimento","8":"tag-celebridades","9":"tag-entertainment","10":"tag-entretenimento","11":"tag-lifestyle","12":"tag-moda","13":"tag-passadeira-vermelha","14":"tag-portugal","15":"tag-pt"},"share_on_mastodon":{"url":"","error":""},"_links":{"self":[{"href":"https:\/\/www.europesays.com\/pt\/wp-json\/wp\/v2\/posts\/50270","targetHints":{"allow":["GET"]}}],"collection":[{"href":"https:\/\/www.europesays.com\/pt\/wp-json\/wp\/v2\/posts"}],"about":[{"href":"https:\/\/www.europesays.com\/pt\/wp-json\/wp\/v2\/types\/post"}],"author":[{"embeddable":true,"href":"https:\/\/www.europesays.com\/pt\/wp-json\/wp\/v2\/users\/2"}],"replies":[{"embeddable":true,"href":"https:\/\/www.europesays.com\/pt\/wp-json\/wp\/v2\/comments?post=50270"}],"version-history":[{"count":0,"href":"https:\/\/www.europesays.com\/pt\/wp-json\/wp\/v2\/posts\/50270\/revisions"}],"wp:featuredmedia":[{"embeddable":true,"href":"https:\/\/www.europesays.com\/pt\/wp-json\/wp\/v2\/media\/50271"}],"wp:attachment":[{"href":"https:\/\/www.europesays.com\/pt\/wp-json\/wp\/v2\/media?parent=50270"}],"wp:term":[{"taxonomy":"category","embeddable":true,"href":"https:\/\/www.europesays.com\/pt\/wp-json\/wp\/v2\/categories?post=50270"},{"taxonomy":"post_tag","embeddable":true,"href":"https:\/\/www.europesays.com\/pt\/wp-json\/wp\/v2\/tags?post=50270"}],"curies":[{"name":"wp","href":"https:\/\/api.w.org\/{rel}","templated":true}]}}