{"id":502738,"date":"2026-08-27T16:38:19","date_gmt":"2026-08-27T16:38:19","guid":{"rendered":"https:\/\/www.europesays.com\/pt\/502738\/"},"modified":"2026-08-27T16:38:19","modified_gmt":"2026-08-27T16:38:19","slug":"atropelamento-em-albufeira-condutor-fica-em-prisao-preventiva","status":"publish","type":"post","link":"https:\/\/www.europesays.com\/pt\/502738\/","title":{"rendered":"Atropelamento em Albufeira. Condutor fica em pris\u00e3o preventiva"},"content":{"rendered":"\n<p>&#13;<br \/>\nO condutor foi ouvido em tribunal esta tarde. <b>Fonte pr\u00f3xima \u00e0 RTP confirmou que o homem de 35 anos vai ficar em pris\u00e3o preventiva.<\/b><br \/>&#13;\n<\/p>\n<p>          <img decoding=\"async\" itemprop=\"image\" class=\"img-fluid\"   src=\"https:\/\/www.europesays.com\/pt\/wp-content\/uploads\/2026\/08\/c31cdead18a7339869812a581ea8b324_N.jpg\"\/><\/p>\n<p>&#13;<br \/>\n<b>&#13;<br \/>\nO arguido est\u00e1 indiciado por seis crimes:<\/b> homicidio qualificado na forma tentada, condu\u00e7\u00e3o perigosa, resist\u00eancia e coa\u00e7\u00e3o sobre funcion\u00e1rio, desobedi\u00eancia qualificada, condu\u00e7\u00e3o de veiculo sem habilita\u00e7\u00e3o legal e falsifica\u00e7\u00e3o de documentos. <br \/>&#13;\n<\/p>\n<p>&#13;<br \/>\nO condutor estava a passar f\u00e9rias em Albufeira. <b>Foi detido com uma taxa de alcoolemia de 1,29<\/b> gramas de \u00e1lcool por litro de sangue.&#13;\n<\/p>\n<p>&#13;<br \/>\nTudo aconteceu na madrugada de ter\u00e7a-feira na Rua da Oura. O homem avan\u00e7ou com o carro numa zona fechada \u00e0 circula\u00e7\u00e3o autom\u00f3vel. <b>Deixou 16 pessoas feridas, duas em estado grave. <\/b><br \/>&#13;<\/p>\n","protected":false},"excerpt":{"rendered":"&#13; O condutor foi ouvido em tribunal esta tarde. Fonte pr\u00f3xima \u00e0 RTP confirmou que o homem de&hellip;\n","protected":false},"author":2,"featured_media":502739,"comment_status":"","ping_status":"","sticky":false,"template":"","format":"standard","meta":{"footnotes":"","_share_on_mastodon":"0"},"categories":[10],"tags":[6579,2240,27,28,15,16,14,25,26,21,22,12,13,19,20,32,23,24,694,33,17,18,29,30,31],"class_list":["post-502738","post","type-post","status-publish","format-standard","has-post-thumbnail","category-portugal","tag-albufeira","tag-atropelamento","tag-breaking-news","tag-breakingnews","tag-featured-news","tag-featurednews","tag-headlines","tag-latest-news","tag-latestnews","tag-main-news","tag-mainnews","tag-news","tag-noticias","tag-noticias-principais","tag-noticiasprincipais","tag-portugal","tag-principais-noticias","tag-principaisnoticias","tag-prisao","tag-pt","tag-top-stories","tag-topstories","tag-ultimas","tag-ultimas-noticias","tag-ultimasnoticias"],"share_on_mastodon":{"url":"https:\/\/pubeurope.com\/@pt\/117168459905968568","error":""},"_links":{"self":[{"href":"https:\/\/www.europesays.com\/pt\/wp-json\/wp\/v2\/posts\/502738","targetHints":{"allow":["GET"]}}],"collection":[{"href":"https:\/\/www.europesays.com\/pt\/wp-json\/wp\/v2\/posts"}],"about":[{"href":"https:\/\/www.europesays.com\/pt\/wp-json\/wp\/v2\/types\/post"}],"author":[{"embeddable":true,"href":"https:\/\/www.europesays.com\/pt\/wp-json\/wp\/v2\/users\/2"}],"replies":[{"embeddable":true,"href":"https:\/\/www.europesays.com\/pt\/wp-json\/wp\/v2\/comments?post=502738"}],"version-history":[{"count":0,"href":"https:\/\/www.europesays.com\/pt\/wp-json\/wp\/v2\/posts\/502738\/revisions"}],"wp:featuredmedia":[{"embeddable":true,"href":"https:\/\/www.europesays.com\/pt\/wp-json\/wp\/v2\/media\/502739"}],"wp:attachment":[{"href":"https:\/\/www.europesays.com\/pt\/wp-json\/wp\/v2\/media?parent=502738"}],"wp:term":[{"taxonomy":"category","embeddable":true,"href":"https:\/\/www.europesays.com\/pt\/wp-json\/wp\/v2\/categories?post=502738"},{"taxonomy":"post_tag","embeddable":true,"href":"https:\/\/www.europesays.com\/pt\/wp-json\/wp\/v2\/tags?post=502738"}],"curies":[{"name":"wp","href":"https:\/\/api.w.org\/{rel}","templated":true}]}}