{"id":50274,"date":"2025-08-29T15:01:04","date_gmt":"2025-08-29T15:01:04","guid":{"rendered":"https:\/\/www.europesays.com\/pt\/50274\/"},"modified":"2025-08-29T15:01:04","modified_gmt":"2025-08-29T15:01:04","slug":"acidente-entre-moto-4-e-carro-provoca-cinco-vitimas-na-en-368-na-tapada","status":"publish","type":"post","link":"https:\/\/www.europesays.com\/pt\/50274\/","title":{"rendered":"Acidente entre moto 4 e carro provoca cinco v\u00edtimas na EN 368 na Tapada"},"content":{"rendered":"<p>Cinco pessoas ficaram feridas na sequ\u00eancia de uma colis\u00e3o entre uma moto 4 e um ve\u00edculo ligeiro de passageiros, na manh\u00e3 desta sexta-feira, 29 de agosto, na EN368, que liga a Tapada, concelho de Almeirim, a Alpiar\u00e7a.<\/p>\n<p>Segundo o Comando Sub-Regional de Emerg\u00eancia e Prote\u00e7\u00e3o Civil da Lez\u00edria do Tejo, tr\u00eas das v\u00edtimas, entre elas uma crian\u00e7a, encontravam-se em estado cr\u00edtico e estavam encarceradas \u00e0 chegada dos meios de socorro. Das restantes, uma ficou em estado grave e a outra sofreu ferimentos ligeiros.<\/p>\n<p>Devido \u00e0 gravidade dos ferimentos, foi acionado um helic\u00f3ptero do INEM para evacuar um dos feridos em estado cr\u00edtico. Os feridos graves foram encaminhados para o Hospital de Santar\u00e9m e Hospitais S. Francisco Xavier, S. Jos\u00e9 e Santa Maria, em Lisboa. J\u00e1 o ferido ligeiro foi transportado para o Hospital de Santar\u00e9m.<\/p>\n<p>Um homem de 70 anos e um jovem de 16, residentes em Almeirim, seguiam na moto 4 e sofreram ferimentos graves, tendo a v\u00edtima mais velha sido transportada de helic\u00f3ptero para Lisboa. No ve\u00edculo ligeiro seguia um casal e o filho de oito anos, residentes na regi\u00e3o.<\/p>\n<p>O alerta para o acidente foi dado \u00e0s 11h55. No local estiveram 33 operacionais e 12 ve\u00edculos dos Bombeiros Volunt\u00e1rios de Almeirim e Santar\u00e9m, Bombeiros Municipais de Alpiar\u00e7a, VMER de Vila Franca de Xira e GNR.<\/p>\n<p>A EN368 esteve cortada ao tr\u00e2nsito nos dois sentidos enquanto decorreram as opera\u00e7\u00f5es de socorro e limpeza da via.<\/p>\n<p><img data-lazyloaded=\"1\" loading=\"lazy\" decoding=\"async\" width=\"1024\" height=\"576\" src=\"https:\/\/www.europesays.com\/pt\/wp-content\/uploads\/2025\/08\/acidente-tapada-com-heli-2-1024x576.jpg\" alt=\"\" class=\"wp-image-295089\"  data-\/><\/p>\n","protected":false},"excerpt":{"rendered":"Cinco pessoas ficaram feridas na sequ\u00eancia de uma colis\u00e3o entre uma moto 4 e um ve\u00edculo ligeiro de&hellip;\n","protected":false},"author":2,"featured_media":50275,"comment_status":"","ping_status":"","sticky":false,"template":"","format":"standard","meta":{"footnotes":""},"categories":[10],"tags":[27,28,15,16,14,25,26,21,22,12,13,19,20,32,23,24,33,17,18,29,30,31],"class_list":{"0":"post-50274","1":"post","2":"type-post","3":"status-publish","4":"format-standard","5":"has-post-thumbnail","7":"category-portugal","8":"tag-breaking-news","9":"tag-breakingnews","10":"tag-featured-news","11":"tag-featurednews","12":"tag-headlines","13":"tag-latest-news","14":"tag-latestnews","15":"tag-main-news","16":"tag-mainnews","17":"tag-news","18":"tag-noticias","19":"tag-noticias-principais","20":"tag-noticiasprincipais","21":"tag-portugal","22":"tag-principais-noticias","23":"tag-principaisnoticias","24":"tag-pt","25":"tag-top-stories","26":"tag-topstories","27":"tag-ultimas","28":"tag-ultimas-noticias","29":"tag-ultimasnoticias"},"share_on_mastodon":{"url":"","error":""},"_links":{"self":[{"href":"https:\/\/www.europesays.com\/pt\/wp-json\/wp\/v2\/posts\/50274","targetHints":{"allow":["GET"]}}],"collection":[{"href":"https:\/\/www.europesays.com\/pt\/wp-json\/wp\/v2\/posts"}],"about":[{"href":"https:\/\/www.europesays.com\/pt\/wp-json\/wp\/v2\/types\/post"}],"author":[{"embeddable":true,"href":"https:\/\/www.europesays.com\/pt\/wp-json\/wp\/v2\/users\/2"}],"replies":[{"embeddable":true,"href":"https:\/\/www.europesays.com\/pt\/wp-json\/wp\/v2\/comments?post=50274"}],"version-history":[{"count":0,"href":"https:\/\/www.europesays.com\/pt\/wp-json\/wp\/v2\/posts\/50274\/revisions"}],"wp:featuredmedia":[{"embeddable":true,"href":"https:\/\/www.europesays.com\/pt\/wp-json\/wp\/v2\/media\/50275"}],"wp:attachment":[{"href":"https:\/\/www.europesays.com\/pt\/wp-json\/wp\/v2\/media?parent=50274"}],"wp:term":[{"taxonomy":"category","embeddable":true,"href":"https:\/\/www.europesays.com\/pt\/wp-json\/wp\/v2\/categories?post=50274"},{"taxonomy":"post_tag","embeddable":true,"href":"https:\/\/www.europesays.com\/pt\/wp-json\/wp\/v2\/tags?post=50274"}],"curies":[{"name":"wp","href":"https:\/\/api.w.org\/{rel}","templated":true}]}}