{"id":50276,"date":"2025-08-29T15:02:08","date_gmt":"2025-08-29T15:02:08","guid":{"rendered":"https:\/\/www.europesays.com\/pt\/50276\/"},"modified":"2025-08-29T15:02:08","modified_gmt":"2025-08-29T15:02:08","slug":"benfica-confirma-transferencia-de-akturkoglu-e-detalha-valores-do-negocio-o-jogo","status":"publish","type":"post","link":"https:\/\/www.europesays.com\/pt\/50276\/","title":{"rendered":"Benfica confirma transfer\u00eancia de Akturkoglu e detalha valores do neg\u00f3cio &#8211; O Jogo"},"content":{"rendered":"<ol>\n<li><a href=\"https:\/\/news.google.com\/rss\/articles\/CBMiqgFBVV95cUxOUUJtVHktS3p6Q1dRMUNmOVg2LVc4bzJ3MlF2UUdWVWFLTkJZU3hFajl4Q2NITkdvblVwNWF2M0VlSmtyRGl0bzFod25zbmRkTmd5T18ta25SQTQ3T1Y4TlppYXJMamZQU2dmeWJvS3lmbGwzYkcxMGZUaUlGODUxamVvOEUzM2Nnb05IV1ZsaDFFNTJUM3VCbllfSFE1ckw3RnN4TFU1N05xQQ?oc=5\" target=\"_blank\" rel=\"nofollow noopener\">Benfica confirma transfer\u00eancia de Akturkoglu e detalha valores do neg\u00f3cio<\/a>&nbsp;&nbsp;O Jogo<\/li>\n<li><a href=\"https:\/\/news.google.com\/rss\/articles\/CBMixAFBVV95cUxPdDAwVWtDTnNCbTB0NXAzYnJid3NhMEJSSnJVRUNlNmVWbTJmV0s4Q3NiamdTQ2lvUWwzTkxNU0sxY2NuQWNEVkJWQlFYeklJdVpwUnVaYjJRX1Q5bjlNelp6STNUWDBnaXRUWWxpaWNTWTZyeFd2T1FISUcwVVdLVFhkM05xTGt2M3ZQZ3FrQmJRMWRELU41cjF2R05kZ3RwTTIwR2lLeWxDZ2RZdVFmN25idEU1ZVEtRnZ4WUh0eTJ6bWh20gHKAUFVX3lxTE9pOXpMb212NGJ5RGZYbTRCM3FoRDRrSGRjUll5VkJjVGdiQTlGZTk0cXdQSkVRZ3lrZG4wTjVyWUtFbmZTR3JXakc1MU9JWG10blkzSHZVYmtJLUV2bVFlSVdBZjVEZUk1WDRiNmh3WURvcDhaWnpPWlB2ZHg4UEFUeVcwY28tZm5GNHBHYlBNOEJqRi1RV3dPN2RlVjJGWkRfQ0lDMVlxckIzVW54NDN5dFZmam92Z013Q1VKU1NMZDJQZnlGNVpKdVE?oc=5\" target=\"_blank\" rel=\"nofollow noopener\">Mourinho contesta pr\u00f3pria diretoria antes de jogo da Champions<\/a>&nbsp;&nbsp;LANCE!<\/li>\n<li><a href=\"https:\/\/news.google.com\/rss\/articles\/CBMi6wFBVV95cUxPV05GazI0dnpTTklHZkdocEprSTJRelNSRnZ0Qks3V1otQWRZYW9sQVU2QnhpYXFoQ2RlVDJncWhHbHotOUJlRkxoYW84QXQ0LTBwMm1CN3JhZnV6U0thbUlMTVpKcm8zRUF5T1BCRC1yZFBzekg1VkFPTjVhZ19KOHFmOVhlSTdvRlFpdndFSkQ3SnRwZHdQdXlFcnNVeEdjODA2enV5Rm1NM3NFb0g5YWF3aTcwT1NET3RrU18tVEp0TWoyZ2hKWlJWSVJHbDhndm9pYk1UU1hrd2o1QmZrcnEzNGNOdmFnclZv?oc=5\" target=\"_blank\" rel=\"nofollow noopener\">Vice-presidente do Fenerbah\u00e7e provoca Benfica: &#8220;N\u00e3o \u00e9 um time relevante&#8221;<\/a>&nbsp;&nbsp;CNN Brasil<\/li>\n<li><a href=\"https:\/\/news.google.com\/rss\/articles\/CBMinAFBVV95cUxPTW1fRkxuSEREb2FROUduQmlxWmV4Y1Z5a3dYMEprWldpNU1fOEZVdGh3eW54Vk91dzhvMVpmYllfazBqeFAyWG82N0JGQURDT2ZIUVc2eDVoLW1IRnE3dXhrRDFTMFpIdWljNndqcmRTOExJRTBXdFRtTU5pSTN0dmNmTWJxOHB6N1RTQi1ZZFdNNk9HeHRNeEpyVzg?oc=5\" target=\"_blank\" rel=\"nofollow noopener\">OFICIAL: Benfica anuncia acordo com o Fenerbah\u00e7e por Akturkoglu<\/a>&nbsp;&nbsp;A Bola<\/li>\n<li><a href=\"https:\/\/news.google.com\/rss\/articles\/CBMi7AFBVV95cUxNeGdBclZOV01rN0d5SnlVbEZKdERPZWhXdmtRMDdiQTlqMlVraHhwcTl6cTZjVTNQYWp2b19tWmNGMENZRHNVYnViaWxpejBoYkFyaXJEMjNXSXRJaDlqM2E1cU1COTNZNE1iMGVuV1N0R18wN1JyWnFXWDRseWhqSi16ZUlHdlBNM3RMakJ5Nkt6WkpsejVSUWFTOHZVMmIyMVJlWWZMNFo3SGNxM3NEdlBEZ195QmFIUDUyMHpERFFkQ3ZPRkkzazFjV0pPVmZQTFVXMlFUU0JlNTZlVVRiN3dPcUV6Z0VtWE0tcA?oc=5\" target=\"_blank\" rel=\"nofollow noopener\">S\u00e9rgio Krithinas sobre Akt\u00fcrkoglu: \u00abNunca tinha visto um jogador a n\u00e3o festejar contra a futura equipa&#8230;\u00bb<\/a>&nbsp;&nbsp;Record<\/li>\n<\/ol>\n","protected":false},"excerpt":{"rendered":"Benfica confirma transfer\u00eancia de Akturkoglu e detalha valores do neg\u00f3cio&nbsp;&nbsp;O Jogo Mourinho contesta pr\u00f3pria diretoria antes de jogo&hellip;\n","protected":false},"author":2,"featured_media":28541,"comment_status":"","ping_status":"","sticky":false,"template":"","format":"standard","meta":{"footnotes":""},"categories":[8],"tags":[27,28,15,16,14,25,26,21,22,12,13,19,20,32,23,24,33,17,18,29,30,31],"class_list":{"0":"post-50276","1":"post","2":"type-post","3":"status-publish","4":"format-standard","5":"has-post-thumbnail","7":"category-principais-noticias","8":"tag-breaking-news","9":"tag-breakingnews","10":"tag-featured-news","11":"tag-featurednews","12":"tag-headlines","13":"tag-latest-news","14":"tag-latestnews","15":"tag-main-news","16":"tag-mainnews","17":"tag-news","18":"tag-noticias","19":"tag-noticias-principais","20":"tag-noticiasprincipais","21":"tag-portugal","22":"tag-principais-noticias","23":"tag-principaisnoticias","24":"tag-pt","25":"tag-top-stories","26":"tag-topstories","27":"tag-ultimas","28":"tag-ultimas-noticias","29":"tag-ultimasnoticias"},"share_on_mastodon":{"url":"","error":""},"_links":{"self":[{"href":"https:\/\/www.europesays.com\/pt\/wp-json\/wp\/v2\/posts\/50276","targetHints":{"allow":["GET"]}}],"collection":[{"href":"https:\/\/www.europesays.com\/pt\/wp-json\/wp\/v2\/posts"}],"about":[{"href":"https:\/\/www.europesays.com\/pt\/wp-json\/wp\/v2\/types\/post"}],"author":[{"embeddable":true,"href":"https:\/\/www.europesays.com\/pt\/wp-json\/wp\/v2\/users\/2"}],"replies":[{"embeddable":true,"href":"https:\/\/www.europesays.com\/pt\/wp-json\/wp\/v2\/comments?post=50276"}],"version-history":[{"count":0,"href":"https:\/\/www.europesays.com\/pt\/wp-json\/wp\/v2\/posts\/50276\/revisions"}],"wp:featuredmedia":[{"embeddable":true,"href":"https:\/\/www.europesays.com\/pt\/wp-json\/wp\/v2\/media\/28541"}],"wp:attachment":[{"href":"https:\/\/www.europesays.com\/pt\/wp-json\/wp\/v2\/media?parent=50276"}],"wp:term":[{"taxonomy":"category","embeddable":true,"href":"https:\/\/www.europesays.com\/pt\/wp-json\/wp\/v2\/categories?post=50276"},{"taxonomy":"post_tag","embeddable":true,"href":"https:\/\/www.europesays.com\/pt\/wp-json\/wp\/v2\/tags?post=50276"}],"curies":[{"name":"wp","href":"https:\/\/api.w.org\/{rel}","templated":true}]}}