{"id":50277,"date":"2025-08-29T15:03:11","date_gmt":"2025-08-29T15:03:11","guid":{"rendered":"https:\/\/www.europesays.com\/pt\/50277\/"},"modified":"2025-08-29T15:03:11","modified_gmt":"2025-08-29T15:03:11","slug":"medina-assume-namoro-com-ex-de-ze-felipe-e-tem-data-para-voltar-a-competir","status":"publish","type":"post","link":"https:\/\/www.europesays.com\/pt\/50277\/","title":{"rendered":"Medina assume namoro com ex de Z\u00e9 Felipe e tem data para voltar a competir"},"content":{"rendered":"\n<p>O surfista Gabriel Medina e a influenciadora digital, Isabella Arantes, assumiram namoro nesta quinta-feira (28). Ambos postaram fotos juntos com emojis de cora\u00e7\u00e3o nas redes sociais. Eles passam f\u00e9rias na Pen\u00ednsula de Mara\u00fa, no litoral da Bahia.<\/p>\n<p>Isabella \u00e9 assistente de palco do programa &#8220;Domingo Legal&#8221;, do SBT. Ela foi noiva do cantor Z\u00e9 Felipe, em 2019.<\/p>\n<p>No ano seguinte, o relacionamento dela com o sertanejo terminou e o artista logo engatou namoro com Virg\u00ednia Fonseca, com quem viria a se casar e ter tr\u00eas filhos.<\/p>\n<p>A nova namorada de Medina tem mais de um milh\u00e3o de seguidores nas redes sociais. Ela compartilha conte\u00fados de viagens e moda, al\u00e9m de promover sua pr\u00f3pria marca de biqu\u00ednis. Isabella \u00e9 musa da escola de samba Salgueiro no Carnaval carioca. Hoje no SBT, a dan\u00e7arina tamb\u00e9m j\u00e1 fez parte do bal\u00e9 do \u201cDoming\u00e3o do Faust\u00e3o\u201d, na TV Globo.<\/p>\n<p>O tricampe\u00e3o mundial de surfe segue se condicionando ap\u00f3s cirurgia no tend\u00e3o do m\u00fasculo peitoral maior do ombro esquerdo, que o tirou das \u00e1guas por mais de quatro meses. Gabriel Medina voltar\u00e1 a competir em abril de 2026, na abertura do CT, durante a etapa de Bells Beach, na Austr\u00e1lia.<\/p>\n","protected":false},"excerpt":{"rendered":"O surfista Gabriel Medina e a influenciadora digital, Isabella Arantes, assumiram namoro nesta quinta-feira (28). Ambos postaram fotos&hellip;\n","protected":false},"author":2,"featured_media":50278,"comment_status":"","ping_status":"","sticky":false,"template":"","format":"standard","meta":{"footnotes":""},"categories":[145],"tags":[14760,211,210,14761,8518,114,115,14759,1017,32,33,12307,1445],"class_list":{"0":"post-50277","1":"post","2":"type-post","3":"status-publish","4":"format-standard","5":"has-post-thumbnail","7":"category-celebridades","8":"tag-assume","9":"tag-celebridades","10":"tag-celebrities","11":"tag-competir","12":"tag-data","13":"tag-entertainment","14":"tag-entretenimento","15":"tag-medina","16":"tag-namoro","17":"tag-portugal","18":"tag-pt","19":"tag-voltar","20":"tag-ze-felipe"},"share_on_mastodon":{"url":"","error":""},"_links":{"self":[{"href":"https:\/\/www.europesays.com\/pt\/wp-json\/wp\/v2\/posts\/50277","targetHints":{"allow":["GET"]}}],"collection":[{"href":"https:\/\/www.europesays.com\/pt\/wp-json\/wp\/v2\/posts"}],"about":[{"href":"https:\/\/www.europesays.com\/pt\/wp-json\/wp\/v2\/types\/post"}],"author":[{"embeddable":true,"href":"https:\/\/www.europesays.com\/pt\/wp-json\/wp\/v2\/users\/2"}],"replies":[{"embeddable":true,"href":"https:\/\/www.europesays.com\/pt\/wp-json\/wp\/v2\/comments?post=50277"}],"version-history":[{"count":0,"href":"https:\/\/www.europesays.com\/pt\/wp-json\/wp\/v2\/posts\/50277\/revisions"}],"wp:featuredmedia":[{"embeddable":true,"href":"https:\/\/www.europesays.com\/pt\/wp-json\/wp\/v2\/media\/50278"}],"wp:attachment":[{"href":"https:\/\/www.europesays.com\/pt\/wp-json\/wp\/v2\/media?parent=50277"}],"wp:term":[{"taxonomy":"category","embeddable":true,"href":"https:\/\/www.europesays.com\/pt\/wp-json\/wp\/v2\/categories?post=50277"},{"taxonomy":"post_tag","embeddable":true,"href":"https:\/\/www.europesays.com\/pt\/wp-json\/wp\/v2\/tags?post=50277"}],"curies":[{"name":"wp","href":"https:\/\/api.w.org\/{rel}","templated":true}]}}