{"id":502802,"date":"2026-08-27T17:26:33","date_gmt":"2026-08-27T17:26:33","guid":{"rendered":"https:\/\/www.europesays.com\/pt\/502802\/"},"modified":"2026-08-27T17:26:33","modified_gmt":"2026-08-27T17:26:33","slug":"rute-cardoso-perdeu-o-grande-amor-da-sua-vida-mas-encontrou-forcas-para-continuar-a-lutar-e-nao-e-o-desporto-nacional","status":"publish","type":"post","link":"https:\/\/www.europesays.com\/pt\/502802\/","title":{"rendered":"Rute Cardoso perdeu o grande amor da sua vida, mas encontrou for\u00e7as para continuar a lutar&#8230; e n\u00e3o \u00e9 o desporto! &#8211; Nacional"},"content":{"rendered":"<p class=\"\">&#13;<br \/>\n        Para <b>Rute Cardoso<\/b>, o quarteto ideal para enfrentar uma das fases mais dif\u00edceis da sua vida \u00e9 simples: uma m\u00e3e e os seus tr\u00eas filhos. Desde a morte de <b>Diogo Jota<\/b>, a mulher do futebolista tem encontrado nos filhos, <b>Dinis, de cinco anos, Duarte, de tr\u00eas, e Mafalda, de um,<\/b> um verdadeiro porto de abrigo.&#13;\n    <\/p>\n<p class=\"\">&#13;<br \/>\n        \u00a0Nas redes sociais, Rute tem deixado v\u00e1rios sinais da liga\u00e7\u00e3o especial que mant\u00e9m com os tr\u00eas filhos. A mais recente surgiu esta quarta-feira, 26 de agosto, atrav\u00e9s das hist\u00f3rias do Instagram. A mulher de Diogo Jota partilhou uma publica\u00e7\u00e3o de outra influencer com uma mensagem que parece dizer muito sobre a forma como tem enfrentado estes meses: <strong data-start=\"449\" data-end=\"526\">\u201cN\u00e3o existe quarteto mais poderoso do que uma m\u00e3e e os seus tr\u00eas filhos.\u201d<\/strong>&#13;\n    <\/p>\n<p>                            &#13;<br \/>\n                                <img decoding=\"async\" src=\"https:\/\/www.europesays.com\/pt\/wp-content\/uploads\/2026\/08\/img_590x373uu2026-08-27-10-35-32-410902-im-639234243523803425.jpg\" loading=\"lazy\" class=\"img-responsive\" alt=\"\"\/>&#13;<\/p>\n<p>&#13;<br \/>\n                                &#13;<br \/>\n                                    Foto: Instagram&#13;\n                            <\/p>\n<p class=\"\">&#13;<br \/>\n        A maternidade parece assumir, assim, um papel ainda mais importante na vida de Rute. <b>\u00c9 nos tr\u00eas filhos que encontra for\u00e7as para enfrentar a dor da perda do marido e construir, dia ap\u00f3s dia, uma nova vida.<\/b>&#13;\n    <\/p>\n<p class=\"\">&#13;<br \/>\n        Tamb\u00e9m o <b>desporto passou a ocupar um lugar nesta nova etapa<\/b>. Rute Cardoso tem partilhado alguns momentos dedicados ao exerc\u00edcio f\u00edsico, numa demonstra\u00e7\u00e3o de que procura cuidar de si e recuperar, aos poucos, o equil\u00edbrio no dia a dia.&#13;\n    <\/p>\n<p class=\"\">&#13;<br \/>\n        Com Dinis, Duarte e Mafalda como centro da sua vida, a jovem m\u00e3e vai criando novas rotinas familiares e aprendendo a lidar com uma realidade que mudou para sempre depois da morte de Diogo Jota.&#13;\n    <\/p>\n<p class=\"\">&#13;<br \/>\n        Recorde-se que <b>Diogo Jota morreu a 3 de julho de 2025<\/b>, aos 28 anos, na sequ\u00eancia de um violento acidente de via\u00e7\u00e3o em Espanha. Mais de um ano depois da trag\u00e9dia, Rute continua a reconstruir a sua vida, tendo Dinis, Duarte e Mafalda como a sua principal prioridade.&#13;\n    <\/p>\n<p>    &#13;<br \/>\n        &#13;<br \/>\n        &#13;<br \/>\n&#13;<\/p>\n","protected":false},"excerpt":{"rendered":"&#13; Para Rute Cardoso, o quarteto ideal para enfrentar uma das fases mais dif\u00edceis da sua vida \u00e9&hellip;\n","protected":false},"author":2,"featured_media":502803,"comment_status":"","ping_status":"","sticky":false,"template":"","format":"standard","meta":{"footnotes":"","_share_on_mastodon":"0"},"categories":[8],"tags":[32643,27,28,1691,8239,640,15,16,14,25,26,50730,21,22,62308,12,13,19,20,32,23,24,33,17,18,29,30,31],"class_list":["post-502802","post","type-post","status-publish","format-standard","has-post-thumbnail","category-principais-noticias","tag-acidente-de-viacao","tag-breaking-news","tag-breakingnews","tag-diogo-jota","tag-duarte","tag-espanha","tag-featured-news","tag-featurednews","tag-headlines","tag-latest-news","tag-latestnews","tag-mae-e-filha","tag-main-news","tag-mainnews","tag-morreu-a-mae","tag-news","tag-noticias","tag-noticias-principais","tag-noticiasprincipais","tag-portugal","tag-principais-noticias","tag-principaisnoticias","tag-pt","tag-top-stories","tag-topstories","tag-ultimas","tag-ultimas-noticias","tag-ultimasnoticias"],"share_on_mastodon":{"url":"","error":"Validation failed: Text character limit of 500 exceeded"},"_links":{"self":[{"href":"https:\/\/www.europesays.com\/pt\/wp-json\/wp\/v2\/posts\/502802","targetHints":{"allow":["GET"]}}],"collection":[{"href":"https:\/\/www.europesays.com\/pt\/wp-json\/wp\/v2\/posts"}],"about":[{"href":"https:\/\/www.europesays.com\/pt\/wp-json\/wp\/v2\/types\/post"}],"author":[{"embeddable":true,"href":"https:\/\/www.europesays.com\/pt\/wp-json\/wp\/v2\/users\/2"}],"replies":[{"embeddable":true,"href":"https:\/\/www.europesays.com\/pt\/wp-json\/wp\/v2\/comments?post=502802"}],"version-history":[{"count":0,"href":"https:\/\/www.europesays.com\/pt\/wp-json\/wp\/v2\/posts\/502802\/revisions"}],"wp:featuredmedia":[{"embeddable":true,"href":"https:\/\/www.europesays.com\/pt\/wp-json\/wp\/v2\/media\/502803"}],"wp:attachment":[{"href":"https:\/\/www.europesays.com\/pt\/wp-json\/wp\/v2\/media?parent=502802"}],"wp:term":[{"taxonomy":"category","embeddable":true,"href":"https:\/\/www.europesays.com\/pt\/wp-json\/wp\/v2\/categories?post=502802"},{"taxonomy":"post_tag","embeddable":true,"href":"https:\/\/www.europesays.com\/pt\/wp-json\/wp\/v2\/tags?post=502802"}],"curies":[{"name":"wp","href":"https:\/\/api.w.org\/{rel}","templated":true}]}}