{"id":502806,"date":"2026-08-27T17:30:16","date_gmt":"2026-08-27T17:30:16","guid":{"rendered":"https:\/\/www.europesays.com\/pt\/502806\/"},"modified":"2026-08-27T17:30:16","modified_gmt":"2026-08-27T17:30:16","slug":"a-historia-de-joana-termina-sem-recorde-no-sbt-e-com-indice-identico-ao-de-antecessora","status":"publish","type":"post","link":"https:\/\/www.europesays.com\/pt\/502806\/","title":{"rendered":"A Hist\u00f3ria de Joana termina sem recorde no SBT e com \u00edndice id\u00eantico ao de antecessora"},"content":{"rendered":"<p>A Hist\u00f3ria de Joana chegou ao fim na noite dessa quarta-feira (26) sem bater recorde de audi\u00eancia no <a href=\"https:\/\/natelinha.uol.com.br\/televisao\/emissoras\/sbt\" rel=\"nofollow noopener\" target=\"_blank\">SBT<\/a>. O desfecho da novela mexicana exibida originalmente em 2024 angariou 3,9 pontos em seu cap\u00edtulo derradeiro. O melhor desempenho foi alcan\u00e7ado em 24 de abril, quando cravou 4,6 pontos.<\/p>\n<p>continua depois da publicidade<\/p>\n<p>Dados do Ibope obtidos pelo <strong>NaTelinha<\/strong> atrav\u00e9s de fontes do mercado apontam que A Hist\u00f3ria de Joana igualou a antecessora Dom\u00eanica Montero. Ambos tiveram uma m\u00e9dia de 3 pontos na Grande SP, \u00edndice insuficiente para competir pela vice-lideran\u00e7a com a Record.<\/p>\n<p>Na sequ\u00eancia, a Sess\u00e3o +SBT anotou 4,2 pontos e foi a maior audi\u00eancia da emissora ao longo do dia. O programa interrompeu uma sequ\u00eancia de recordes \u00e0s quartas-feiras: nas duas \u00faltimas edi\u00e7\u00f5es exibidas nesse dia da semana, em 5 e 12 de agosto, havia marcado 4,2 e 4,8 pontos, respectivamente.<\/p>\n<p>continua depois da publicidade<\/p>\n<p>+\u00a0<a href=\"https:\/\/natelinha.uol.com.br\/famosos\/2026\/08\/27\/carol-nakamura-resgata-fotos-antigas-homenageia-faustao-e-dispara-era-muito-feia-246802.php\" rel=\"nofollow noopener\" target=\"_blank\">Carol Nakamura resgata fotos antigas, homenageia Faust\u00e3o e dispara: &#8220;Era muito feia&#8221;<\/a><\/p>\n<p>+\u00a0<a href=\"https:\/\/natelinha.uol.com.br\/famosos\/2026\/08\/27\/ex-bbb-ariadna-desabafa-contra-cantadas-so-assinar-as-plataformas-246800.php\" rel=\"nofollow noopener\" target=\"_blank\">Ex-BBB Ariadna desabafa contra cantadas: &#8220;S\u00f3 assinar as plataformas&#8221;<\/a><\/p>\n<p><strong>Outros destaques de audi\u00eancia do dia:<\/strong><\/p>\n<ul>\n<li>Todos os programas do SBT ficaram na casa dos 2 pontos at\u00e9 o in\u00edcio do SBT Cidades. Da vers\u00e3o para S\u00e3o Paulo do Se Liga Brasil at\u00e9 O Que A Vida Me Roubou, o Fofocalizando ocupou a lanterninha, com 2,2 pontos.<\/li>\n<li>O Canta Comigo Teen 6 segue em segundo lugar. O epis\u00f3dio de ontem fez 4 pontos de m\u00e9dia e pico de 4,6.<\/li>\n<li>O Superpop com Cari\u00facha teve seu melhor desempenho desde 17 de junho e conquistou 1 ponto na capital paulista. A RedeTV! ficou empurrou a Band para o quarto lugar.<\/li>\n<\/ul>\n<p>\u00a0\u00a0<br \/>\nConfira as audi\u00eancias de quarta-feira\u00a0(26\/08\/2026):<\/p>\n<tr style=\"height: 77px;\">\n<img decoding=\"async\" loading=\"lazy\" class=\"horizontal\" src=\"https:\/\/www.europesays.com\/pt\/wp-content\/uploads\/2026\/08\/1787851814_711_globo.webp\" alt=\"Logo Globo\" width=\"42\" height=\"42\"\/>\u00a0\u00a0<br \/>\n<\/tr>\n<tr style=\"height: 49px;\">\n<td style=\"height: 49px;\">Bom Dia SP<\/td>\n<td style=\"height: 49px;\">7,6<\/td>\n<\/tr>\n<tr style=\"height: 49px;\">\n<td style=\"height: 49px;\">Bom Dia Brasil<\/td>\n<td style=\"height: 49px;\">8,1<\/td>\n<\/tr>\n<tr style=\"height: 47px;\">\n<td style=\"height: 47px;\">Encontro com Patr\u00edcia Poeta<\/td>\n<td style=\"height: 47px;\">7,8<\/td>\n<\/tr>\n<tr style=\"height: 49px;\">\n<td style=\"height: 49px;\">Mais Voc\u00ea<\/td>\n<td style=\"height: 49px;\">7,8<\/td>\n<\/tr>\n<tr style=\"height: 49px;\">\n<td style=\"height: 49px;\">SP1<\/td>\n<td style=\"height: 49px;\">10,1<\/td>\n<\/tr>\n<tr style=\"height: 49px;\">\n<td style=\"height: 49px;\">Globo Esporte<\/td>\n<td style=\"height: 49px;\">9,9<\/td>\n<\/tr>\n<tr style=\"height: 49px;\">\n<td style=\"height: 49px;\">Jornal Hoje<\/td>\n<td style=\"height: 49px;\">10,2<\/td>\n<\/tr>\n<tr style=\"height: 49px;\">\n<td style=\"height: 49px;\">Edi\u00e7\u00e3o Especial: Al\u00e9m do Tempo<\/td>\n<td style=\"height: 49px;\">9,0<\/td>\n<\/tr>\n<tr style=\"height: 49px;\">\n<td style=\"height: 49px;\">Sess\u00e3o da Tarde: Flamin&#8217; Ht: O Sabor Que Mudou a Hist\u00f3ria<\/td>\n<td style=\"height: 49px;\">9,1<\/td>\n<\/tr>\n<tr style=\"height: 49px;\">\n<td style=\"height: 49px;\">Boletim SP2<\/td>\n<td style=\"height: 49px;\">10,5<\/td>\n<\/tr>\n<tr style=\"height: 49px;\">\n<td style=\"height: 49px;\">Vale a Pena Ver de Novo: Avenida Brasil<\/td>\n<td style=\"height: 49px;\">12,8<\/td>\n<\/tr>\n<tr style=\"height: 49px;\">\n<td style=\"height: 49px;\">A Nobreza do Amor<\/td>\n<td style=\"height: 49px;\">15,8<\/td>\n<\/tr>\n<tr style=\"height: 49px;\">\n<td style=\"height: 49px;\">SP2<\/td>\n<td style=\"height: 49px;\">18,1<\/td>\n<\/tr>\n<tr style=\"height: 49px;\">\n<td style=\"height: 49px;\">Por Voc\u00ea<\/td>\n<td style=\"height: 49px;\">18,4<\/td>\n<\/tr>\n<tr style=\"height: 49px;\">\n<td style=\"height: 49px;\">Jornal Nacional<\/td>\n<td style=\"height: 49px;\">19,2<\/td>\n<\/tr>\n<tr style=\"height: 49px;\">\n<td style=\"height: 49px;\">Entrevista Com Os Candidatos \u00e0 Presid\u00eancia &#8211; Renan Santos<\/td>\n<td style=\"height: 49px;\">19,8<\/td>\n<\/tr>\n<tr style=\"height: 49px;\">\n<td style=\"height: 49px;\">Quem Ama Cuida<\/td>\n<td style=\"height: 49px;\">24,4<\/td>\n<\/tr>\n<tr style=\"height: 49px;\">\n<td style=\"height: 49px;\">Copa\u00a0Libertadores: Palmeiras x Santos<\/td>\n<td style=\"height: 49px;\">18,3<\/td>\n<\/tr>\n<tr style=\"height: 49px;\">\n<td style=\"height: 49px;\">Segue o Jogo<\/td>\n<td style=\"height: 49px;\">10,3<\/td>\n<\/tr>\n<tr style=\"height: 49px;\">\n<td style=\"height: 49px;\">Estrelas da Casa<\/td>\n<td style=\"height: 49px;\">8,6<\/td>\n<\/tr>\n<tr style=\"height: 49px;\">\n<td style=\"height: 49px;\">Jornal da Globo<\/td>\n<td style=\"height: 49px;\">7,4<\/td>\n<\/tr>\n<tr style=\"height: 49px;\">\n<td style=\"height: 49px;\">A Nobreza do Amor (reapresenta\u00e7\u00e3o)<\/td>\n<td style=\"height: 49px;\">5,5<\/td>\n<\/tr>\n<tr style=\"height: 49px;\">\n<td style=\"height: 49px;\">Por Voc\u00ea (reapresenta\u00e7\u00e3o)<\/td>\n<td style=\"height: 49px;\">4,3<\/td>\n<\/tr>\n<tr style=\"height: 49px;\">\n<td style=\"height: 49px;\">Com\u00e9dia na Madruga: Vai Que Cola<\/td>\n<td style=\"height: 49px;\">3,4<\/td>\n<\/tr>\n<tr style=\"height: 49px;\">\n<td style=\"height: 49px;\">Hora 1<\/td>\n<td style=\"height: 49px;\">3,9<\/td>\n<\/tr>\n<tr style=\"height: 77px;\">\n<img decoding=\"async\" loading=\"lazy\" class=\"horizontal\" src=\"https:\/\/www.europesays.com\/pt\/wp-content\/uploads\/2026\/08\/1787851815_609_record.webp\" alt=\"Logo Record\" width=\"42\" height=\"42\"\/>\u00a0\u00a0<br \/>\n<\/tr>\n<tr style=\"height: 49px;\">\n<td style=\"height: 49px;\">Balan\u00e7o Geral Manh\u00e3<\/td>\n<td style=\"height: 49px;\">2,0<\/td>\n<\/tr>\n<tr style=\"height: 49px;\">\n<td style=\"height: 49px;\">Balan\u00e7o Geral Manh\u00e3 II<\/td>\n<td style=\"height: 49px;\">2,8<\/td>\n<\/tr>\n<tr style=\"height: 49px;\">\n<td style=\"height: 49px;\">Balan\u00e7o Geral Manh\u00e3 SP<\/td>\n<td style=\"height: 49px;\">2,6<\/td>\n<\/tr>\n<tr style=\"height: 49px;\">\n<td style=\"height: 49px;\">Fala Brasil<\/td>\n<td style=\"height: 49px;\">2,6<\/td>\n<\/tr>\n<tr style=\"height: 49px;\">\n<td style=\"height: 49px;\">Hoje em Dia<\/td>\n<td style=\"height: 49px;\">2,6<\/td>\n<\/tr>\n<tr style=\"height: 49px;\">\n<td style=\"height: 49px;\">Balan\u00e7o Geral SP\u00a0<\/td>\n<td style=\"height: 49px;\">4,9<\/td>\n<\/tr>\n<tr style=\"height: 49px;\">\n<td style=\"height: 49px;\">The Love School &#8211; Escola do Amor<\/td>\n<td style=\"height: 49px;\">5,9<\/td>\n<\/tr>\n<tr style=\"height: 49px;\">\n<td style=\"height: 49px;\">Balan\u00e7o Geral SP (continua\u00e7\u00e3o)<\/td>\n<td style=\"height: 49px;\">6,2<\/td>\n<\/tr>\n<tr style=\"height: 49px;\">\n<td style=\"height: 49px;\">Jesus<\/td>\n<td style=\"height: 49px;\">4,5<\/td>\n<\/tr>\n<tr style=\"height: 49px;\">\n<td style=\"height: 49px;\">Cidade Alerta<\/td>\n<td style=\"height: 49px;\">3,8<\/td>\n<\/tr>\n<tr style=\"height: 49px;\">\n<td style=\"height: 49px;\">Cidade Alerta II<\/td>\n<td style=\"height: 49px;\">5,6<\/td>\n<\/tr>\n<tr style=\"height: 49px;\">\n<td style=\"height: 49px;\">Cidade Alerta\u00a0SP<\/td>\n<td style=\"height: 49px;\">7,4<\/td>\n<\/tr>\n<tr style=\"height: 49px;\">\n<td style=\"height: 49px;\">Jornal da Record\u00a0<\/td>\n<td style=\"height: 49px;\">7,1<\/td>\n<\/tr>\n<tr style=\"height: 49px;\">\n<td style=\"height: 49px;\">Iludida<\/td>\n<td style=\"height: 49px;\">6,0<\/td>\n<\/tr>\n<tr style=\"height: 49px;\">\n<td style=\"height: 49px;\">Reis &#8211; A Divis\u00e3o<\/td>\n<td style=\"height: 49px;\">4,4<\/td>\n<\/tr>\n<tr style=\"height: 49px;\">\n<td style=\"height: 49px;\">Canta Comigo Teen 6<\/td>\n<td style=\"height: 49px;\">4,0<\/td>\n<\/tr>\n<tr style=\"height: 49px;\">\n<td style=\"height: 49px;\">Chicago Med: Atendimento de Emerg\u00eancia<\/td>\n<td style=\"height: 49px;\">2,6<\/td>\n<\/tr>\n<tr style=\"height: 49px;\">\n<td style=\"height: 49px;\">Jornal da Record &#8211; 24h<\/td>\n<td style=\"height: 49px;\">1,6<\/td>\n<\/tr>\n<tr style=\"height: 49px;\">\n<td style=\"height: 49px;\">Fala Que Eu Te Escuto<\/td>\n<td style=\"height: 49px;\">0,8<\/td>\n<\/tr>\n<tr style=\"height: 49px;\">\n<td style=\"height: 49px;\">Dicas de Amor<\/td>\n<td style=\"height: 49px;\">0,4<\/td>\n<\/tr>\n<tr style=\"height: 49px;\">\n<td style=\"height: 49px;\">Igreja Universal do Reino de Deus<\/td>\n<td style=\"height: 49px;\">0,2<\/td>\n<\/tr>\n<tr>\n<img decoding=\"async\" loading=\"lazy\" class=\"horizontal\" src=\"https:\/\/www.europesays.com\/pt\/wp-content\/uploads\/2026\/08\/1787851815_190_sbt.webp\" alt=\"Logo SBT\" width=\"42\" height=\"42\"\/>\u00a0\u00a0<br \/>\n<\/tr>\n<tr>\n<td>Se Liga Brasil<\/td>\n<td>1,9<\/td>\n<\/tr>\n<tr>\n<td>Se Liga Brasil SP<\/td>\n<td>2,4<\/td>\n<\/tr>\n<tr>\n<td>Primeiro Impacto<\/td>\n<td>2,5<\/td>\n<\/tr>\n<tr>\n<td>Primeiro Impacto SP<\/td>\n<td>2,4<\/td>\n<\/tr>\n<tr>\n<td>Chaves<\/td>\n<td>2,3<\/td>\n<\/tr>\n<tr>\n<td>A Desalmada<\/td>\n<td>2,4<\/td>\n<\/tr>\n<tr>\n<td>Fofocalizando<\/td>\n<td>2,2<\/td>\n<\/tr>\n<tr>\n<td>O Que a Vida Me Roubou<\/td>\n<td>2,4<\/td>\n<\/tr>\n<tr>\n<td>SBT Cidades SP<\/td>\n<td>3,3<\/td>\n<\/tr>\n<tr>\n<td>SBT Cidades<\/td>\n<td>3,9<\/td>\n<\/tr>\n<tr>\n<td>SBT Brasil<\/td>\n<td>4,1<\/td>\n<\/tr>\n<tr>\n<td>Amor Valente<\/td>\n<td>3,2<\/td>\n<\/tr>\n<tr>\n<td>A Hist\u00f3ria de Joana, A Virgem<\/td>\n<td>3,9<\/td>\n<\/tr>\n<tr>\n<td>Sess\u00e3o +SBT<\/td>\n<td>4,2<\/td>\n<\/tr>\n<tr>\n<td>Programa do Ratinho<\/td>\n<td>3,7<\/td>\n<\/tr>\n<tr>\n<td>The Noite<\/td>\n<td>2,5<\/td>\n<\/tr>\n<tr>\n<td>Opera\u00e7\u00e3o Mesquita<\/td>\n<td>1,7<\/td>\n<\/tr>\n<tr>\n<td>Passe de Milh\u00f5es<\/td>\n<td>1,2<\/td>\n<\/tr>\n<tr>\n<td>SBT Not\u00edcias<\/td>\n<td>1,5<\/td>\n<\/tr>\n<tr>\n\u00a0<img decoding=\"async\" loading=\"lazy\" class=\"horizontal\" src=\"https:\/\/www.europesays.com\/pt\/wp-content\/uploads\/2026\/08\/1787851816_162_band.webp\" alt=\"Logo Band\" width=\"42\" height=\"42\"\/>\u00a0<br \/>\n<\/tr>\n<tr>\n<td>Igreja Universal do Reino de Deus<\/td>\n<td>0,0<\/td>\n<\/tr>\n<tr>\n<td>AgroBand<\/td>\n<td>0,0<\/td>\n<\/tr>\n<tr>\n<td>BandSports News<\/td>\n<td>0,1<\/td>\n<\/tr>\n<tr>\n<td>Bora Brasil<\/td>\n<td>0,4<\/td>\n<\/tr>\n<tr>\n<td>Jogo Aberto<\/td>\n<td>1,4<\/td>\n<\/tr>\n<tr>\n<td>Jogo Aberto SP<\/td>\n<td>2,2<\/td>\n<\/tr>\n<tr>\n<td>Os Donos da Bola<\/td>\n<td>1,8<\/td>\n<\/tr>\n<tr>\n<td>Melhor da Tarde<\/td>\n<td>1,2<\/td>\n<\/tr>\n<tr>\n<td>Brasil Urgente<\/td>\n<td>2,8<\/td>\n<\/tr>\n<tr>\n<td>Brasil Urgente SP<\/td>\n<td>3,0<\/td>\n<\/tr>\n<tr>\n<td>Jornal da Band<\/td>\n<td>2,8<\/td>\n<\/tr>\n<tr>\n<td>Guerra das Rosas<\/td>\n<td>1,1<\/td>\n<\/tr>\n<tr>\n<td>Show da F\u00e9<\/td>\n<td>0,3<\/td>\n<\/tr>\n<tr>\n<td>Cine Clube: O Duelo<\/td>\n<td>0,7<\/td>\n<\/tr>\n<tr>\n<td>Jornal da Noite<\/td>\n<td>0,4<\/td>\n<\/tr>\n<tr>\n<td>Esporte Total<\/td>\n<td>0,5<\/td>\n<\/tr>\n<tr>\n<td>Igreja Universal do Reino de Deus<\/td>\n<td>0,3<\/td>\n<\/tr>\n","protected":false},"excerpt":{"rendered":"A Hist\u00f3ria de Joana chegou ao fim na noite dessa quarta-feira (26) sem bater recorde de audi\u00eancia no&hellip;\n","protected":false},"author":2,"featured_media":502807,"comment_status":"","ping_status":"","sticky":false,"template":"","format":"standard","meta":{"footnotes":"","_share_on_mastodon":"0"},"categories":[142],"tags":[80588,114,115,32,33,936,17546,151],"class_list":["post-502806","post","type-post","status-publish","format-standard","has-post-thumbnail","category-tv","tag-a-historia-de-joana","tag-entertainment","tag-entretenimento","tag-portugal","tag-pt","tag-sbt","tag-televisa","tag-tv"],"share_on_mastodon":{"url":"https:\/\/pubeurope.com\/@pt\/117168664656235462","error":""},"_links":{"self":[{"href":"https:\/\/www.europesays.com\/pt\/wp-json\/wp\/v2\/posts\/502806","targetHints":{"allow":["GET"]}}],"collection":[{"href":"https:\/\/www.europesays.com\/pt\/wp-json\/wp\/v2\/posts"}],"about":[{"href":"https:\/\/www.europesays.com\/pt\/wp-json\/wp\/v2\/types\/post"}],"author":[{"embeddable":true,"href":"https:\/\/www.europesays.com\/pt\/wp-json\/wp\/v2\/users\/2"}],"replies":[{"embeddable":true,"href":"https:\/\/www.europesays.com\/pt\/wp-json\/wp\/v2\/comments?post=502806"}],"version-history":[{"count":0,"href":"https:\/\/www.europesays.com\/pt\/wp-json\/wp\/v2\/posts\/502806\/revisions"}],"wp:featuredmedia":[{"embeddable":true,"href":"https:\/\/www.europesays.com\/pt\/wp-json\/wp\/v2\/media\/502807"}],"wp:attachment":[{"href":"https:\/\/www.europesays.com\/pt\/wp-json\/wp\/v2\/media?parent=502806"}],"wp:term":[{"taxonomy":"category","embeddable":true,"href":"https:\/\/www.europesays.com\/pt\/wp-json\/wp\/v2\/categories?post=502806"},{"taxonomy":"post_tag","embeddable":true,"href":"https:\/\/www.europesays.com\/pt\/wp-json\/wp\/v2\/tags?post=502806"}],"curies":[{"name":"wp","href":"https:\/\/api.w.org\/{rel}","templated":true}]}}