{"id":50283,"date":"2025-08-29T15:06:09","date_gmt":"2025-08-29T15:06:09","guid":{"rendered":"https:\/\/www.europesays.com\/pt\/50283\/"},"modified":"2025-08-29T15:06:09","modified_gmt":"2025-08-29T15:06:09","slug":"danca-dos-famosos-ja-tem-seus-primeiros-eliminados-saiba-quem-saiu-terra","status":"publish","type":"post","link":"https:\/\/www.europesays.com\/pt\/50283\/","title":{"rendered":"&#039;Dan\u00e7a dos Famosos&#039; j\u00e1 tem seus primeiros eliminados; saiba quem saiu &#8211; Terra"},"content":{"rendered":"<ol>\n<li><a href=\"https:\/\/news.google.com\/rss\/articles\/CBMi5wFBVV95cUxONWNnbS1fUkhXekJJcEN6dnB3RGVBNXZjemZSekxJVUFYelJvTmkyMXBQbW9WbTBzY3VyQXhwby1tU0hFaEt3dW85NHlnQVoxSm9YWHpyam9NNVUyTDNNc0dLT1JqWld5LUo2aGVwNzJreVRHX1BjcWVkUEtzdjJQczRadFBXR1Bid1A4c1FjZ3VvUEoycVQxODFWSEF2blhtSFEydS00Si14cEZSMGRoTXo4LUZpUnFsS25xbHdaWUt6VDZoOUdpWDBSdEhTRFhZTWJ2LWkwNV9ySlJXbm1PWkRYY1NRbmM?oc=5\" target=\"_blank\" rel=\"nofollow noopener\">&#8216;Dan\u00e7a dos Famosos&#8217; j\u00e1 tem seus primeiros eliminados; saiba quem saiu<\/a>&nbsp;&nbsp;Terra<\/li>\n<li><a href=\"https:\/\/news.google.com\/rss\/articles\/CBMiwwJBVV95cUxQbWwwTnhwX0V6N0NJUURJUXNUQjVWOWhFWXZyRHF5RkJYaW5yb21xa0VEeXlIVl9vbzE1emh1V0pmbWhMbHo1eGRvLU1sTDNTLVRFb2hmcFRRY2VIRUNHeG9zY2ZYRzUzUS16ZDBtSmN5NlI5a1lrNTZyWWc2c2RVMS1RbDhEaVZrZXc1c01FYlZwZTF3NVZSTlE5Q2JvOXZCSDFDQVhZSUFPVXJDRmRyajhuQmx3T0tYUkZwSkowRzJmbFlERVFVbl9pMDhXTDZsYjU3WWFiNDZFQWRwQjBfZklwTUNyNGpKYlpYaHo3bWwwRkIwZGxfblRQaG1GT0NhTXZsNTJObjRweG5pVGZNYXh4d0N5VWlJdVpJU1BjRWZKWTRYTHFhMXFrT2N5RVczamwwQnZnSkZiMnJ2elNzQkFWNA?oc=5\" target=\"_blank\" rel=\"nofollow noopener\">&#8216;Dan\u00e7a dos Famosos 2025&#8217;: Luan Pereira e Allan Souza Lima eliminados na repescagem do programa da Globo? Saiba quem deixou disputa do &#8216;Doming\u00e3o&#8217;!<\/a>&nbsp;&nbsp;Terra<\/li>\n<li><a href=\"https:\/\/news.google.com\/rss\/articles\/CBMizgFBVV95cUxNM3gxTjRpdzh1elRsZmw0YksxamZtTWFacVU0QXltOFhmQk9IMGhwMW1aaFhaV2xzd2FfWUpvUVplbkdOTXJJVGd5dXpBUTFRdDhfYldRQ0xQUm9wb0hZakE0VUNPcHdXd2ZGQV9Ed2l3dkpNcGFla1pvd091VUY5QkxHalBIcm03Sk9LbngyWEd2YjNYYlBkS2N2TmJVNThVZXd4b1A0Q0dLVnladjJSdTRrc1FOOTk3cEY3QS15UWQ3dnowZnJnLWZhMTl1UdIB3AFBVV95cUxQV2tzVGxGTTJPM0xDQjVfZHJmRnBWbi1ralgxd256VlM5RzNUSkRvYTBTS1h3RGJlYUVfWVlXelRJUC1zVkUzVmw3cFVhUVRXSGh1cnZsNFhCUlA4VnY0N2VsMWNJYXg2dG1WbjM4T3FXcUFzXzRERGxyMjJNcWhUU0VYa1BCN01NVnBqSURtQnMyN3ZVV21ESjdpOXU1NC1SR0lmWXI3RFFfR0gxNEVkN0dUTXV3d01DQWtfeGdrdTg2NWFkTFl3dEJvMXEtWjZZelFvblUxY1J2SG02?oc=5\" target=\"_blank\" rel=\"nofollow noopener\">Repescagem da Dan\u00e7a dos Famosos tem les\u00e3o de participante e dupla elimina\u00e7\u00e3o<\/a>&nbsp;&nbsp;Not\u00edcias da TV<\/li>\n<li><a href=\"https:\/\/news.google.com\/rss\/articles\/CBMiqgFBVV95cUxQQzR2eElFWXVqY05Mc1lXamZaUzYwY2s4NXFhdUZITFIwZUIxYmpLZ29paW5UbVRtV0FaY1oySE0tdUFoWW50WXdPOExpcjNPLU1XUEtEZm8xUEVrVnU4VW9lNzRxbXhRZW1jT1ZTc1BBYVRKcndHd0JvSEd5c0VYaXd6RUlEMUd5TkNUaExRZ1NuRzNBMnROaWRZSzZZWkdfNnZPcVRITFo5UQ?oc=5\" target=\"_blank\" rel=\"nofollow noopener\">Quem saiu do Dan\u00e7a dos Famosos 2025? Nicole Bahls vaza informa\u00e7\u00f5es sem querer<\/a>&nbsp;&nbsp;R\u00e1dio Itatiaia<\/li>\n<li><a href=\"https:\/\/news.google.com\/rss\/articles\/CBMisAFBVV95cUxPOW1iY3JORENtQ182YnFEVUlweGNGVzRqNWx2aWVNU2pMQ1FDY09ERnowa1lGR3czMXllTnpHS3dDSy1nYTljVlhPdEstQnhNSWVsV0Q5RnZubmhnLTBZbWFqUjREblBqWjRCeUMwUEkxamgxZjhBU3g4bFpwV0pFa2c0YmR2bW56YW92VERMSVMtUkJXRFVkUEhFVThwY0ZhUDBzOEIwQUtNM2VISTNJYQ?oc=5\" target=\"_blank\" rel=\"nofollow noopener\">Veja quem ser\u00e3o as eliminadas na repescagem da &#8216;Dan\u00e7a dos Famosos&#8217;<\/a>&nbsp;&nbsp;Jornal Correio<\/li>\n<\/ol>\n","protected":false},"excerpt":{"rendered":"&#8216;Dan\u00e7a dos Famosos&#8217; j\u00e1 tem seus primeiros eliminados; saiba quem saiu&nbsp;&nbsp;Terra &#8216;Dan\u00e7a dos Famosos 2025&#8217;: Luan Pereira e&hellip;\n","protected":false},"author":2,"featured_media":50284,"comment_status":"","ping_status":"","sticky":false,"template":"","format":"standard","meta":{"footnotes":""},"categories":[142],"tags":[114,115,32,33,151],"class_list":{"0":"post-50283","1":"post","2":"type-post","3":"status-publish","4":"format-standard","5":"has-post-thumbnail","7":"category-tv","8":"tag-entertainment","9":"tag-entretenimento","10":"tag-portugal","11":"tag-pt","12":"tag-tv"},"share_on_mastodon":{"url":"","error":""},"_links":{"self":[{"href":"https:\/\/www.europesays.com\/pt\/wp-json\/wp\/v2\/posts\/50283","targetHints":{"allow":["GET"]}}],"collection":[{"href":"https:\/\/www.europesays.com\/pt\/wp-json\/wp\/v2\/posts"}],"about":[{"href":"https:\/\/www.europesays.com\/pt\/wp-json\/wp\/v2\/types\/post"}],"author":[{"embeddable":true,"href":"https:\/\/www.europesays.com\/pt\/wp-json\/wp\/v2\/users\/2"}],"replies":[{"embeddable":true,"href":"https:\/\/www.europesays.com\/pt\/wp-json\/wp\/v2\/comments?post=50283"}],"version-history":[{"count":0,"href":"https:\/\/www.europesays.com\/pt\/wp-json\/wp\/v2\/posts\/50283\/revisions"}],"wp:featuredmedia":[{"embeddable":true,"href":"https:\/\/www.europesays.com\/pt\/wp-json\/wp\/v2\/media\/50284"}],"wp:attachment":[{"href":"https:\/\/www.europesays.com\/pt\/wp-json\/wp\/v2\/media?parent=50283"}],"wp:term":[{"taxonomy":"category","embeddable":true,"href":"https:\/\/www.europesays.com\/pt\/wp-json\/wp\/v2\/categories?post=50283"},{"taxonomy":"post_tag","embeddable":true,"href":"https:\/\/www.europesays.com\/pt\/wp-json\/wp\/v2\/tags?post=50283"}],"curies":[{"name":"wp","href":"https:\/\/api.w.org\/{rel}","templated":true}]}}