{"id":502838,"date":"2026-08-27T18:01:25","date_gmt":"2026-08-27T18:01:25","guid":{"rendered":"https:\/\/www.europesays.com\/pt\/502838\/"},"modified":"2026-08-27T18:01:25","modified_gmt":"2026-08-27T18:01:25","slug":"vitoria-henrique-arrisca-processo-judicial-para-recuperar-o-amor-de-vitoria-novelas","status":"publish","type":"post","link":"https:\/\/www.europesays.com\/pt\/502838\/","title":{"rendered":"Vit\u00f3ria: Henrique arrisca processo judicial para recuperar o amor de Vit\u00f3ria &#8211; Novelas"},"content":{"rendered":"<p>Por esta \u00e9 que ningu\u00e9m esperava. Henrique (Albano Jer\u00f3nimo) surpreendeu tudo e todos em pleno tribunal ao mudar o seu testemunho e ilibar Jo\u00e3o (Jorge Corrula). Este foi um momento de justi\u00e7a, mas que tem outro objetivo pelo meio. \u00c9 que o empres\u00e1rio quer provar que est\u00e1 de cora\u00e7\u00e3o aberto e, com o que fez, reconquistar o amor e a confian\u00e7a de Vit\u00f3ria (Cl\u00e1udia Vieira). S\u00f3 que o pior ainda poder\u00e1 esta para vir. <\/p>\n<p>Em tribunal, Henrique continua o depoimento e assume, perante o juiz, que acusou Jo\u00e3o apenas por ci\u00fames e por querer afast\u00e1-lo de Vit\u00f3ria. Enquanto o r\u00e9u reage com indigna\u00e7\u00e3o, Isabel (Vanessa Gi\u00e1como) suspeita de que existe uma estrat\u00e9gia por detr\u00e1s daquela mudan\u00e7a de testemunho. <\/p>\n<p>        &#13;<\/p>\n<p>                        &#13;<br \/>\n                            <img decoding=\"async\" src=\"https:\/\/www.europesays.com\/pt\/wp-content\/uploads\/2026\/08\/img_220x220uu2026-08-25-19-37-04-416513-im-639232837086959631.jpg\" class=\"img_fluid\" loading=\"lazy\" alt=\"\"\/>&#13;<\/p>\n<p class=\"title\">Ler tamb\u00e9m<\/p>\n<p>                    <a href=\"https:\/\/www.tvguia.pt\/novelas\/detalhe\/vitoria-desesperado-com-o-plano-de-fuga-de-vitoria-francisco-pede-ajuda-a-uma-das-maiores-rivais-da-mae\" class=\"streched_link\" title=\"\" content_list_position=\"1\" rel=\"nofollow noopener\" target=\"_blank\">Vit\u00f3ria: Desesperado com o plano de fuga de Vit\u00f3ria, Francisco pede ajuda a uma das maiores rivais da m\u00e3e <\/a><\/p>\n<p>            &#13;<\/p>\n<p>Instantes depois, o juiz decide retirar a acusa\u00e7\u00e3o. Jo\u00e3o e Isabel abra\u00e7am-se, profundamente aliviados. Vit\u00f3ria troca um olhar com Henrique e sorri, pois percebe o que ele fez. <\/p>\n<p>Depois da audi\u00eancia, o empres\u00e1rio leva a m\u00e3e dos filhos a casa. Os dois conversam sobre o que aconteceu no tribunal e Henrique explica que decidiu mentir quando percebeu que a grava\u00e7\u00e3o que ilibava Jo\u00e3o n\u00e3o tinha valor legal. <\/p>\n<p>        &#13;<\/p>\n<p>                        &#13;<br \/>\n                            <img decoding=\"async\" src=\"https:\/\/www.europesays.com\/pt\/wp-content\/uploads\/2026\/08\/img_220x220uu2026-08-24-01-46-36-416341.jpg\" class=\"img_fluid\" loading=\"lazy\" alt=\"\"\/>&#13;<\/p>\n<p class=\"title\">Ler tamb\u00e9m<\/p>\n<p>                    <a href=\"https:\/\/www.tvguia.pt\/novelas\/detalhe\/vitoria-margarida-cuida-de-leonor-e-faz-planos-para-quando-se-tornar-ma\" class=\"streched_link\" title=\"\" content_list_position=\"2\" rel=\"nofollow noopener\" target=\"_blank\">Vit\u00f3ria: Margarida cuida de Leonor e faz planos para quando se tornar m\u00e3e<\/a><\/p>\n<p>            &#13;<\/p>\n<p>Emocionada, Vit\u00f3ria lembra-o de que ele arrisca agora enfrentar um processo judicial mas admira a inten\u00e7\u00e3o do seu gesto. Henrique emociona-se ao ouvir que Vit\u00f3ria acredita nele e admite que isso era a \u00fanica coisa que lhe interessava.<\/p>\n<p>Saiba tudo sobre &#8216;Vit\u00f3ria&#8217; e as outras novelas na revista\u00a0<b>TV Guia<\/b>\u00a0desta semana, j\u00e1 nas bancas de Portugal, ou na vers\u00e3o digital,\u00a0<a href=\"https:\/\/assinaturas.xl.pt\/tv_guia\" rel=\"nofollow noopener\" target=\"_blank\">aqui<\/a>.\u00a0 \u00a0 \u00a0<\/p>\n<p>            &#13;<br \/>\n                &#13;<br \/>\n&#13;<br \/>\n&#13;<br \/>\n    &#13;<br \/>\n&#13;<br \/>\n&#13;<\/p>\n","protected":false},"excerpt":{"rendered":"Por esta \u00e9 que ningu\u00e9m esperava. Henrique (Albano Jer\u00f3nimo) surpreendeu tudo e todos em pleno tribunal ao mudar&hellip;\n","protected":false},"author":2,"featured_media":502839,"comment_status":"","ping_status":"","sticky":false,"template":"","format":"standard","meta":{"footnotes":"","_share_on_mastodon":"0"},"categories":[142],"tags":[41612,1082,114,115,2910,28926,56017,32,33,151,40743,40876,42531,1698],"class_list":["post-502838","post","type-post","status-publish","format-standard","has-post-thumbnail","category-tv","tag-albano-jeronimo","tag-claudia-vieira","tag-entertainment","tag-entretenimento","tag-isabel","tag-jorge-corrula","tag-novela-vitoria","tag-portugal","tag-pt","tag-tv","tag-tv-guia","tag-vanessa-giacomo","tag-vitor","tag-vitoria"],"share_on_mastodon":{"url":"https:\/\/pubeurope.com\/@pt\/117168786373467248","error":""},"_links":{"self":[{"href":"https:\/\/www.europesays.com\/pt\/wp-json\/wp\/v2\/posts\/502838","targetHints":{"allow":["GET"]}}],"collection":[{"href":"https:\/\/www.europesays.com\/pt\/wp-json\/wp\/v2\/posts"}],"about":[{"href":"https:\/\/www.europesays.com\/pt\/wp-json\/wp\/v2\/types\/post"}],"author":[{"embeddable":true,"href":"https:\/\/www.europesays.com\/pt\/wp-json\/wp\/v2\/users\/2"}],"replies":[{"embeddable":true,"href":"https:\/\/www.europesays.com\/pt\/wp-json\/wp\/v2\/comments?post=502838"}],"version-history":[{"count":0,"href":"https:\/\/www.europesays.com\/pt\/wp-json\/wp\/v2\/posts\/502838\/revisions"}],"wp:featuredmedia":[{"embeddable":true,"href":"https:\/\/www.europesays.com\/pt\/wp-json\/wp\/v2\/media\/502839"}],"wp:attachment":[{"href":"https:\/\/www.europesays.com\/pt\/wp-json\/wp\/v2\/media?parent=502838"}],"wp:term":[{"taxonomy":"category","embeddable":true,"href":"https:\/\/www.europesays.com\/pt\/wp-json\/wp\/v2\/categories?post=502838"},{"taxonomy":"post_tag","embeddable":true,"href":"https:\/\/www.europesays.com\/pt\/wp-json\/wp\/v2\/tags?post=502838"}],"curies":[{"name":"wp","href":"https:\/\/api.w.org\/{rel}","templated":true}]}}