{"id":50287,"date":"2025-08-29T15:09:20","date_gmt":"2025-08-29T15:09:20","guid":{"rendered":"https:\/\/www.europesays.com\/pt\/50287\/"},"modified":"2025-08-29T15:09:20","modified_gmt":"2025-08-29T15:09:20","slug":"o-sorteio-positivo-de-fc-porto-e-sp-braga-na-liga-europa-observador","status":"publish","type":"post","link":"https:\/\/www.europesays.com\/pt\/50287\/","title":{"rendered":"O sorteio (positivo) de FC Porto e Sp. Braga na Liga Europa \u2013 Observador"},"content":{"rendered":"<p>Podia ser uma festa a tr\u00eas em duas provas diferentes, tornou-se numa festa mais pequena a dois e restrita a uma s\u00f3 competi\u00e7\u00e3o. O Sp. Braga confirmou o seu te\u00f3rico favoritismo frente ao modesto Lincoln Red Imps, de Gibraltar, e <a href=\"https:\/\/observador.pt\/2025\/08\/28\/22-possiveis-destinos-entre-os-varios-treinadores-portugueses-la-fora-quem-sao-os-possiveis-adversarios-de-fc-porto-e-sp-braga\/\" rel=\"nofollow noopener\" target=\"_blank\">passou o playoff para se juntar ao FC Porto no sorteio da Liga Europa com duas goleadas<\/a>. Em contrapartida, o Santa Clara n\u00e3o conseguiu repetir a fa\u00e7anha do V. Guimar\u00e3es na \u00faltima temporada, caindo no playoff da Liga Confer\u00eancia com os irlandeses do Shamrock Rovers e falhando a presen\u00e7a no sorteio da primeira fase. Se uma das grandes novidades da UEFA para a presente \u00e9poca passava pela realiza\u00e7\u00e3o dos dois sorteios depois da Liga dos Campe\u00f5es em simult\u00e2neo, Portugal s\u00f3 estaria representado na <strong>Liga Europa.<\/strong><\/p>\n<blockquote class=\"wp-embedded-content\" data-secret=\"YU9R3I0qZT\">\n<p><a href=\"https:\/\/observador.pt\/2025\/08\/28\/22-possiveis-destinos-entre-os-varios-treinadores-portugueses-la-fora-quem-sao-os-possiveis-adversarios-de-fc-porto-e-sp-braga\/\" rel=\"nofollow noopener\" target=\"_blank\">Uma lista de 22 pa\u00edses com v\u00e1rios treinadores portugueses: quem s\u00e3o os poss\u00edveis advers\u00e1rios de FC Porto e Sp. Braga<\/a><\/p>\n<\/blockquote>\n<p>\u00c0 semelhan\u00e7a da temporada passada, o FC Porto voltava a surgir como cabe\u00e7a de s\u00e9rie, neste caso com uma posi\u00e7\u00e3o refor\u00e7ada de segunda equipa com maior coeficiente da UEFA apenas superado pela Roma (no ano passado havia tamb\u00e9m o Manchester United), ao passo que o Sp. Braga entrava de novo no pote 2, sendo a segunda melhor equipa desse grupo atr\u00e1s do Fenerbah\u00e7e, que <strong>anunciou a sa\u00edda de Jos\u00e9 Mourinho na manh\u00e3 desta sexta-feira<\/strong> ap\u00f3s a elimina\u00e7\u00e3o da Liga dos Campe\u00f5es frente ao Benfica. E a sorte seria ditada por uma cara conhecida do futebol: J\u00fcrgen Klinsmann, antigo avan\u00e7ado campe\u00e3o mundial pela Alemanha que ganhou a ent\u00e3o Ta\u00e7a UEFA em 1991 pelos italianos do Inter e em 1996 pelos alem\u00e3es do Bayern (e que passou tamb\u00e9m no final da carreira pelo Tottenham, que ganhou a \u00faltima edi\u00e7\u00e3o da prova frente ao United).<\/p>\n<p>Essa n\u00e3o seria a \u00fanica surpresa\u2026 e com liga\u00e7\u00e3o nacional: se Klinsmann foi um aut\u00eantico quebra cabe\u00e7as para as equipas portuguesas na d\u00e9cada de 90, <strong>era tempo de entrar no palco o m\u00e1gico M\u00e1rio Daniel,<\/strong> que levou \u00e0 letra os novos tempos de sorteio e fez desaparecer todas as 36 bolas que estavam preparadas para o sorteio, abrindo espa\u00e7o para o supercomputador come\u00e7ar a divulgar os advers\u00e1rios de FC Porto e Sp. Braga nesta primeira fase da Liga Europa. Em resumo, o sorteio acabou por ser \u201cacess\u00edvel\u201d para os dois conjuntos nacionais (mais para os drag\u00f5es), com quatro advers\u00e1rios em comum entre ambos (Rangers, Nice, Estrela Vermelha e Nottingham Forest), viagens aos Pa\u00edses Baixos (Utrecht e Go Ahead Eagles) e o reencontro com Nuno Esp\u00edrito Santo, antigo t\u00e9cnico dos drag\u00f5es que comanda agora a forma\u00e7\u00e3o do Nottingham Forest.<\/p>\n<ul>\n<li>Pote 1: Rangers (casa) e Salzburgo (fora)<\/li>\n<li>Pote 2: Estrela Vermelha (casa) e Viktoria Plzen (fora)<\/li>\n<li>Pote 3: Nice (casa) e Nottingham Forest (fora)<\/li>\n<li>Pote 4: Malm\u00f6 (casa) e Utrecht (fora)<\/li>\n<\/ul>\n<ul>\n<li>Pote 1: Feyenoord (casa) e Rangers (fora)<\/li>\n<li>Pote 2: Estrela Vermelha (casa) e Celtic (fora)<\/li>\n<li>Pote 3: Nottingham Forest (fora) e Nice (casa)<\/li>\n<li>Pote 4: Genk (casa) e Go Ahead Eagles (fora)<\/li>\n<\/ul>\n<ul>\n<li>Jornada 1, 24 e 25 de setembro<\/li>\n<li>Jornada 2, 2 de outubro<\/li>\n<li>Jornada 3, 23 de outubro<\/li>\n<li>Jornada 4, 6 de novembro<\/li>\n<li>Jornada 5, 27 de novembro<\/li>\n<li>Jornada 6, 11 de dezembro<\/li>\n<li>Jornada 7, 22 de janeiro<\/li>\n<li>Jornada 8, 29 de janeiro<\/li>\n<\/ul>\n<ul>\n<li><strong>Fran\u00e7a:<\/strong> 3 equipas (mais uma do que em 2024\/25)<\/li>\n<li><strong>Pa\u00edses Baixos:<\/strong> 3 equipas (mais uma do que em 2024\/25)<\/li>\n<li><strong>Espanha:<\/strong> 2 equipas (igual a 2024\/25)<\/li>\n<li><strong>Inglaterra:<\/strong> 2 equipas (igual a 2024\/25)<\/li>\n<li><strong>Alemanha:<\/strong> 2 equipas (igual a 2024\/25)<\/li>\n<li><strong>It\u00e1lia:<\/strong> 2 equipas (igual a 2024\/25)<\/li>\n<li><strong>Portugal: 2 equipas (igual a 2024\/25)<\/strong><\/li>\n<li><strong>Esc\u00f3cia:<\/strong> 2 equipas (mais uma do que em 2024\/25)<\/li>\n<li><strong>\u00c1ustria:<\/strong> 2 equipas (mais duas do que em 2024\/25)<\/li>\n<li><strong>Gr\u00e9cia:<\/strong> 2 equipas (igual a 2024\/25)<\/li>\n<li><strong>Su\u00ed\u00e7a:<\/strong> 2 equipas (mais duas do que em 2024\/25)<\/li>\n<li><strong>B\u00e9lgica:<\/strong> 1 equipa (menos uma do que em 2024\/25)<\/li>\n<li><strong>Turquia:<\/strong> 1 equipa (menos duas do que em 2024\/25)<\/li>\n<li><strong>S\u00e9rvia:<\/strong> 1 equipa (mais uma do que em 2024\/25)<\/li>\n<li><strong>Cro\u00e1cia:<\/strong> 1 equipa (mais uma do que em 2024\/25)<\/li>\n<li><strong>Rep. Checa:<\/strong> 1 equipa (menos uma do que em 2024\/25)<\/li>\n<li><strong>Hungria:<\/strong> 1 equipa (igual a 2024\/25)<\/li>\n<li><strong>Noruega:<\/strong> 1 equipa (igual a 2024\/25)<\/li>\n<li><strong>Israel:<\/strong> 1 equipa (igual a 2024\/25)<\/li>\n<li><strong>Bulg\u00e1ria:<\/strong> 1 equipa (igual a 2024\/25)<\/li>\n<li><strong>Dinamarca:<\/strong> 1 equipa (igual a 2024\/25)<\/li>\n<li><strong>Su\u00e9cia:<\/strong> 1 equipa (menos uma do que em 2024\/25)<\/li>\n<li><strong>Nota:<\/strong> Azerbaij\u00e3o, Ucr\u00e2nia e Let\u00f3nia n\u00e3o estar\u00e3o representadas na Liga Europa como aconteceu em 2024\/25<\/li>\n<\/ul>\n<p>Pote 1<\/p>\n<ul>\n<li>Roma (It\u00e1lia), FC Porto (Portugal), Rangers (Esc\u00f3cia), Feyenoord (Pa\u00edses Baixos), Lille (Fran\u00e7a), D\u00ednamo Zagreb (Cro\u00e1cia), Betis (Espanha), Salzburgo (\u00c1ustria) e Aston Villa (Inglaterra)<\/li>\n<\/ul>\n<p>Pote 2<\/p>\n<ul>\n<li>Fenerbah\u00e7e (Turquia),\u00a0Sp. Braga (Portugal),\u00a0Estrela Vermelha (S\u00e9rvia), Lyon (Fran\u00e7a), PAOK (Gr\u00e9cia), Viktoria Plzen (Rep. Checa), Ferencvaros (Hungria), Celtic (Esc\u00f3cia) e Maccabi Telavive (Israel)<\/li>\n<\/ul>\n<p>Pote 3<\/p>\n<ul>\n<li>Young Boys (Su\u00ed\u00e7a), Basileia (Su\u00ed\u00e7a), Midtjylland (Dinamarca), Friburgo (Alemanha), Ludogorets (Bulg\u00e1ria), Nottingham Forest (Inglaterra), Sturm Graz (\u00c1ustria), Steaua Bucareste (Rom\u00e9nia) e Nice (Fran\u00e7a)<\/li>\n<\/ul>\n<p>Pote 4<\/p>\n<ul>\n<li>Bolonha (It\u00e1lia), Celta de Vigo (Espanha), Estugarda (Alemanha), Panathinaikos (Gr\u00e9cia), Malm\u00f6 (Su\u00e9cia), Go Ahead Eagles (Pa\u00edses Baixos), Utrecht (Pa\u00edses Baixos), Genk (B\u00e9lgica) e Brann (Noruega)<\/li>\n<\/ul>\n<ul>\n<li>Maccabi Telavive (Israel)-D\u00ednamo Kiev (Ucr\u00e2nia), 3-1 e 0-1<\/li>\n<li>Shk\u00ebndija (Maced\u00f3nia)-Ludogorets (Bulg\u00e1ria), 2-1 e 1-4 (a.p.)<\/li>\n<li>Slovan Bratislava (Eslov\u00e1quia)-Young Boys (Su\u00ed\u00e7a), 0-1 e 2-3<\/li>\n<li>Malm\u00f6 (Su\u00e9cia)-Sigma Olomouc (Rep. Checa), 3-0 e 2-0<\/li>\n<li>Panathinaikos (Gr\u00e9cia)-Samsunspor (Turquia), 2-1 e 0-0<\/li>\n<li>Aberdeen (Esc\u00f3cia)-Steaua Bucareste (Rom\u00e9nia), 2-2 e 0-3<\/li>\n<li>Lech Poznan (Pol\u00f3nia)-Genk (B\u00e9lgica), 1-5 e 2-1<\/li>\n<li>Midtjylland (Dinamarca)-KuPS (Finl\u00e2ndia), 4-0 e 2-0<\/li>\n<li>Lincoln Red Imps (Gibraltar)-Sp. Braga (Portugal), 0-4 e 1-5<\/li>\n<li>Zrinjski (B\u00f3snia)-Utrecht (Pa\u00edses Baixos), 0-2 e 0-0<\/li>\n<li>Brann (Noruega)-AEK Larnaca (Chipre), 2-1 e 4-0<\/li>\n<li>Rijeka (Cro\u00e1cia)-PAOK (Gr\u00e9cia), 1-0 e 0-5<\/li>\n<\/ul>\n<ul>\n<li>Fenerbah\u00e7e (Hungria)-Qarabag (Azerbaij\u00e3o), 1-3 e 3-2<\/li>\n<li>Estrela Vermelha (S\u00e9rvia)-Pafos (Chipre), 1-2 e 1-1<\/li>\n<li>Bod\u00f6\/Glimt (Noruega)-Sturm Graz (\u00c1ustria), 5-0 e 1-2<\/li>\n<li>Celtic (Esc\u00f3cia)- Kairat Almaty (Cazaquist\u00e3o), 0-0 e 0-0 (2-3, g.p.)<\/li>\n<li>Basileia (Su\u00ed\u00e7a)-Copenhaga (Dinamarca), 1-1 e 0-2<\/li>\n<li>Fenerbah\u00e7e (Turquia)-Benfica (Portugal), 0-0 e 0-1<\/li>\n<li>Rangers (Esc\u00f3cia)-Club Brugge (B\u00e9lgica), 1-3 e 6-0<\/li>\n<\/ul>\n","protected":false},"excerpt":{"rendered":"Podia ser uma festa a tr\u00eas em duas provas diferentes, tornou-se numa festa mais pequena a dois e&hellip;\n","protected":false},"author":2,"featured_media":50288,"comment_status":"","ping_status":"","sticky":false,"template":"","format":"standard","meta":{"footnotes":""},"categories":[87],"tags":[135,282,524,137,32,33,12548,134],"class_list":{"0":"post-50287","1":"post","2":"type-post","3":"status-publish","4":"format-standard","5":"has-post-thumbnail","7":"category-desporto","8":"tag-desporto","9":"tag-fc-porto","10":"tag-futebol","11":"tag-liga-europa","12":"tag-portugal","13":"tag-pt","14":"tag-sporting-de-braga","15":"tag-sports"},"share_on_mastodon":{"url":"","error":""},"_links":{"self":[{"href":"https:\/\/www.europesays.com\/pt\/wp-json\/wp\/v2\/posts\/50287","targetHints":{"allow":["GET"]}}],"collection":[{"href":"https:\/\/www.europesays.com\/pt\/wp-json\/wp\/v2\/posts"}],"about":[{"href":"https:\/\/www.europesays.com\/pt\/wp-json\/wp\/v2\/types\/post"}],"author":[{"embeddable":true,"href":"https:\/\/www.europesays.com\/pt\/wp-json\/wp\/v2\/users\/2"}],"replies":[{"embeddable":true,"href":"https:\/\/www.europesays.com\/pt\/wp-json\/wp\/v2\/comments?post=50287"}],"version-history":[{"count":0,"href":"https:\/\/www.europesays.com\/pt\/wp-json\/wp\/v2\/posts\/50287\/revisions"}],"wp:featuredmedia":[{"embeddable":true,"href":"https:\/\/www.europesays.com\/pt\/wp-json\/wp\/v2\/media\/50288"}],"wp:attachment":[{"href":"https:\/\/www.europesays.com\/pt\/wp-json\/wp\/v2\/media?parent=50287"}],"wp:term":[{"taxonomy":"category","embeddable":true,"href":"https:\/\/www.europesays.com\/pt\/wp-json\/wp\/v2\/categories?post=50287"},{"taxonomy":"post_tag","embeddable":true,"href":"https:\/\/www.europesays.com\/pt\/wp-json\/wp\/v2\/tags?post=50287"}],"curies":[{"name":"wp","href":"https:\/\/api.w.org\/{rel}","templated":true}]}}