{"id":502888,"date":"2026-08-27T19:01:16","date_gmt":"2026-08-27T19:01:16","guid":{"rendered":"https:\/\/www.europesays.com\/pt\/502888\/"},"modified":"2026-08-27T19:01:16","modified_gmt":"2026-08-27T19:01:16","slug":"oficial-sp-braga-empresta-thiago-helguera-ao-atletico-de-madrid","status":"publish","type":"post","link":"https:\/\/www.europesays.com\/pt\/502888\/","title":{"rendered":"OFICIAL: Sp. Braga empresta Thiago Helguera ao Atl\u00e9tico de Madrid"},"content":{"rendered":"<p>O Sp. Braga oficializou esta quinta-feira a ced\u00eancia de Thiago Helguera ao Atl\u00e9tico de Madrid, num neg\u00f3cio que contempla uma op\u00e7\u00e3o de compra de 2,5 milh\u00f5es de euros, aos quais se podem juntar mais 1,5 milh\u00f5es de euros em vari\u00e1veis. O emblema minhoto assegura, ainda, uma fatia de 50 por cento numa eventual futura venda do atleta.<\/p>\n<p>O m\u00e9dio uruguaio, de 20 anos, juntou-se ao Sp. Braga na \u00e9poca 2024\/25, proveniente do Nacional de Montevideu. Nesse mesmo ano chegou a estrear-se na equipa principal, mas acabou por seguir para Espanha.\u00a0<\/p>\n<p>Na \u00faltima temporada, Thiago Helguera esteve emprestado ao Mirand\u00e9s, da segunda divis\u00e3o espanhola, onde fez 35 jogos.<br \/>\u00a0<\/p>\n<blockquote class=\"twitter-tweet\" data-media-max-width=\"560\">\n<p lang=\"es\">\u00a1Bienvenido, Thiago Helguera! \u2764\ufe0f\ud83e\udd0d <a href=\"https:\/\/t.co\/bDfvDLE9kW\" rel=\"nofollow\">pic.twitter.com\/bDfvDLE9kW<\/a><\/p>\n<p> \u2014 Atleti Academia (@AtletiAcademia)<br \/>\n  <a href=\"https:\/\/x.com\/AtletiAcademia\/status\/2092899946533966280?ref_src=twsrc%5Etfw\" rel=\"nofollow\">August 27, 2026<\/a>\n <\/p><\/blockquote>\n<p>                                <script async src=\"https:\/\/platform.twitter.com\/widgets.js\" charset=\"utf-8\"><\/script><\/p>\n","protected":false},"excerpt":{"rendered":"O Sp. Braga oficializou esta quinta-feira a ced\u00eancia de Thiago Helguera ao Atl\u00e9tico de Madrid, num neg\u00f3cio que&hellip;\n","protected":false},"author":2,"featured_media":502889,"comment_status":"","ping_status":"","sticky":false,"template":"","format":"standard","meta":{"footnotes":"","_share_on_mastodon":"0"},"categories":[87],"tags":[5944,135,640,46,40,42,41,32,33,47,1233,134,80593],"class_list":["post-502888","post","type-post","status-publish","format-standard","has-post-thumbnail","category-desporto","tag-atletico-de-madrid","tag-desporto","tag-espanha","tag-maisfutebol","tag-maistransferencias","tag-mercado","tag-mercado-de-transferencias","tag-portugal","tag-pt","tag-pura-paixao","tag-sp-braga","tag-sports","tag-thiago-helguera"],"share_on_mastodon":{"url":"https:\/\/pubeurope.com\/@pt\/117169021680422742","error":""},"_links":{"self":[{"href":"https:\/\/www.europesays.com\/pt\/wp-json\/wp\/v2\/posts\/502888","targetHints":{"allow":["GET"]}}],"collection":[{"href":"https:\/\/www.europesays.com\/pt\/wp-json\/wp\/v2\/posts"}],"about":[{"href":"https:\/\/www.europesays.com\/pt\/wp-json\/wp\/v2\/types\/post"}],"author":[{"embeddable":true,"href":"https:\/\/www.europesays.com\/pt\/wp-json\/wp\/v2\/users\/2"}],"replies":[{"embeddable":true,"href":"https:\/\/www.europesays.com\/pt\/wp-json\/wp\/v2\/comments?post=502888"}],"version-history":[{"count":0,"href":"https:\/\/www.europesays.com\/pt\/wp-json\/wp\/v2\/posts\/502888\/revisions"}],"wp:featuredmedia":[{"embeddable":true,"href":"https:\/\/www.europesays.com\/pt\/wp-json\/wp\/v2\/media\/502889"}],"wp:attachment":[{"href":"https:\/\/www.europesays.com\/pt\/wp-json\/wp\/v2\/media?parent=502888"}],"wp:term":[{"taxonomy":"category","embeddable":true,"href":"https:\/\/www.europesays.com\/pt\/wp-json\/wp\/v2\/categories?post=502888"},{"taxonomy":"post_tag","embeddable":true,"href":"https:\/\/www.europesays.com\/pt\/wp-json\/wp\/v2\/tags?post=502888"}],"curies":[{"name":"wp","href":"https:\/\/api.w.org\/{rel}","templated":true}]}}