{"id":502936,"date":"2026-08-27T19:47:31","date_gmt":"2026-08-27T19:47:31","guid":{"rendered":"https:\/\/www.europesays.com\/pt\/502936\/"},"modified":"2026-08-27T19:47:31","modified_gmt":"2026-08-27T19:47:31","slug":"mulher-teve-sintomas-atribuidos-a-alergia-e-menopausa-precoce-antes-de-descobrir-cancer-raro-no-sangue","status":"publish","type":"post","link":"https:\/\/www.europesays.com\/pt\/502936\/","title":{"rendered":"Mulher teve sintomas atribu\u00eddos a alergia e menopausa precoce antes de descobrir c\u00e2ncer raro no sangue"},"content":{"rendered":"\n<p class=\" content-text__container theme-color-primary-first-letter\" data-track-category=\"Link no Texto\" data-track-links=\"\"> A brit\u00e2nica Virginie Liba, de 49 anos, passou quatro anos convivendo com sintomas que, segundo ela, foram atribu\u00eddos a alergias e \u00e0 menopausa precoce antes de descobrir que tinha leucemia mieloide cr\u00f4nica (LMC), um tipo raro e de crescimento lento de c\u00e2ncer no sangue. M\u00e3e de tr\u00eas filhos, ela come\u00e7ou a apresentar sinais da doen\u00e7a em 2015, aos 39 anos, mas s\u00f3 foi diagnosticada em novembro de 2019. <\/p>\n<ul class=\"content-unordered-list\">\n<li><strong>Anemia hemol\u00edtica: <\/strong><a class=\"\" href=\"https:\/\/oglobo.globo.com\/saude\/noticia\/2026\/08\/27\/anemia-hemolitica-entenda-a-grave-doenca-do-rei-da-noruega.ghtml\" rel=\"nofollow noopener\" target=\"_blank\">entenda a grave doen\u00e7a do rei da Noruega<\/a><\/li>\n<li><strong>Brasil vai come\u00e7ar a rastrear diabetes tipo 5;<\/strong> <a class=\"\" href=\"https:\/\/oglobo.globo.com\/saude\/medicina\/noticia\/2026\/08\/27\/brasil-vai-comecar-a-rastrear-diabetes-tipo-5-saiba-o-que-e-a-doenca.ghtml\" rel=\"nofollow noopener\" target=\"_blank\">saiba o que \u00e9 a doen\u00e7a<\/a><\/li>\n<\/ul>\n<p class=\" content-text__container \" data-track-category=\"Link no Texto\" data-track-links=\"\"> Os primeiros sintomas foram epis\u00f3dios intensos de suor noturno, que a faziam acordar e trocar o pijama e os len\u00e7\u00f3is. Depois, ela desenvolveu uma tosse persistente. Ao procurar atendimento m\u00e9dico, diz ter sido informada de que estava passando por uma menopausa precoce e que sofria de alergias sazonais. <\/p>\n<p class=\" content-text__container \" data-track-category=\"Link no Texto\" data-track-links=\"\"> \u2014 Eu tinha que ficar trocando meu pijama e os len\u00e7\u00f3is. Pesquisei no Google, que dizia se tratar de uma poss\u00edvel menopausa. Eu tinha apenas 39 anos na \u00e9poca, ent\u00e3o deixei pra l\u00e1 \u2014 contou Virginie \u00e0 ag\u00eancia de not\u00edcias brit\u00e2nica Southwest News Service. <\/p>\n<p>      <img decoding=\"async\" class=\"content-media__image\"  src=\"https:\/\/www.europesays.com\/pt\/wp-content\/uploads\/2026\/08\/arte-globo-2026-08-27t161604.777.png\" alt=\"Virginie Liba contou sua hist\u00f3ria ao lado do filho, Paul Liba, ao Leukaemia UK \u2014 Foto: Reprodu\u00e7\u00e3o | Instagram\" width=\"888\" height=\"500\" loading=\"lazy\"\/>  Virginie Liba contou sua hist\u00f3ria ao lado do filho, Paul Liba, ao Leukaemia UK \u2014 Foto: Reprodu\u00e7\u00e3o | Instagram       <\/p>\n<p class=\" content-text__container \" data-track-category=\"Link no Texto\" data-track-links=\"\"> A tosse continuou apesar do uso de medicamentos vendidos sem receita. Nos anos seguintes, Virginie tamb\u00e9m apresentou incha\u00e7o nas pernas e perda de peso. Ela afirma que procurou m\u00e9dicos e servi\u00e7os de atendimento diversas vezes, mas continuou recebendo explica\u00e7\u00f5es relacionadas \u00e0 menopausa precoce e a alergias. <\/p>\n<p class=\" content-text__container \" data-track-category=\"Link no Texto\" data-track-links=\"\"> A situa\u00e7\u00e3o mudou em 2019, quando Virginie e a fam\u00edlia se mudaram e ela passou a ser atendida por um novo cl\u00ednico geral. Naquele per\u00edodo, ela come\u00e7ou a sentir uma dor aguda no lado esquerdo do abd\u00f4men e percebeu um grande volume na regi\u00e3o. <\/p>\n<p class=\" content-text__container \" data-track-category=\"Link no Texto\" data-track-links=\"\"> Ao analisar o hist\u00f3rico m\u00e9dico da paciente, o novo m\u00e9dico teria se surpreendido com o fato de ela nunca ter sido encaminhada para um exame de sangue, apesar dos sintomas apresentados durante anos. Virginie recebeu, enfim, uma solicita\u00e7\u00e3o para realizar o teste. <\/p>\n<p>Diagn\u00f3stico de leucemia mieloide cr\u00f4nica<\/p>\n<p class=\" content-text__container \" data-track-category=\"Link no Texto\" data-track-links=\"\"> Antes da data marcada, por\u00e9m, seu estado de sa\u00fade piorou. Ela procurou novamente atendimento de emerg\u00eancia, e o m\u00e9dico entrou em contato com o hospital durante a consulta. Virginie foi encaminhada diretamente ao departamento de hematologia. <\/p>\n<p class=\" content-text__container \" data-track-category=\"Link no Texto\" data-track-links=\"\"> Em 21 de novembro de 2019, ela recebeu o diagn\u00f3stico de leucemia mieloide cr\u00f4nica. A doen\u00e7a afeta a medula \u00f3ssea e provoca a produ\u00e7\u00e3o anormal de c\u00e9lulas sangu\u00edneas. <\/p>\n<p class=\" content-text__container \" data-track-category=\"Link no Texto\" data-track-links=\"\"> O tratamento come\u00e7ou imediatamente e teve efeitos colaterais intensos. Virginie perdeu os cabelos, ficou extremamente cansada e apresentou falta de ar, n\u00e1useas constantes, sangramento nas gengivas, erup\u00e7\u00f5es na pele e escurecimento das unhas. <\/p>\n<p>      <img decoding=\"async\" class=\"content-media__image\"  src=\"https:\/\/www.europesays.com\/pt\/wp-content\/uploads\/2026\/08\/arte-globo-2026-08-27t161645.552.png\" alt=\"Virginie Liba contou sua hist\u00f3ria ao lado do filho, Paul Liba, ao Leukaemia UK \u2014 Foto: Reprodu\u00e7\u00e3o | Instagram\" width=\"888\" height=\"500\" loading=\"lazy\"\/>  Virginie Liba contou sua hist\u00f3ria ao lado do filho, Paul Liba, ao Leukaemia UK \u2014 Foto: Reprodu\u00e7\u00e3o | Instagram       <\/p>\n<p class=\" content-text__container \" data-track-category=\"Link no Texto\" data-track-links=\"\"> Depois de deixar o hospital, ela continuou o tratamento em casa, com medicamentos e acompanhamento m\u00e9dico mensal durante cerca de sete anos. Atualmente, Virginie j\u00e1 concluiu o tratamento e realiza exames de sangue regularmente para monitorar sua sa\u00fade. <\/p>\n<p class=\" content-text__container \" data-track-category=\"Link no Texto\" data-track-links=\"\"> Ela decidiu tornar p\u00fablica a hist\u00f3ria antes do M\u00eas de Conscientiza\u00e7\u00e3o sobre o C\u00e2ncer do Sangue, celebrado em setembro no Reino Unido, em uma campanha de conscientiza\u00e7\u00e3o da organiza\u00e7\u00e3o Leukaemia UK. <\/p>\n<p class=\" content-text__container \" data-track-category=\"Link no Texto\" data-track-links=\"\"> \u2014 Os m\u00e9dicos est\u00e3o l\u00e1 para salvar a vida das pessoas e para ouvir voc\u00ea. Os sintomas estavam l\u00e1. Nenhum m\u00e9dico parou para ir al\u00e9m dos sintomas ou perguntar por que aquela mulher continuava voltando \u2014 afirmou. \u2014 Eu tenho sorte, mas existem outras pessoas que n\u00e3o t\u00eam. H\u00e1 fam\u00edlias e crian\u00e7as sem os pais porque m\u00e9dicos cometem erros e n\u00e3o tiram nem cinco minutos para dizer: &#8220;Voc\u00ea precisa fazer um exame de sangue&#8221;. <\/p>\n<p>    Kate Middleton faz primeira apari\u00e7\u00e3o oficial ap\u00f3s diagn\u00f3stico de c\u00e2ncer           <img decoding=\"async\" id=\"image-id-tumb-4a6a441c-22ed-47be-81f0-b4fb8ef89fb3\" alt=\"A princesa de Gales, Kate Middleton, foi vista pela primeira vez desde o Natal de 2023; futura rainha do Reino Unido estava acompanhada do marido, o pr\u00edncipe William, e dos filhos \u2014 Foto: Henry Nicholls\/AFP\" src=\"https:\/\/www.europesays.com\/pt\/wp-content\/uploads\/2026\/08\/afp-20240615-34wq3jy-v2-highres-britainroyalstrooping.jpg\" loading=\"lazy\" height=\"1667\" width=\"2500\" data-posicao=\"1\" role=\"button\" tabindex=\"0\"\/>    <img decoding=\"async\" id=\"image-id-4a6a441c-22ed-47be-81f0-b4fb8ef89fb3\" class=\"gallery-photo\" alt=\"A princesa de Gales, Kate Middleton, foi vista pela primeira vez desde o Natal de 2023; futura rainha do Reino Unido estava acompanhada do marido, o pr\u00edncipe William, e dos filhos \u2014 Foto: Henry Nicholls\/AFP\" src=\"https:\/\/www.europesays.com\/pt\/wp-content\/uploads\/2026\/08\/1787860040_561_afp-20240615-34wq3jy-v2-highres-britainroyalstrooping.jpg\" loading=\"lazy\" height=\"1667\" width=\"2500\"\/>  <\/p>\n<p> 1 de 8 <br \/>&#13;A princesa de Gales, Kate Middleton, foi vista pela primeira vez desde o Natal de 2023; futura rainha do Reino Unido estava acompanhada do marido, o pr\u00edncipe William, e dos filhos \u2014 Foto: Henry Nicholls\/AFP <\/p>\n<p>     <img decoding=\"async\" id=\"image-id-tumb-d282e6ac-473e-4d37-81de-c678e152d4dd\" alt=\"A princesa de Gales, Kate Middleton, foi vista pela primeira vez desde o Natal de 2023; futura rainha do Reino Unido estava acompanhada do marido, o pr\u00edncipe William, e dos filhos \u2014 Foto: HENRY NICHOLLS \/ AFP\" src=\"https:\/\/www.europesays.com\/pt\/wp-content\/uploads\/2026\/08\/afp-20240615-34wu34c-v1-highres-britainroyalstrooping.jpg\" loading=\"lazy\" height=\"1635\" width=\"2452\" data-posicao=\"2\" role=\"button\" tabindex=\"0\"\/>    <img decoding=\"async\" id=\"image-id-d282e6ac-473e-4d37-81de-c678e152d4dd\" class=\"gallery-photo\" alt=\"A princesa de Gales, Kate Middleton, foi vista pela primeira vez desde o Natal de 2023; futura rainha do Reino Unido estava acompanhada do marido, o pr\u00edncipe William, e dos filhos \u2014 Foto: HENRY NICHOLLS \/ AFP\" src=\"https:\/\/www.europesays.com\/pt\/wp-content\/uploads\/2026\/08\/1787860043_184_afp-20240615-34wu34c-v1-highres-britainroyalstrooping.jpg\" loading=\"lazy\" height=\"1635\" width=\"2452\"\/>  <\/p>\n<p> 2 de 8 <br \/>&#13;A princesa de Gales, Kate Middleton, foi vista pela primeira vez desde o Natal de 2023; futura rainha do Reino Unido estava acompanhada do marido, o pr\u00edncipe William, e dos filhos \u2014 Foto: HENRY NICHOLLS \/ AFP <\/p>\n<p>       <img decoding=\"async\" id=\"image-id-tumb-04023144-ca99-4a7c-b404-ea4ff89433a2\" alt=\"Kate Middleton, a princesa de Gales, chegou ao Desfile de Anivers\u00e1rio do Rei \u2014 Foto: JUSTIN TALLIS\/AFP\" src=\"https:\/\/www.europesays.com\/pt\/wp-content\/uploads\/2026\/08\/afp-20240615-34wu2mz-v3-highres-topshotbritainroyalstrooping.jpg\" loading=\"lazy\" height=\"2000\" width=\"3000\" data-posicao=\"3\" role=\"button\" tabindex=\"0\"\/>    <img decoding=\"async\" id=\"image-id-04023144-ca99-4a7c-b404-ea4ff89433a2\" class=\"gallery-photo\" alt=\"Kate Middleton, a princesa de Gales, chegou ao Desfile de Anivers\u00e1rio do Rei \u2014 Foto: JUSTIN TALLIS\/AFP\" src=\"https:\/\/www.europesays.com\/pt\/wp-content\/uploads\/2026\/08\/1787860045_168_afp-20240615-34wu2mz-v3-highres-topshotbritainroyalstrooping.jpg\" loading=\"lazy\" height=\"2000\" width=\"3000\"\/>  <\/p>\n<p> 3 de 8 <br \/>&#13;Kate Middleton, a princesa de Gales, chegou ao Desfile de Anivers\u00e1rio do Rei \u2014 Foto: JUSTIN TALLIS\/AFP <\/p>\n<p>      <img decoding=\"async\" id=\"image-id-00e4ab5e-514b-415b-af10-9ea0ed5f5931\" class=\"gallery-photo\" alt=\"Vestindo branco, a princesa de Gales, Kate Middleton, foi vista chegando ao Desfile de Anivers\u00e1rio do Rei no Reino Unido \u2014 Foto: JUSTIN TALLIS\/AFP\" src=\"https:\/\/www.europesays.com\/pt\/wp-content\/uploads\/2026\/08\/afp-20240615-34wu62r-v1-highres-britainroyalstrooping.jpg\" loading=\"lazy\" height=\"5630\" width=\"3753\"\/>  <\/p>\n<p> 4 de 8 <br \/>&#13;Vestindo branco, a princesa de Gales, Kate Middleton, foi vista chegando ao Desfile de Anivers\u00e1rio do Rei no Reino Unido \u2014 Foto: JUSTIN TALLIS\/AFP <\/p>\n<p>       <img decoding=\"async\" id=\"image-id-8e3ee410-3e08-44fc-ab4a-ddd188b9cd39\" class=\"gallery-photo\" alt=\"Kate Middleton sorri ao lado dos filhos, a princesa Charlotte e o pr\u00edncipe Louis, a caminho do Desfile de Anivers\u00e1rio do Rei em Londres \u2014 Foto: HENRY NICHOLLS\/AFP\" src=\"https:\/\/www.europesays.com\/pt\/wp-content\/uploads\/2026\/08\/imagem-do-whatsapp-de-2024-06-15-a-s-08.26.36-b8f4be5c.jpg\" loading=\"lazy\" height=\"853\" width=\"1280\"\/>  <\/p>\n<p> 5 de 8 <br \/>&#13;Kate Middleton sorri ao lado dos filhos, a princesa Charlotte e o pr\u00edncipe Louis, a caminho do Desfile de Anivers\u00e1rio do Rei em Londres \u2014 Foto: HENRY NICHOLLS\/AFP <\/p>\n<p>      <img decoding=\"async\" id=\"image-id-47544f7c-fc91-40ab-ac5b-33ddec1e4b3b\" class=\"gallery-photo\" alt=\"A princesa de Gales, Kate Middleton, apareceu ao lado da fam\u00edlia real brit\u00e2nica em varanda do Pal\u00e1cio de Buckingham ap\u00f3s participar do Desfile de Anivers\u00e1rio do Rei \u2014 Foto: HENRY NICHOLLS\/AFP\" src=\"https:\/\/www.europesays.com\/pt\/wp-content\/uploads\/2026\/08\/afp-20240615-34wu8y7-v4-highres-topshotbritainroyalstrooping.jpg\" loading=\"lazy\" height=\"2698\" width=\"4047\"\/>  <\/p>\n<p> 6 de 8 <br \/>&#13;A princesa de Gales, Kate Middleton, apareceu ao lado da fam\u00edlia real brit\u00e2nica em varanda do Pal\u00e1cio de Buckingham ap\u00f3s participar do Desfile de Anivers\u00e1rio do Rei \u2014 Foto: HENRY NICHOLLS\/AFP <\/p>\n<p>       <img decoding=\"async\" id=\"image-id-69e75fe9-d5cf-4db4-8641-77173f750f5a\" class=\"gallery-photo\" alt=\"A princesa de Gales, Kate Middleton, apareceu ao lado da fam\u00edlia real brit\u00e2nica em varanda do Pal\u00e1cio de Buckingham ap\u00f3s participar do Desfile de Anivers\u00e1rio do Rei \u2014 Foto: HENRY NICHOLLS\/AFP\" src=\"https:\/\/www.europesays.com\/pt\/wp-content\/uploads\/2026\/08\/imagem-do-whatsapp-de-2024-06-15-a-s-09.48.03-a752b0de.jpg\" loading=\"lazy\" height=\"853\" width=\"1280\"\/>  <\/p>\n<p> 7 de 8 <br \/>&#13;A princesa de Gales, Kate Middleton, apareceu ao lado da fam\u00edlia real brit\u00e2nica em varanda do Pal\u00e1cio de Buckingham ap\u00f3s participar do Desfile de Anivers\u00e1rio do Rei \u2014 Foto: HENRY NICHOLLS\/AFP <\/p>\n<p>      <img decoding=\"async\" id=\"image-id-d5210868-6475-4068-b3ac-7f164f33c501\" class=\"gallery-photo\" alt=\"Apari\u00e7\u00e3o de Kate Middleton em evento foi recebida como um sinal de melhora em sua condi\u00e7\u00e3o de sa\u00fade; em mar\u00e7o, ela anunciou estar em tratamento preventivo contra um c\u00e2ncer \u2014 Foto: BENJAMIN CREMEL\/AFP\" src=\"https:\/\/www.europesays.com\/pt\/wp-content\/uploads\/2026\/08\/afp-20240615-34wu8ge-v2-highres-topshotbritainroyalstrooping-1-.jpg\" loading=\"lazy\" height=\"2731\" width=\"4095\"\/>  <\/p>\n<p> 8 de 8 <br \/>&#13;Apari\u00e7\u00e3o de Kate Middleton em evento foi recebida como um sinal de melhora em sua condi\u00e7\u00e3o de sa\u00fade; em mar\u00e7o, ela anunciou estar em tratamento preventivo contra um c\u00e2ncer \u2014 Foto: BENJAMIN CREMEL\/AFP <\/p>\n<p>Princesa de Gales chegou no Pal\u00e1cio de Buckingham de carro com seus filhos e o pr\u00edncipe William; na sequ\u00eancia, ela tamb\u00e9m foi vista numa carruagem<\/p>\n<p class=\" content-text__container \" data-track-category=\"Link no Texto\" data-track-links=\"\"> Segundo Fiona Hazell, diretora-executiva da Leukaemia UK, os sinais da leucemia podem ser pouco espec\u00edficos e acabar confundidos com outras doen\u00e7as. <\/p>\n<p class=\" content-text__container \" data-track-category=\"Link no Texto\" data-track-links=\"\"> \u2014 Somos muito gratos a Virginie por compartilhar sua hist\u00f3ria para ajudar a conscientizar sobre a leucemia. A maioria dos sinais e sintomas n\u00e3o \u00e9 espec\u00edfica e, por isso, pode ser confundida com outras doen\u00e7as ou simplesmente descartada. O diagn\u00f3stico precoce salva vidas \u2014 afirmou. <\/p>\n<p>Sintomas da leucemia mieloide aguda<\/p>\n<p class=\" content-text__container \" data-track-category=\"Link no Texto\" data-track-links=\"\"> Os principais sintomas desse tipo de c\u00e2ncer s\u00e3o: <\/p>\n<ul class=\"content-unordered-list\">\n<li>Fadiga;<\/li>\n<li>Cansa\u00e7o;<\/li>\n<li>Falta de ar durante atividades f\u00edsicas normais;<\/li>\n<li>Tonturas ou desmaios;<\/li>\n<li>Dores de cabe\u00e7a;<\/li>\n<li>Palidez;<\/li>\n<li>Infec\u00e7\u00f5es frequentes;<\/li>\n<li>Febre;<\/li>\n<li>Hematomas;<\/li>\n<li>Manchas vermelhas na pele (pet\u00e9quias);<\/li>\n<li>Sangramentos;<\/li>\n<li>Perda de apetite;<\/li>\n<li>Perda de de peso sem motivo aparente;<\/li>\n<li>Aumento do ba\u00e7o e do f\u00edgado.<\/li>\n<\/ul>\n<p class=\" content-text__container \" data-track-category=\"Link no Texto\" data-track-links=\"\"> Por se tratar de uma doen\u00e7a bastante agressiva, a leucemia mieloide aguda deve ser tratada assim que feito o diagn\u00f3stico. O tratamento varia de acordo com a idade do paciente, assim como fatores de risco citogen\u00e9tico e molecular. As op\u00e7\u00f5es s\u00e3o: quimioterapia, terapia alvo e transplante de medula \u00f3ssea. <\/p>\n","protected":false},"excerpt":{"rendered":"A brit\u00e2nica Virginie Liba, de 49 anos, passou quatro anos convivendo com sintomas que, segundo ela, foram atribu\u00eddos&hellip;\n","protected":false},"author":2,"featured_media":502937,"comment_status":"","ping_status":"","sticky":false,"template":"","format":"standard","meta":{"footnotes":"","_share_on_mastodon":"0"},"categories":[86],"tags":[319,116,32,33,318,117],"class_list":["post-502936","post","type-post","status-publish","format-standard","has-post-thumbnail","category-saude","tag-hard-news","tag-health","tag-portugal","tag-pt","tag-radar","tag-saude"],"share_on_mastodon":{"url":"https:\/\/pubeurope.com\/@pt\/117169203747749407","error":""},"_links":{"self":[{"href":"https:\/\/www.europesays.com\/pt\/wp-json\/wp\/v2\/posts\/502936","targetHints":{"allow":["GET"]}}],"collection":[{"href":"https:\/\/www.europesays.com\/pt\/wp-json\/wp\/v2\/posts"}],"about":[{"href":"https:\/\/www.europesays.com\/pt\/wp-json\/wp\/v2\/types\/post"}],"author":[{"embeddable":true,"href":"https:\/\/www.europesays.com\/pt\/wp-json\/wp\/v2\/users\/2"}],"replies":[{"embeddable":true,"href":"https:\/\/www.europesays.com\/pt\/wp-json\/wp\/v2\/comments?post=502936"}],"version-history":[{"count":0,"href":"https:\/\/www.europesays.com\/pt\/wp-json\/wp\/v2\/posts\/502936\/revisions"}],"wp:featuredmedia":[{"embeddable":true,"href":"https:\/\/www.europesays.com\/pt\/wp-json\/wp\/v2\/media\/502937"}],"wp:attachment":[{"href":"https:\/\/www.europesays.com\/pt\/wp-json\/wp\/v2\/media?parent=502936"}],"wp:term":[{"taxonomy":"category","embeddable":true,"href":"https:\/\/www.europesays.com\/pt\/wp-json\/wp\/v2\/categories?post=502936"},{"taxonomy":"post_tag","embeddable":true,"href":"https:\/\/www.europesays.com\/pt\/wp-json\/wp\/v2\/tags?post=502936"}],"curies":[{"name":"wp","href":"https:\/\/api.w.org\/{rel}","templated":true}]}}