{"id":50297,"date":"2025-08-29T15:20:19","date_gmt":"2025-08-29T15:20:19","guid":{"rendered":"https:\/\/www.europesays.com\/pt\/50297\/"},"modified":"2025-08-29T15:20:19","modified_gmt":"2025-08-29T15:20:19","slug":"galpao-e-transformado-em-incrivel-loft-minimalista-suspenso-em-meio-a-mata","status":"publish","type":"post","link":"https:\/\/www.europesays.com\/pt\/50297\/","title":{"rendered":"Galp\u00e3o \u00e9 transformado em incr\u00edvel loft minimalista suspenso em meio \u00e0 mata"},"content":{"rendered":"<p>Em 2020, o arquiteto <a href=\"https:\/\/www.instagram.com\/PiacesiArquitetura\" target=\"_blank\" rel=\"noopener nofollow\">J\u00fanior Piacesi<\/a> adquiriu um terreno de 2.000 m\u00b2 em um distrito de Brumadinho, a cerca de 30 minutos de Inhotim e pr\u00f3ximo de Belo Horizonte, com a inten\u00e7\u00e3o de construir sua <a href=\"https:\/\/casa.abril.com.br\/tudo-sobre\/casas-de-campo\" target=\"_blank\" rel=\"noopener nofollow\">casa de campo<\/a>. A resid\u00eancia principal teria 250 m\u00b2 e, nos fundos do terreno, um galp\u00e3o de 110 m\u00b2 serviria como dep\u00f3sito de materiais e \u00e1rea de apoio.<\/p>\n<p>    <img loading=\"lazy\" decoding=\"async\" alt=\"Galp\u00e3o \u00e9 transformado em incr\u00edvel loft minimalista suspenso em meio \u00e0 mata. Projeto de Piacesi Arquitetos.\" class=\"alignnone size-large wp-image-510441\" src=\"https:\/\/www.europesays.com\/pt\/wp-content\/uploads\/2025\/08\/galpao-e-transformado-em-loft-minimalista-suspenso-em-meio-a-mata-piacesi-arquitetura-01.jpg\" border=\"0\" title=\"galpao-e-transformado-em-loft-minimalista-suspenso-em-meio-a-mata-piacesi-arquitetura-01\" width=\"711\" height=\"1024\" data-restrict=\"false\" data-portal-copyright=\"Est\u00fadio NY18\" data-image-caption=\"\" data-image-title=\"\" data-image-source=\"Divulga\u00e7\u00e3o\"\/><br \/>\n     \u2013 (Est\u00fadio NY18\/Divulga\u00e7\u00e3o)<\/p>\n<p>A constru\u00e7\u00e3o come\u00e7ou justamente por esse galp\u00e3o, que foi implantado em um <strong>ponto do terreno com desn\u00edvel e acabou ficando a 8 metros do solo<\/strong> \u2014 exatamente na altura da copa das \u00e1rvores.<\/p>\n<p>    <img loading=\"lazy\" decoding=\"async\" alt=\"Galp\u00e3o \u00e9 transformado em incr\u00edvel loft minimalista suspenso em meio \u00e0 mata. Projeto de Piacesi Arquitetos.\" class=\"alignnone size-large wp-image-510447\" src=\"https:\/\/www.europesays.com\/pt\/wp-content\/uploads\/2025\/08\/galpao-e-transformado-em-loft-minimalista-suspenso-em-meio-a-mata-piacesi-arquitetura-07-varanda-vis.jpeg\" border=\"0\" title=\"galpao-e-transformado-em-loft-minimalista-suspenso-em-meio-a-mata-piacesi-arquitetura-07-varanda-vista-plantas\" width=\"1024\" height=\"683\" data-restrict=\"false\" data-portal-copyright=\"Est\u00fadio NY18\" data-image-caption=\"\" data-image-title=\"\" data-image-source=\"Divulga\u00e7\u00e3o\"\/><br \/>\n     \u2013 (Est\u00fadio NY18\/Divulga\u00e7\u00e3o)<\/p>\n<p>Encantado com a vista e com a conex\u00e3o direta com a natureza, Piacesi decidiu mudar os planos: transformou o <strong>galp\u00e3o em um loft minimalista suspenso de 110 m\u00b2<\/strong>, com acolhimento e conforto, totalmente aberto para o verde ao redor.<\/p>\n<p>    Continua ap\u00f3s a publicidade<\/p>\n<p>    <img loading=\"lazy\" decoding=\"async\" alt=\"Galp\u00e3o \u00e9 transformado em incr\u00edvel loft minimalista suspenso em meio \u00e0 mata. Projeto de Piacesi Arquitetos.\" class=\"alignnone size-large wp-image-510452\" src=\"https:\/\/www.europesays.com\/pt\/wp-content\/uploads\/2025\/08\/galpao-e-transformado-em-loft-minimalista-suspenso-em-meio-a-mata-piacesi-arquitetura-12-jantar.jpg\" border=\"0\" title=\"galpao-e-transformado-em-loft-minimalista-suspenso-em-meio-a-mata-piacesi-arquitetura-12-jantar\" width=\"1024\" height=\"683\" data-restrict=\"false\" data-portal-copyright=\"Est\u00fadio NY18\" data-image-caption=\"\" data-image-title=\"\" data-image-source=\"Divulga\u00e7\u00e3o\"\/><br \/>\n     \u2013 (Est\u00fadio NY18\/Divulga\u00e7\u00e3o)<\/p>\n<p>Feito em <strong>cimento branco<\/strong> \u2014 presente no piso e nos <a href=\"https:\/\/casa.abril.com.br\/tudo-sobre\/banheiros\" target=\"_blank\" rel=\"noopener nofollow\">banheiros<\/a> \u2014, o espa\u00e7o aposta em uma <strong>paleta neutra e clara<\/strong>, com predomin\u00e2ncia de materiais naturais como <strong>madeira, couro, algod\u00e3o, linho e fibras<\/strong>.<\/p>\n<p>    <img loading=\"lazy\" decoding=\"async\" alt=\"Galp\u00e3o \u00e9 transformado em incr\u00edvel loft minimalista suspenso em meio \u00e0 mata. Projeto de Piacesi Arquitetos.\" class=\"alignnone size-large wp-image-510445\" src=\"https:\/\/www.europesays.com\/pt\/wp-content\/uploads\/2025\/08\/galpao-e-transformado-em-loft-minimalista-suspenso-em-meio-a-mata-piacesi-arquitetura-05-varanda-vis.jpeg\" border=\"0\" title=\"galpao-e-transformado-em-loft-minimalista-suspenso-em-meio-a-mata-piacesi-arquitetura-05-varanda-vista-plantas\" width=\"770\" height=\"1024\" data-restrict=\"false\" data-portal-copyright=\"Est\u00fadio NY18\" data-image-caption=\"\" data-image-title=\"\" data-image-source=\"Divulga\u00e7\u00e3o\"\/><br \/>\n     \u2013 (Est\u00fadio NY18\/Divulga\u00e7\u00e3o)<\/p>\n<p>    Continua ap\u00f3s a publicidade<\/p>\n<p>Entre as pe\u00e7as de mobili\u00e1rio, se destacam cria\u00e7\u00f5es brasileiras, como poltrona Jangada, de Jean Gillon; as banquetas Taj\u00e1, de Sergio Rodrigues; e duas cadeiras de balan\u00e7o, garimpadas no Mercado Novo de Belo Horizonte. Na sele\u00e7\u00e3o de objetos e adornos, o arquiteto priorizou artesanatos, cer\u00e2micas e lou\u00e7as de pedra-sab\u00e3o de produtores mineiros.<\/p>\n<p>    <img loading=\"lazy\" decoding=\"async\" alt=\"Galp\u00e3o \u00e9 transformado em incr\u00edvel loft minimalista suspenso em meio \u00e0 mata. Projeto de Piacesi Arquitetos.\" class=\"alignnone size-large wp-image-510451\" src=\"https:\/\/www.europesays.com\/pt\/wp-content\/uploads\/2025\/08\/galpao-e-transformado-em-loft-minimalista-suspenso-em-meio-a-mata-piacesi-arquitetura-11-sala.jpg\" border=\"0\" title=\"galpao-e-transformado-em-loft-minimalista-suspenso-em-meio-a-mata-piacesi-arquitetura-11-sala\" width=\"738\" height=\"1024\" data-restrict=\"false\" data-portal-copyright=\"Est\u00fadio NY18\" data-image-caption=\"\" data-image-title=\"\" data-image-source=\"Divulga\u00e7\u00e3o\"\/><br \/>\n     \u2013 (Est\u00fadio NY18\/Divulga\u00e7\u00e3o)<\/p>\n<p>\u201cA ideia do projeto foi trazer<strong> simplicidade<\/strong> para dentro de casa, convidar a colocar os p\u00e9s no ch\u00e3o, sentar para ver o p\u00f4r do sol, apreciar as \u00e1rvores iluminadas \u00e0 noite, ouvir o som dos bichos. Tudo isso me traz uma paz interna indescrit\u00edvel, recria a no\u00e7\u00e3o de tempo, que parece desacelerar\u201d, explica o arquiteto. \u201cA cada momento do dia a luz natural projeta estampas em diferentes tonalidades nos espa\u00e7os\u201d, completa.<\/p>\n<p>    Continua ap\u00f3s a publicidade<\/p>\n<p>    <img loading=\"lazy\" decoding=\"async\" alt=\"Galp\u00e3o \u00e9 transformado em incr\u00edvel loft minimalista suspenso em meio \u00e0 mata. Projeto de Piacesi Arquitetos.\" class=\"alignnone size-large wp-image-510456\" src=\"https:\/\/www.europesays.com\/pt\/wp-content\/uploads\/2025\/08\/galpao-e-transformado-em-loft-minimalista-suspenso-em-meio-a-mata-piacesi-arquitetura-16-cozinha.jpg\" border=\"0\" title=\"galpao-e-transformado-em-loft-minimalista-suspenso-em-meio-a-mata-piacesi-arquitetura-16-cozinha\" width=\"683\" height=\"1024\" data-restrict=\"false\" data-portal-copyright=\"Est\u00fadio NY18\" data-image-caption=\"\" data-image-title=\"\" data-image-source=\"Divulga\u00e7\u00e3o\"\/><br \/>\n     \u2013 (Est\u00fadio NY18\/Divulga\u00e7\u00e3o)<\/p>\n<p>Hoje, Piacesi passa fins de semana nesse loft de campo suspenso, que conta com \u00e1rea social conectada \u00e0 cozinha, duas su\u00edtes e uma pequena lavanderia, escondida por um painel de madeira teca que se estende pela <a href=\"https:\/\/casa.abril.com.br\/tudo-sobre\/varanda\" rel=\"nofollow noopener\" target=\"_blank\">varanda<\/a> e oculta a entrada dos quartos. \u201cMinha ideia \u00e9 experimentar esse espa\u00e7o por um tempo para ver se ele me atende como casa de campo. Se sim, vou abrir m\u00e3o de construir a casa principal\u201d, revela.<\/p>\n<p>    <img loading=\"lazy\" decoding=\"async\" alt=\"Galp\u00e3o \u00e9 transformado em incr\u00edvel loft minimalista suspenso em meio \u00e0 mata. Projeto de Piacesi Arquitetos.\" class=\"alignnone size-large wp-image-510457\" src=\"https:\/\/www.europesays.com\/pt\/wp-content\/uploads\/2025\/08\/galpao-e-transformado-em-loft-minimalista-suspenso-em-meio-a-mata-piacesi-arquitetura-17-banheiro.jp.jpeg\" border=\"0\" title=\"galpao-e-transformado-em-loft-minimalista-suspenso-em-meio-a-mata-piacesi-arquitetura-17-banheiro\" width=\"683\" height=\"1024\" data-restrict=\"false\" data-portal-copyright=\"Est\u00fadio NY18\" data-image-caption=\"\" data-image-title=\"\" data-image-source=\"Divulga\u00e7\u00e3o\"\/><br \/>\n     \u2013 (Est\u00fadio NY18\/Divulga\u00e7\u00e3o)<\/p>\n<p>    Continua ap\u00f3s a publicidade<\/p>\n<p>Newsletter<\/p>\n<p>\n                            Dicas, inspira\u00e7\u00f5es e not\u00edcias sobre decora\u00e7\u00e3o, arquitetura, jardinagem e organiza\u00e7\u00e3o para sua casa. Quem mora, precisa!<br \/>\n                                <strong><br \/>\n                                    Inscreva-se aqui<br \/>\n                                <\/strong>para receber a nossa newsletter<\/p>\n<p>                            Cadastro efetuado com sucesso!<\/p>\n<p>Voc\u00ea receber\u00e1 nossa newsletter em breve.<\/p>\n<p>\t\t\t\t\t\t\t\t\t\t\t\t\t\t\t\t\t\t\t\t\t\t\t\t\t\t\t\t\t\t\t\t\t\t\t\t\t\t\t\t\t\t\t\t\t\t\t\t\t\t\t\t\t\t\t\t\t\t\t\t\t\t\t\t\t\t\t\t\t\t\t\t\t\t\t\t\t\t\t\t\t\t\t\t\t\t\t\t\t\t\t\t\t\t\t\t\t\t\t\t\t\t\t\t\t\t\t\t\t\t\t\t\t\t\t\t\t\t\t\t\t\t\t\t\t\t\t\t\t\t\t\t\t\t\t\t\t\t\t\t\t\t\t\t\t\t\t\t\t\t\t\t\t\t\t\t\t\t\t\t\t\t\t\t\t\t\t\t\t\t\t\t\t\t\t\t\t\t\t\t\t\t\t\t\t\t\t\t\t\t\t\t\t\t\t\t\t\t\t\t\t\t\t<script async src=\"\/\/www.instagram.com\/embed.js\"><\/script><\/p>\n","protected":false},"excerpt":{"rendered":"Em 2020, o arquiteto J\u00fanior Piacesi adquiriu um terreno de 2.000 m\u00b2 em um distrito de Brumadinho, a&hellip;\n","protected":false},"author":2,"featured_media":50298,"comment_status":"","ping_status":"","sticky":false,"template":"","format":"standard","meta":{"footnotes":""},"categories":[144],"tags":[207,205,206,203,201,202,204,114,115,32,33],"class_list":{"0":"post-50297","1":"post","2":"type-post","3":"status-publish","4":"format-standard","5":"has-post-thumbnail","7":"category-arte-e-design","8":"tag-arte","9":"tag-arte-e-design","10":"tag-artedesign","11":"tag-arts","12":"tag-arts-and-design","13":"tag-artsanddesign","14":"tag-design","15":"tag-entertainment","16":"tag-entretenimento","17":"tag-portugal","18":"tag-pt"},"share_on_mastodon":{"url":"","error":""},"_links":{"self":[{"href":"https:\/\/www.europesays.com\/pt\/wp-json\/wp\/v2\/posts\/50297","targetHints":{"allow":["GET"]}}],"collection":[{"href":"https:\/\/www.europesays.com\/pt\/wp-json\/wp\/v2\/posts"}],"about":[{"href":"https:\/\/www.europesays.com\/pt\/wp-json\/wp\/v2\/types\/post"}],"author":[{"embeddable":true,"href":"https:\/\/www.europesays.com\/pt\/wp-json\/wp\/v2\/users\/2"}],"replies":[{"embeddable":true,"href":"https:\/\/www.europesays.com\/pt\/wp-json\/wp\/v2\/comments?post=50297"}],"version-history":[{"count":0,"href":"https:\/\/www.europesays.com\/pt\/wp-json\/wp\/v2\/posts\/50297\/revisions"}],"wp:featuredmedia":[{"embeddable":true,"href":"https:\/\/www.europesays.com\/pt\/wp-json\/wp\/v2\/media\/50298"}],"wp:attachment":[{"href":"https:\/\/www.europesays.com\/pt\/wp-json\/wp\/v2\/media?parent=50297"}],"wp:term":[{"taxonomy":"category","embeddable":true,"href":"https:\/\/www.europesays.com\/pt\/wp-json\/wp\/v2\/categories?post=50297"},{"taxonomy":"post_tag","embeddable":true,"href":"https:\/\/www.europesays.com\/pt\/wp-json\/wp\/v2\/tags?post=50297"}],"curies":[{"name":"wp","href":"https:\/\/api.w.org\/{rel}","templated":true}]}}