{"id":502972,"date":"2026-08-27T20:38:15","date_gmt":"2026-08-27T20:38:15","guid":{"rendered":"https:\/\/www.europesays.com\/pt\/502972\/"},"modified":"2026-08-27T20:38:15","modified_gmt":"2026-08-27T20:38:15","slug":"video-pogacar-quase-cai-numa-descida-mas-faz-hat-trick-na-vuelta","status":"publish","type":"post","link":"https:\/\/www.europesays.com\/pt\/502972\/","title":{"rendered":"V\u00cdDEO: Pogacar quase cai numa descida mas faz \u00abhat-trick\u00bb na Vuelta"},"content":{"rendered":"<p>Terceira vit\u00f3ria para Pogacar. Uma vit\u00f3ria na f\u00faria ap\u00f3s um fim de etapa que podia ter sido um aut\u00eantico descalabro para o melhor ciclista da atualidade.\u00a0<\/p>\n<p>A Volta a Espanha levou os ciclistas at\u00e9 uma subida verdadeiramente infernal, com terra batida e curvas perigosas na descida. Pogacar fez o que melhor sabe, atacou de longe. Sentado, o esloveno deixou a concorr\u00eancia para tr\u00e1s, mas um momento de fraqueza permitiu a um valente Enric Mas recuperar terreno e inclusive apanh\u00e1-lo no topo da contagem de primeira categoria.<\/p>\n<p>Seguiu-se a descida. Certamente irritado porque n\u00e3o contava com o s\u00fabito crescente de forma do espanhol, Pogacar teve um descuido e saiu de estrada. N\u00e3o deve ter ganho para o susto.<\/p>\n<p><strong>Assista aqui ao momento:<\/strong><\/p>\n<p>Os dois acabaram por chegar juntos ao \u00absprint\u00bb final e num ato de raiva, Pogacar recuperou as for\u00e7as e somou mais uma vit\u00f3ria para o curr\u00edculo. A terceira desta edi\u00e7\u00e3o da Vuelta.<\/p>\n<p>Ramses Debruyne fechou o p\u00f3dio da jornada, depois de ter integrado a fuga do dia.\u00a0<\/p>\n<p>Segue-se a s\u00e9tima etapa da Volta a Espanha e mais um dia de alta montanha. Duas contagens de terceira categoria, duas de segunda e uma chegada em alto, ap\u00f3s 50 quil\u00f3metros de subida continua e com pouco espa\u00e7o para descanso.<\/p>\n<p><strong>Confira aqui o \u00abtop-10\u00bb da classifica\u00e7\u00e3o geral:<\/strong><\/p>\n<p>1- Tadej Pogacar (UAE Team Emirates), 15h38m27s<br \/>2- Enric Mas (Movistar Team), a 3m34s<br \/>3-\u00a0Primoz Roglic (Red Bull &#8211; BORA &#8211; hansgrohe), a 4m21s<br \/>4- Richard Carapaz (EF Education &#8211; EasyPost), a 4m50s<br \/>5- Felix Gall (Decathlon CMA CGM Team), a 4m55s<br \/>6- Sepp Kuss (Team Visma\/Lease a Bike), a 5m36s<br \/>7- Oscar Onley (Netcompany INEOS), a 5m37s<br \/>8- Ramses Debruyne (Alpecin &#8211; Premier Tech), a 5m40s<br \/>9- Mattias Skjelmose (Lidl &#8211; Trek), a 5m38s<br \/>10- Harold Tejada (XDS Astana Team), a 6m30s<\/p>\n<p>(em atualiza\u00e7\u00e3o)<\/p>\n","protected":false},"excerpt":{"rendered":"Terceira vit\u00f3ria para Pogacar. Uma vit\u00f3ria na f\u00faria ap\u00f3s um fim de etapa que podia ter sido um&hellip;\n","protected":false},"author":2,"featured_media":502973,"comment_status":"","ping_status":"","sticky":false,"template":"","format":"standard","meta":{"footnotes":"","_share_on_mastodon":"0"},"categories":[87],"tags":[1342,135,64744,46,1830,32,33,47,134,1344,11279,14254],"class_list":["post-502972","post","type-post","status-publish","format-standard","has-post-thumbnail","category-desporto","tag-ciclismo","tag-desporto","tag-enric-mas","tag-maisfutebol","tag-modalidades","tag-portugal","tag-pt","tag-pura-paixao","tag-sports","tag-tadej-pogacar","tag-volta-a-espanha","tag-vuelta"],"share_on_mastodon":{"url":"https:\/\/pubeurope.com\/@pt\/117169403330074565","error":""},"_links":{"self":[{"href":"https:\/\/www.europesays.com\/pt\/wp-json\/wp\/v2\/posts\/502972","targetHints":{"allow":["GET"]}}],"collection":[{"href":"https:\/\/www.europesays.com\/pt\/wp-json\/wp\/v2\/posts"}],"about":[{"href":"https:\/\/www.europesays.com\/pt\/wp-json\/wp\/v2\/types\/post"}],"author":[{"embeddable":true,"href":"https:\/\/www.europesays.com\/pt\/wp-json\/wp\/v2\/users\/2"}],"replies":[{"embeddable":true,"href":"https:\/\/www.europesays.com\/pt\/wp-json\/wp\/v2\/comments?post=502972"}],"version-history":[{"count":0,"href":"https:\/\/www.europesays.com\/pt\/wp-json\/wp\/v2\/posts\/502972\/revisions"}],"wp:featuredmedia":[{"embeddable":true,"href":"https:\/\/www.europesays.com\/pt\/wp-json\/wp\/v2\/media\/502973"}],"wp:attachment":[{"href":"https:\/\/www.europesays.com\/pt\/wp-json\/wp\/v2\/media?parent=502972"}],"wp:term":[{"taxonomy":"category","embeddable":true,"href":"https:\/\/www.europesays.com\/pt\/wp-json\/wp\/v2\/categories?post=502972"},{"taxonomy":"post_tag","embeddable":true,"href":"https:\/\/www.europesays.com\/pt\/wp-json\/wp\/v2\/tags?post=502972"}],"curies":[{"name":"wp","href":"https:\/\/api.w.org\/{rel}","templated":true}]}}