{"id":50301,"date":"2025-08-29T15:22:11","date_gmt":"2025-08-29T15:22:11","guid":{"rendered":"https:\/\/www.europesays.com\/pt\/50301\/"},"modified":"2025-08-29T15:22:11","modified_gmt":"2025-08-29T15:22:11","slug":"catia-fonseca-esta-fora-do-danca-dos-famosos-apos-lesao-diz-colunista","status":"publish","type":"post","link":"https:\/\/www.europesays.com\/pt\/50301\/","title":{"rendered":"Catia Fonseca est\u00e1 fora do Dan\u00e7a dos Famosos ap\u00f3s les\u00e3o, diz colunista"},"content":{"rendered":"<p>Ap\u00f3s sofrer les\u00e3o durante os ensaios, Catia Fonseca est\u00e1 eliminada do Dan\u00e7a dos Famosos, segundo informa\u00e7\u00f5es de colunista<\/p>\n<p>A apresentadora <a href=\"https:\/\/caras.com.br\/tags\/catia-fonseca_1\" rel=\"noopener nofollow\" target=\"_blank\"><strong>Catia Fonseca<\/strong><\/a> estaria fora do Dan\u00e7a dos Famosos. A not\u00edcia foi dada na manh\u00e3 desta sexta-feira, 29, pelo colunista <strong>Lucas Pasin<\/strong>, do UOL. Segundo apurado pelo jornalista, a comunicadora teria sofrido uma les\u00e3o durante os ensaios.<\/p>\n<p>A ex-contratada da Band teria tido uma luxa\u00e7\u00e3o abaixo do seio esquerdo e isso teria tirado a famosa da repescagem. Catia Fonseca teria sofrido bastante com as dores durante os ensaios a ponto de ter at\u00e9 dificuldades de respira\u00e7\u00e3o.<\/p>\n<p>Conforme divulgado por Lucas Pasin, do Splash, do UOL, a produ\u00e7\u00e3o de <strong>Luciano Huck<\/strong> teria dado orienta\u00e7\u00f5es para ela pegar mais leve nos ensaios e descansar no hotel, evitando fazer esfor\u00e7os extras. Por\u00e9m, com medo de ser eliminada, ela teria continuado os treinos.<\/p>\n<p>&#8220;Procurada para comentar o assunto, a assessoria de C\u00e1tia Fonseca n\u00e3o retornou at\u00e9 a publica\u00e7\u00e3o da reportagem. Tamb\u00e9m procurada, a Globo negou a informa\u00e7\u00e3o sobre a les\u00e3o de C\u00e1tia Fonseca. A emissora reafirma, conforme relatado nesta reportagem, que a apresentadora ir\u00e1 dan\u00e7ar no pr\u00f3ximo programa, exibido no domingo&#8221;, publicu Lucas Pasin.<\/p>\n<p>Vale lembrar que, nos \u00faltimos meses, <a href=\"https:\/\/caras.com.br\/tv\/catia-fonseca-se-pronuncia-sobre-saida-da-band-quero-voar-com-liberdade.phtml\" rel=\"noopener nofollow\" target=\"_blank\">Catia Fonseca anunciou sua sa\u00edda da Band.<\/a> Ela comandava o programa Melhor da Tarde na emissora. &#8220;Com carinho e verdade, encerro um ciclo. Foram mais de 30 anos de uma trajet\u00f3ria constru\u00edda com aquilo que sempre me guiou: o amor pelo que fa\u00e7o. E com uma miss\u00e3o que pulsa em mim desde o primeiro dia \u2014 levar alegria, leveza e bom entretenimento at\u00e9 voc\u00ea, que me acompanha com tanto afeto ao longo dessa caminhada. Hoje, com o cora\u00e7\u00e3o sereno, reconhe\u00e7o que \u00e9 hora de fechar um cap\u00edtulo importante da minha hist\u00f3ria (&#8230;)&#8221;, disse ela em um trecho.\u00a0<\/p>\n<p><strong>Leia tamb\u00e9m:<\/strong><a href=\"https:\/\/caras.com.br\/tv\/danca-dos-famosos-2025-saiba-quais-artistas-disputam-repescagem.phtml\" rel=\"noopener nofollow\" target=\"_blank\">Dan\u00e7a dos Famosos 2025: saiba quais artistas disputam a repescagem<\/a><\/p>\n<p>Catia Fonseca exp\u00f5e motivo para ter pedido demiss\u00e3o da Band<\/p>\n<p>Em uma live nas redes sociais, Catia contou que estava frustrada com a falta de estrutura para seu programa no canal. \u201cUm dos pontos principais &#8211; e n\u00e3o \u00e9 de hoje, \u00e9 de um bom tempo &#8211; era a falta de estrutura que eu precisava, que eu devia ter, que eu tinha no passado, depois deixei de ter. Essa falta de estrutura n\u00e3o me permitia mais fazer o que eu acreditava fazer. E foi isso que me fez buscar outros caminhos para a minha vida. E o restante disso? Eu sei, eles sabem, e para mim isso basta\u201d, afirmou. <a href=\"https:\/\/caras.com.br\/tv\/catia-fonseca-expoe-motivo-para-ter-pedido-demissao-da-band.phtml\" rel=\"noopener nofollow\" target=\"_blank\">Leia mais aqui!<\/a><\/p>\n","protected":false},"excerpt":{"rendered":"Ap\u00f3s sofrer les\u00e3o durante os ensaios, Catia Fonseca est\u00e1 eliminada do Dan\u00e7a dos Famosos, segundo informa\u00e7\u00f5es de colunista&hellip;\n","protected":false},"author":2,"featured_media":50302,"comment_status":"","ping_status":"","sticky":false,"template":"","format":"standard","meta":{"footnotes":""},"categories":[142],"tags":[7186,4572,114,115,32,33,151],"class_list":{"0":"post-50301","1":"post","2":"type-post","3":"status-publish","4":"format-standard","5":"has-post-thumbnail","7":"category-tv","8":"tag-catia-fonseca","9":"tag-danca-dos-famosos","10":"tag-entertainment","11":"tag-entretenimento","12":"tag-portugal","13":"tag-pt","14":"tag-tv"},"share_on_mastodon":{"url":"","error":""},"_links":{"self":[{"href":"https:\/\/www.europesays.com\/pt\/wp-json\/wp\/v2\/posts\/50301","targetHints":{"allow":["GET"]}}],"collection":[{"href":"https:\/\/www.europesays.com\/pt\/wp-json\/wp\/v2\/posts"}],"about":[{"href":"https:\/\/www.europesays.com\/pt\/wp-json\/wp\/v2\/types\/post"}],"author":[{"embeddable":true,"href":"https:\/\/www.europesays.com\/pt\/wp-json\/wp\/v2\/users\/2"}],"replies":[{"embeddable":true,"href":"https:\/\/www.europesays.com\/pt\/wp-json\/wp\/v2\/comments?post=50301"}],"version-history":[{"count":0,"href":"https:\/\/www.europesays.com\/pt\/wp-json\/wp\/v2\/posts\/50301\/revisions"}],"wp:featuredmedia":[{"embeddable":true,"href":"https:\/\/www.europesays.com\/pt\/wp-json\/wp\/v2\/media\/50302"}],"wp:attachment":[{"href":"https:\/\/www.europesays.com\/pt\/wp-json\/wp\/v2\/media?parent=50301"}],"wp:term":[{"taxonomy":"category","embeddable":true,"href":"https:\/\/www.europesays.com\/pt\/wp-json\/wp\/v2\/categories?post=50301"},{"taxonomy":"post_tag","embeddable":true,"href":"https:\/\/www.europesays.com\/pt\/wp-json\/wp\/v2\/tags?post=50301"}],"curies":[{"name":"wp","href":"https:\/\/api.w.org\/{rel}","templated":true}]}}