{"id":503040,"date":"2026-08-27T21:37:16","date_gmt":"2026-08-27T21:37:16","guid":{"rendered":"https:\/\/www.europesays.com\/pt\/503040\/"},"modified":"2026-08-27T21:37:16","modified_gmt":"2026-08-27T21:37:16","slug":"oficial-extremo-que-esteve-2-anos-no-flamengo-e-reforco-do-sporting","status":"publish","type":"post","link":"https:\/\/www.europesays.com\/pt\/503040\/","title":{"rendered":"Oficial! Extremo que esteve 2 anos no Flamengo \u00e9 refor\u00e7o do Sporting"},"content":{"rendered":"<p><b>O Sporting oficializou a contrata\u00e7\u00e3o de <\/b><a href=\"https:\/\/www.transfermarkt.pt\/bidu\/profil\/spieler\/1500575\" target=\"_blank\" rel=\"nofollow noopener\">Bidu<\/a> para a<a href=\"https:\/\/www.transfermarkt.pt\/sporting-lissabon-b\/startseite\/verein\/10949\" target=\"_blank\" rel=\"nofollow noopener\"> equipa B<\/a>\u00a0(<a href=\"https:\/\/leonino.pt\/eduardo-felicissimo-comete-erro-surreal-na-derrota-do-sporting-b-com-o-penafiel\" target=\"_blank\" rel=\"nofollow noopener\">que perdeu a \u00faltima partida<\/a>). O extremo brasileiro, de 19 anos, chega a Alvalade depois de se ter destacado ao servi\u00e7o do Crici\u00fama e vai cumprir a primeira experi\u00eancia fora do Brasil.<\/p>\n<p><\/p>\n<p><b>O atacante iniciou a forma\u00e7\u00e3o no Flamengo (2022-2023) <\/b>e no Vasco da Gama (2024), antes de chegar aos sub-20 do Crici\u00fama em 2025. A adapta\u00e7\u00e3o foi r\u00e1pida e as boas exibi\u00e7\u00f5es levaram-no \u00e0 equipa B ainda nessa temporada, tendo participado em oito encontros, nos quais apontou quatro golos e registou duas assist\u00eancias.<\/p>\n<p>O crescimento prosseguiu em 2026, novamente pelos sub-20, onde somou nove golos e duas assist\u00eancias em 26 partidas. <b>O desempenho valeu-lhe a chamada \u00e0 equipa principal do Crici\u00fama, pela qual disputou dois jogos antes de rumar a Portugal.<\/b><\/p>\n<p><\/p>\n<blockquote class=\"blockquote\"><p><b>Bidu: &#8220;Tenho de agradecer a Deus e ao Sporting pela oportunidade&#8221;<\/b><\/p><\/blockquote>\n<p><b>Capaz de atuar em ambas as alas, o brasileiro descreve-se como um jogador agressivo no ataque<\/b>, com capacidade no um para um e facilidade para contribuir com golos e assist\u00eancias: &#8220;Vestir a camisola de um clube como o Sporting representa muito para mim e para a minha fam\u00edlia, por tudo o que tenho feito at\u00e9 hoje. Tenho de agradecer a Deus e ao Sporting pela oportunidade&#8221;.<\/p>\n<p><\/p>\n<p>Bidu chega com objetivos ambiciosos: &#8220;<b>O mais importante \u00e9 ajudar o Sporting com assist\u00eancias, golos e tudo o que for necess\u00e1rio, mas o meu objetivo final \u00e9 chegar \u00e0 equipa A <\/b>e ajudar a\u00ed, tamb\u00e9m. Podem esperar um jogador que quer sempre trabalhar, sempre ajudar e que tem fome de vencer. Isso define-me. Vou dar o meu m\u00e1ximo e tentar ajudar a equipa o m\u00e1ximo poss\u00edvel&#8221;.<\/p>\n","protected":false},"excerpt":{"rendered":"O Sporting oficializou a contrata\u00e7\u00e3o de Bidu para a equipa B\u00a0(que perdeu a \u00faltima partida). O extremo brasileiro,&hellip;\n","protected":false},"author":2,"featured_media":503041,"comment_status":"","ping_status":"","sticky":false,"template":"","format":"standard","meta":{"footnotes":"","_share_on_mastodon":"0"},"categories":[87],"tags":[135,2460,32,33,34,134],"class_list":["post-503040","post","type-post","status-publish","format-standard","has-post-thumbnail","category-desporto","tag-desporto","tag-flamengo","tag-portugal","tag-pt","tag-sporting","tag-sports"],"share_on_mastodon":{"url":"https:\/\/pubeurope.com\/@pt\/117169635267074037","error":""},"_links":{"self":[{"href":"https:\/\/www.europesays.com\/pt\/wp-json\/wp\/v2\/posts\/503040","targetHints":{"allow":["GET"]}}],"collection":[{"href":"https:\/\/www.europesays.com\/pt\/wp-json\/wp\/v2\/posts"}],"about":[{"href":"https:\/\/www.europesays.com\/pt\/wp-json\/wp\/v2\/types\/post"}],"author":[{"embeddable":true,"href":"https:\/\/www.europesays.com\/pt\/wp-json\/wp\/v2\/users\/2"}],"replies":[{"embeddable":true,"href":"https:\/\/www.europesays.com\/pt\/wp-json\/wp\/v2\/comments?post=503040"}],"version-history":[{"count":0,"href":"https:\/\/www.europesays.com\/pt\/wp-json\/wp\/v2\/posts\/503040\/revisions"}],"wp:featuredmedia":[{"embeddable":true,"href":"https:\/\/www.europesays.com\/pt\/wp-json\/wp\/v2\/media\/503041"}],"wp:attachment":[{"href":"https:\/\/www.europesays.com\/pt\/wp-json\/wp\/v2\/media?parent=503040"}],"wp:term":[{"taxonomy":"category","embeddable":true,"href":"https:\/\/www.europesays.com\/pt\/wp-json\/wp\/v2\/categories?post=503040"},{"taxonomy":"post_tag","embeddable":true,"href":"https:\/\/www.europesays.com\/pt\/wp-json\/wp\/v2\/tags?post=503040"}],"curies":[{"name":"wp","href":"https:\/\/api.w.org\/{rel}","templated":true}]}}