{"id":50305,"date":"2025-08-29T15:25:22","date_gmt":"2025-08-29T15:25:22","guid":{"rendered":"https:\/\/www.europesays.com\/pt\/50305\/"},"modified":"2025-08-29T15:25:22","modified_gmt":"2025-08-29T15:25:22","slug":"boas-noticias-para-o-fc-porto-sobre-kiwior-hincapie-quase-certo-no-arsenal-o-jogo","status":"publish","type":"post","link":"https:\/\/www.europesays.com\/pt\/50305\/","title":{"rendered":"Boas not\u00edcias para o FC Porto sobre Kiwior: Hincapi\u00e9 quase certo no Arsenal &#8211; O Jogo"},"content":{"rendered":"<ol>\n<li><a href=\"https:\/\/news.google.com\/rss\/articles\/CBMiqwFBVV95cUxNUklhSUhqNUVPa1ZwaTFQV05sRzFJb3ZyZXlJTk9jakwyRl84TUVaX2s5MEhTMzNyUHNVTGxHS1YzNGpWQ3BCZ0EyR0tPSkJTVlR6UTlIdmgxeHloQXJSNHlUZGdZTmVDM29YS0pIUU41SHJhd2NBRXdCZ0FrZjNORzJOODFYVlhqYkJpejYtQlppRlFOTG4ta1RINGk0cWtabFJzM24yR05aMlk?oc=5\" target=\"_blank\" rel=\"nofollow noopener\">Boas not\u00edcias para o FC Porto sobre Kiwior: Hincapi\u00e9 quase certo no Arsenal<\/a>&nbsp;&nbsp;O Jogo<\/li>\n<li><a href=\"https:\/\/news.google.com\/rss\/articles\/CBMi5wFBVV95cUxNX0ZPQ2l4R0pUdUVvaWN5ZGZGQ3NKMEt1M0c3NDBCTGxHY2Y0WFBOZDFlVVZXM00yWExTaWgxMWFhXzJvSWNxMktxNTBHRjhhMlJTOXVWQ1JxSjVNSlpJYU82Z2kxT2U2UllVd3Y3SF9fWEpWMzRVVUtOM3FKSllrbUdHUUl5Tlc2WFIxbDZDSlNQdlQ0WnFnbldGVGpuNzVkMmlxNnVVUlk0UF9lZ2ZPWVkzbWZWNWp2OEFRSjhkYzZ5ZmVMLXJIUmN4dTdvMjVxUWFsVDRiUzk5N3RYbVNQU21LSkwyMUnSAewBQVVfeXFMT0daSTBnRUFhUVlQOWQ1V0VJZ1VrWGhlVGZXb2FLdnVqdV9KVndYemo3Nnp4YWZEalE4LXExTVVxQm0tRmRYd0lmajJVN1NPRV9ZaGVNNXpEd2lkdFdvVXdjNXJrY0YtVGgxMVhnTEpicXVBdERnS0lEVV9ZbktEOHM4eHVSZWVkVHZNellWQ0FlUmx1dkctVVJsSlFuaE1rT19UcW9FQzd2dGFrenpqQ1IyMm5RNE9PdHY3RWRRdDkwSGNEOE9UWGlWeXJlREZpNkxJMFhxdUd5Z0FEd0xrS3lxbEpCSVZwMjZEWXM?oc=5\" target=\"_blank\" rel=\"nofollow noopener\">Arsenal \u00e9 \u2018novo ingl\u00eas\u2019 na busca por Piero Hincapi\u00e9 junto ao Bayer Leverkusen<\/a>&nbsp;&nbsp;Correio Braziliense<\/li>\n<li><a href=\"https:\/\/news.google.com\/rss\/articles\/CBMi4gFBVV95cUxPYUdveDVwM1BHWE1oNHk0T1pRN0NaVlg0SkdRdndGbTdBanpZRDY4b0FXc1hRdG9UckVFcVRNYVNJTFBHN0puWXpWVjBFMzNQd0c0bnNBRUhJUmpHSy13aXlyVUlweVBIb0R1cl96eERqOXpaMDg5eVV3MEw2c3U3YzBLZ2R5N3FIVFZ3MXQ0bjhzX1kxNERlX2ZHRkVNU0pQZUJva0FFSGZvR2ViMkx1c3p2YXdxNEpEZlBwSG9VNlpqV0hIUDZkaDF3eTZIZloxeGJuUEtPaElLRjJlZS1va0p30gHwAUFVX3lxTE1xUDZ2eGFCaWMwVVpJaFlTbzcxRE5OY1pLajdJT2JBSjdJOElQWUVmZk9nLTI2THZyRS1keEN6LWdXdlVMNnFwaElYMjdWNG9pdk9raFpweHhqSHh6N3BRcGVGY3JrNjFSWU56N3lRcmhMd3M0aGc3d0JySmpmTHAzaW1XU0g3d0c1MVU2QW5Kcms4bjVkVlRTdWN0b0xfWVJLemR6YVBkbGRfUnZjOEltLUdaYmNTTEw5M3VkMUtzVFFYcFRUWU9QempTVmpfU1ZwRmxSb0pzc0dIbUFMTUxkVEYzbWoteEJ0YUxaN1d0Rw?oc=5\" target=\"_blank\" rel=\"nofollow noopener\">Arsenal busca contrata\u00e7\u00e3o de Hincapi\u00e9, alvo do Real Madrid<\/a>&nbsp;&nbsp;ge<\/li>\n<li><a href=\"https:\/\/news.google.com\/rss\/articles\/CBMi5AFBVV95cUxPZGhBTDNTSmNhMk96cWd1V1N3U0Z2NVBoNFJiczltQ28tMlBEWDJSQ090WHF2d1UxVmY2THdxODJQeVZMSEJmcHRTVlh2TmlNempNYXlMYzZfcDJ0MXF1RkRvNnlWTnZRVVBtcjJkTnQtNjJjTml3TGJtYmNOV2xsNXFVUlF2US04WDNWZVVZeVNSM3BMRmMxVDRmZ2Z4TGdGcTk4Q1gyOTZRNzlhWV9kSFhoUmZUZUdSTGRSWUxYaW5iWldjZUVqZ0dsU3BEZTJ2emV0ME4yNHg3NkdxRk1SeDdXa1Y?oc=5\" target=\"_blank\" rel=\"nofollow noopener\">Piero Hincapie: por que o Arsenal quer dar chap\u00e9u no Tottenham e contratar o f\u00e3 de Sergio Ramos do Bayer Leverkusen?<\/a>&nbsp;&nbsp;Goal.com<\/li>\n<li><a href=\"https:\/\/news.google.com\/rss\/articles\/CBMi7gFBVV95cUxPZkJ4a29ZQWpXdlkxRTVGaGI4Y3dZUXQ4b1pYdlJOXzRESnBIbkJ4b01uT180allTc1NCSXB3UGswTWdaRFpzZlZGUXhoVi16ZG8yV2FiTE1nRUI5cklIejFvZzU1LUZ4aWhOV0RaZjAzOWVIVENLU2ZZbFhXTUFwMkhtel9CTlF1ZktmckpndGZfRl9Sd09LVlRwSlNRLWVreVFVNmpXamdQMWJ2cmtqOEFjNjk2VFdULVJraVRxZnlkZV9iZTEwLWRlSV9fLXVJdmFUYmhQalZTVkpzdExmU2hVNDVPaFRBNlNua1hR?oc=5\" target=\"_blank\" rel=\"nofollow noopener\">O Arsenal Star concorda que a transfer\u00eancia se transfer quando Mikel Arteta se aproxima da oitava assinatura de ver\u00e3o<\/a>&nbsp;&nbsp;bahiaverdade.com.br<\/li>\n<\/ol>\n","protected":false},"excerpt":{"rendered":"Boas not\u00edcias para o FC Porto sobre Kiwior: Hincapi\u00e9 quase certo no Arsenal&nbsp;&nbsp;O Jogo Arsenal \u00e9 \u2018novo ingl\u00eas\u2019&hellip;\n","protected":false},"author":2,"featured_media":50306,"comment_status":"","ping_status":"","sticky":false,"template":"","format":"standard","meta":{"footnotes":""},"categories":[87],"tags":[135,32,33,134],"class_list":{"0":"post-50305","1":"post","2":"type-post","3":"status-publish","4":"format-standard","5":"has-post-thumbnail","7":"category-desporto","8":"tag-desporto","9":"tag-portugal","10":"tag-pt","11":"tag-sports"},"share_on_mastodon":{"url":"","error":""},"_links":{"self":[{"href":"https:\/\/www.europesays.com\/pt\/wp-json\/wp\/v2\/posts\/50305","targetHints":{"allow":["GET"]}}],"collection":[{"href":"https:\/\/www.europesays.com\/pt\/wp-json\/wp\/v2\/posts"}],"about":[{"href":"https:\/\/www.europesays.com\/pt\/wp-json\/wp\/v2\/types\/post"}],"author":[{"embeddable":true,"href":"https:\/\/www.europesays.com\/pt\/wp-json\/wp\/v2\/users\/2"}],"replies":[{"embeddable":true,"href":"https:\/\/www.europesays.com\/pt\/wp-json\/wp\/v2\/comments?post=50305"}],"version-history":[{"count":0,"href":"https:\/\/www.europesays.com\/pt\/wp-json\/wp\/v2\/posts\/50305\/revisions"}],"wp:featuredmedia":[{"embeddable":true,"href":"https:\/\/www.europesays.com\/pt\/wp-json\/wp\/v2\/media\/50306"}],"wp:attachment":[{"href":"https:\/\/www.europesays.com\/pt\/wp-json\/wp\/v2\/media?parent=50305"}],"wp:term":[{"taxonomy":"category","embeddable":true,"href":"https:\/\/www.europesays.com\/pt\/wp-json\/wp\/v2\/categories?post=50305"},{"taxonomy":"post_tag","embeddable":true,"href":"https:\/\/www.europesays.com\/pt\/wp-json\/wp\/v2\/tags?post=50305"}],"curies":[{"name":"wp","href":"https:\/\/api.w.org\/{rel}","templated":true}]}}