{"id":503074,"date":"2026-08-27T22:06:17","date_gmt":"2026-08-27T22:06:17","guid":{"rendered":"https:\/\/www.europesays.com\/pt\/503074\/"},"modified":"2026-08-27T22:06:17","modified_gmt":"2026-08-27T22:06:17","slug":"exercicio-fisico-nao-neutraliza-efeitos-do-cigarro-em-fumantes-alerta-inca","status":"publish","type":"post","link":"https:\/\/www.europesays.com\/pt\/503074\/","title":{"rendered":"Exerc\u00edcio f\u00edsico n\u00e3o neutraliza efeitos do cigarro em fumantes, alerta Inca"},"content":{"rendered":"<p class=\"headlines\">O que a ci\u00eancia sabe sobre a rela\u00e7\u00e3o entre vapes e c\u00e2ncer<\/p>\n<p>2:24<\/p>\n<p><img  loading=\"lazy\" class=\"thumb lazy-load-img\"\/><\/p>\n<p class=\"description\">Novas evid\u00eancias refor\u00e7am motivos para preocupa\u00e7\u00e3o.  Cr\u00e9dito: Edi\u00e7\u00e3o: Jefferson Perleberg<\/p>\n<p data-component-name=\"paragraph\" class=\"styles__ParagraphStyled-sc-6adecn-0 fVfMho theme-default  theme-pulsa\">Manter uma rotina de <a href=\"https:\/\/www.estadao.com.br\/tudo-sobre\/exercicio-fisico\/\" target=\"_blank\" rel=\"nofollow noopener\" title=\"https:\/\/www.estadao.com.br\/tudo-sobre\/exercicio-fisico\/\">exerc\u00edcio f\u00edsico<\/a> traz uma s\u00e9rie de benef\u00edcios \u00e0 sa\u00fade, mas n\u00e3o \u00e9 capaz de compensar os danos causados pelo cigarro em quem continua fumando. O alerta \u00e9 do<a href=\"https:\/\/www.estadao.com.br\/tudo-sobre\/inca-instituto-nacional-do-cancer\/\" target=\"_blank\" rel=\"nofollow noopener\" title=\"https:\/\/www.estadao.com.br\/tudo-sobre\/inca-instituto-nacional-do-cancer\/\"> Instituto Nacional de C\u00e2ncer (Inca)<\/a> e busca desfazer a ideia de que os exerc\u00edcios poderiam reduzir os riscos associados ao tabagismo.<\/p>\n<p data-component-name=\"paragraph\" class=\"styles__ParagraphStyled-sc-6adecn-0 fVfMho theme-default  theme-pulsa\">A mensagem \u00e9 tema da campanha do <a href=\"https:\/\/www.gov.br\/inca\/pt-br\/assuntos\/campanhas\/2026\/dia-nacional-de-combate-ao-fumo\" target=\"_blank\" rel=\"nofollow noopener\" title=\"https:\/\/www.gov.br\/inca\/pt-br\/assuntos\/campanhas\/2026\/dia-nacional-de-combate-ao-fumo\">Dia Nacional de Combate ao Fumo de 2026, intitulada \u201cAtividade F\u00edsica e Sa\u00fade: Treinar n\u00e3o Combina com Fumar\u201d<\/a>. Segundo o Inca, 477 pessoas morrem precocemente todos os dias no Brasil em decorr\u00eancia de problemas provocados pelo <a href=\"https:\/\/www.estadao.com.br\/tudo-sobre\/cigarro-tabagismo\/\" target=\"_blank\" rel=\"nofollow noopener\" title=\"https:\/\/www.estadao.com.br\/tudo-sobre\/cigarro-tabagismo\/\">tabagismo<\/a>.<\/p>\n<p><img  loading=\"lazy\" class=\"lazy-load-img\"\/><\/p>\n<p>Manter uma rotina de atividade f\u00edsica n\u00e3o reduz os riscos \u00e0 sa\u00fade associados ao tabagismo\u00a0Foto:  Auremar\/ Adobe Stock<\/p>\n<p>\u201cTodos os ganhos ser\u00e3o perdidos por conta dos preju\u00edzos que esses produtos derivados do tabaco trazem\u201d, afirmou Vera Borges, psic\u00f3loga e especialista no tratamento do tabagismo da Divis\u00e3o de Controle do Tabagismo e Outros Fatores de Risco do Inca, durante o lan\u00e7amento da campanha.<\/p>\n<p>Isso n\u00e3o quer dizer que pessoas que fumam n\u00e3o se beneficiem da pr\u00e1tica de exerc\u00edcios. A atividade f\u00edsica continua sendo importante para a sa\u00fade, mas seus efeitos positivos n\u00e3o anulam aqueles provocados pelo cigarro. A nicotina, por exemplo, contrai os vasos sangu\u00edneos e diminui o fluxo de sangue para m\u00fasculos e \u00f3rg\u00e3os. O tabagismo tamb\u00e9m reduz a capacidade do sangue de transportar oxig\u00eanio e provoca inflama\u00e7\u00e3o das vias a\u00e9reas.<\/p>\n<p data-component-name=\"paragraph\" class=\"styles__ParagraphStyled-sc-6adecn-0 fVfMho theme-default  theme-pulsa\">Essas altera\u00e7\u00f5es podem, inclusive, afetar o desempenho durante os exerc\u00edcios. \u201cO que as evid\u00eancias apontam \u00e9 que, de fato, o tabagismo e o uso da nicotina nas suas diversas formas interferem na performance\u201d, afirmou Fabio Fortunato Brasil de Carvalho, educador f\u00edsico e chefe substituto da Divis\u00e3o de Pesquisa Populacional do Inca.<\/p>\n<p>Exerc\u00edcio pode ser aliado de quem deseja parar de fumar<\/p>\n<p data-component-name=\"paragraph\" class=\"styles__ParagraphStyled-sc-6adecn-0 fVfMho theme-default  theme-pulsa\">Embora n\u00e3o neutralize os efeitos do cigarro enquanto o consumo \u00e9 mantido, a atividade f\u00edsica pode ajudar justamente no processo de parar de fumar. Segundo o Inca, a pr\u00e1tica favorece a libera\u00e7\u00e3o de subst\u00e2ncias associadas \u00e0s sensa\u00e7\u00f5es de prazer e bem-estar, o que pode contribuir para reduzir sintomas comuns da abstin\u00eancia.<\/p>\n<p>Leia tamb\u00e9m<\/p>\n<p data-component-name=\"paragraph\" class=\"styles__ParagraphStyled-sc-6adecn-0 fVfMho theme-default  theme-pulsa\">Mesmo per\u00edodos curtos de <a href=\"https:\/\/www.estadao.com.br\/pulsa\/corpo-em-movimento\/exercicios-aerobicos-reduzem-ansiedade-na-pos-menopausa-mostra-estudo\/\" target=\"_blank\" rel=\"nofollow noopener\" title=\"https:\/\/www.estadao.com.br\/pulsa\/corpo-em-movimento\/exercicios-aerobicos-reduzem-ansiedade-na-pos-menopausa-mostra-estudo\/\">atividades aer\u00f3bicas<\/a>, como caminhada, corrida, dan\u00e7a ou nata\u00e7\u00e3o, podem amenizar a vontade de fumar. A pr\u00e1tica tamb\u00e9m contribui para a autoestima e a confian\u00e7a durante o processo de cessa\u00e7\u00e3o, al\u00e9m de oferecer uma alternativa para lidar com situa\u00e7\u00f5es e emo\u00e7\u00f5es que antes eram associadas ao cigarro.<\/p>\n<p data-component-name=\"paragraph\" class=\"styles__ParagraphStyled-sc-6adecn-0 fVfMho theme-default  theme-pulsa\">A campanha ainda chama aten\u00e7\u00e3o para o uso de <a href=\"https:\/\/www.estadao.com.br\/pulsa\/fernando-maluf\/vape-e-cancer-o-que-as-evidencias-cientificas-mostram-sobre-essa-relacao\/\" target=\"_blank\" rel=\"nofollow noopener\" title=\"https:\/\/www.estadao.com.br\/pulsa\/fernando-maluf\/vape-e-cancer-o-que-as-evidencias-cientificas-mostram-sobre-essa-relacao\/\">dispositivos eletr\u00f4nicos para fumar (DEFs)<\/a> e outros derivados do tabaco, principalmente entre os jovens. Segundo o Inca, esses produtos podem ser vistos como menos prejudiciais e sem impacto sobre o condicionamento f\u00edsico. A iniciativa busca combater essa percep\u00e7\u00e3o, prevenir o in\u00edcio do consumo e incentivar a cessa\u00e7\u00e3o do tabagismo.<\/p>\n","protected":false},"excerpt":{"rendered":"O que a ci\u00eancia sabe sobre a rela\u00e7\u00e3o entre vapes e c\u00e2ncer 2:24 Novas evid\u00eancias refor\u00e7am motivos para&hellip;\n","protected":false},"author":2,"featured_media":503075,"comment_status":"","ping_status":"","sticky":false,"template":"","format":"standard","meta":{"footnotes":"","_share_on_mastodon":"0"},"categories":[86],"tags":[116,32,33,1711,117],"class_list":["post-503074","post","type-post","status-publish","format-standard","has-post-thumbnail","category-saude","tag-health","tag-portugal","tag-pt","tag-sample","tag-saude"],"share_on_mastodon":{"url":"https:\/\/pubeurope.com\/@pt\/117169748873262012","error":""},"_links":{"self":[{"href":"https:\/\/www.europesays.com\/pt\/wp-json\/wp\/v2\/posts\/503074","targetHints":{"allow":["GET"]}}],"collection":[{"href":"https:\/\/www.europesays.com\/pt\/wp-json\/wp\/v2\/posts"}],"about":[{"href":"https:\/\/www.europesays.com\/pt\/wp-json\/wp\/v2\/types\/post"}],"author":[{"embeddable":true,"href":"https:\/\/www.europesays.com\/pt\/wp-json\/wp\/v2\/users\/2"}],"replies":[{"embeddable":true,"href":"https:\/\/www.europesays.com\/pt\/wp-json\/wp\/v2\/comments?post=503074"}],"version-history":[{"count":0,"href":"https:\/\/www.europesays.com\/pt\/wp-json\/wp\/v2\/posts\/503074\/revisions"}],"wp:featuredmedia":[{"embeddable":true,"href":"https:\/\/www.europesays.com\/pt\/wp-json\/wp\/v2\/media\/503075"}],"wp:attachment":[{"href":"https:\/\/www.europesays.com\/pt\/wp-json\/wp\/v2\/media?parent=503074"}],"wp:term":[{"taxonomy":"category","embeddable":true,"href":"https:\/\/www.europesays.com\/pt\/wp-json\/wp\/v2\/categories?post=503074"},{"taxonomy":"post_tag","embeddable":true,"href":"https:\/\/www.europesays.com\/pt\/wp-json\/wp\/v2\/tags?post=503074"}],"curies":[{"name":"wp","href":"https:\/\/api.w.org\/{rel}","templated":true}]}}