{"id":503096,"date":"2026-08-27T22:25:37","date_gmt":"2026-08-27T22:25:37","guid":{"rendered":"https:\/\/www.europesays.com\/pt\/503096\/"},"modified":"2026-08-27T22:25:37","modified_gmt":"2026-08-27T22:25:37","slug":"o-mirante-jovem-com-raizes-familiares-em-mouriscas-entra-em-medicina-aos-15-anos","status":"publish","type":"post","link":"https:\/\/www.europesays.com\/pt\/503096\/","title":{"rendered":"O MIRANTE | Jovem com ra\u00edzes familiares em Mouriscas entra em Medicina aos 15 anos"},"content":{"rendered":"<p>     <img decoding=\"async\" src=\"https:\/\/www.europesays.com\/pt\/wp-content\/uploads\/2026\/08\/1787869537_16_mw-900.webp\" alt=\"Jovem com ra\u00edzes familiares em Mouriscas entra em Medicina aos 15 anos\" title=\"Jovem com ra\u00edzes familiares em Mouriscas entra em Medicina aos 15 anos\"\/>  <\/p>\n<p>foto SIC<\/p>\n<p>Leonor Meira Lopes, neta do antigo presidente da C\u00e2mara de Abrantes, Humberto Lopes, foi colocada na Faculdade de Medicina da Universidade do Porto com uma m\u00e9dia de 19,63 valores.<\/p>\n<p>Leonor Meira Lopes, jovem com ra\u00edzes familiares na freguesia de Mouriscas, em Abrantes, foi colocada na Faculdade de Medicina da Universidade do Porto com uma m\u00e9dia de 19,63 valores. A estudante completa 16 anos em Dezembro e tem um percurso escolar pouco comum que lhe permitiu chegar ao ensino superior antes da idade habitual.<br \/>Natural de Penafiel, estudou no Col\u00e9gio Casa-M\u00e3e, em Baltar, no concelho de Paredes, e passou directamente do 4\u00ba para o 6\u00ba ano de escolaridade depois de lhe terem sido reconhecidas capacidades acima da m\u00e9dia. O percurso permitiu-lhe concluir o ensino secund\u00e1rio mais cedo e candidatar-se j\u00e1 este ano ao ensino superior. O interesse da jovem pela Medicina ter\u00e1 tamb\u00e9m surgido da proximidade com a profiss\u00e3o, uma vez que o pai, Rui Lopes, \u00e9 m\u00e9dico. A jovem mant\u00e9m uma liga\u00e7\u00e3o familiar \u00e0 regi\u00e3o, sendo neta de Humberto Lopes, natural de Mouriscas e uma figura conhecida da vida p\u00fablica de Abrantes. Humberto Lopes presidiu \u00e0 C\u00e2mara Municipal de Abrantes entre 1989 e Janeiro de 1993, pelo PSD, tendo desempenhado anteriormente fun\u00e7\u00f5es como presidente da Junta de Freguesia de Mouriscas e vereador da C\u00e2mara Municipal.<br \/>Ainda com 15 anos, Leonor Meira Lopes prepara-se para iniciar agora o curso de Medicina no Porto, colocando esta jovem com ra\u00edzes familiares no Ribatejo entre os casos de maior precocidade no acesso ao ensino superior em Portugal.<\/p>\n","protected":false},"excerpt":{"rendered":"foto SIC Leonor Meira Lopes, neta do antigo presidente da C\u00e2mara de Abrantes, Humberto Lopes, foi colocada na&hellip;\n","protected":false},"author":2,"featured_media":503097,"comment_status":"","ping_status":"","sticky":false,"template":"","format":"standard","meta":{"footnotes":"","_share_on_mastodon":"0"},"categories":[10],"tags":[27,28,15,16,14,6569,6568,25,26,21,22,12,13,19,20,32,23,24,33,3551,5314,17,18,29,30,31],"class_list":["post-503096","post","type-post","status-publish","format-standard","has-post-thumbnail","category-portugal","tag-breaking-news","tag-breakingnews","tag-featured-news","tag-featurednews","tag-headlines","tag-jornal-regional","tag-jornalismo-de-proximidade","tag-latest-news","tag-latestnews","tag-main-news","tag-mainnews","tag-news","tag-noticias","tag-noticias-principais","tag-noticiasprincipais","tag-portugal","tag-principais-noticias","tag-principaisnoticias","tag-pt","tag-regiao","tag-ribatejo","tag-top-stories","tag-topstories","tag-ultimas","tag-ultimas-noticias","tag-ultimasnoticias"],"share_on_mastodon":{"url":"https:\/\/pubeurope.com\/@pt\/117169824446518493","error":""},"_links":{"self":[{"href":"https:\/\/www.europesays.com\/pt\/wp-json\/wp\/v2\/posts\/503096","targetHints":{"allow":["GET"]}}],"collection":[{"href":"https:\/\/www.europesays.com\/pt\/wp-json\/wp\/v2\/posts"}],"about":[{"href":"https:\/\/www.europesays.com\/pt\/wp-json\/wp\/v2\/types\/post"}],"author":[{"embeddable":true,"href":"https:\/\/www.europesays.com\/pt\/wp-json\/wp\/v2\/users\/2"}],"replies":[{"embeddable":true,"href":"https:\/\/www.europesays.com\/pt\/wp-json\/wp\/v2\/comments?post=503096"}],"version-history":[{"count":0,"href":"https:\/\/www.europesays.com\/pt\/wp-json\/wp\/v2\/posts\/503096\/revisions"}],"wp:featuredmedia":[{"embeddable":true,"href":"https:\/\/www.europesays.com\/pt\/wp-json\/wp\/v2\/media\/503097"}],"wp:attachment":[{"href":"https:\/\/www.europesays.com\/pt\/wp-json\/wp\/v2\/media?parent=503096"}],"wp:term":[{"taxonomy":"category","embeddable":true,"href":"https:\/\/www.europesays.com\/pt\/wp-json\/wp\/v2\/categories?post=503096"},{"taxonomy":"post_tag","embeddable":true,"href":"https:\/\/www.europesays.com\/pt\/wp-json\/wp\/v2\/tags?post=503096"}],"curies":[{"name":"wp","href":"https:\/\/api.w.org\/{rel}","templated":true}]}}