{"id":503136,"date":"2026-08-27T23:07:15","date_gmt":"2026-08-27T23:07:15","guid":{"rendered":"https:\/\/www.europesays.com\/pt\/503136\/"},"modified":"2026-08-27T23:07:15","modified_gmt":"2026-08-27T23:07:15","slug":"o-carniceiro-da-bosnia-morreu-ratko-mladic-no-centro-de-detencao-da-onu","status":"publish","type":"post","link":"https:\/\/www.europesays.com\/pt\/503136\/","title":{"rendered":"&#8220;O Carniceiro da B\u00f3snia&#8221;. Morreu Ratko Mladic no centro de deten\u00e7\u00e3o da ONU"},"content":{"rendered":"<p>\n                Filho de um combatente da Segunda Guerra Mundial, Mladic era apenas um oficial no antigo Ex\u00e9rcito Popular Jugoslavo no in\u00edcio da desintegra\u00e7\u00e3o do territ\u00f3rio, em 1991.  <\/p>\n<p>Enquanto chefe do Ex\u00e9rcito da Rep\u00fablica S\u00e9rvia,<b> liderou aquela que \u00e9 considerada a pior atrocidade na Europa desde a Segunda Guerra Mundial<\/b> \u2013 o ataque em massa em Srebrenica, \u201czona de seguran\u00e7a\u201d da ONU durante a Guerra da B\u00f3snia (1992-1995).<\/p>\n<p>&#13;<br \/>\nO objetivo passava por<b> levar a cabo a miss\u00e3o de construir uma \u201cGrande S\u00e9rvia\u201d, expulsando mu\u00e7ulmanos b\u00f3snios, croatas e outros n\u00e3o-s\u00e9rvios da regi\u00e3o.<\/b>&#13;\n<\/p>\n<p>&#13;<br \/>\nO ex-general cumpria pena de pris\u00e3o perp\u00e9tua por genoc\u00eddio, crimes de guerra e crimes contra a humanidade e estava acusado de conspira\u00e7\u00e3o criminosa pelo Tribunal Penal Internacional para a ex-Jugosl\u00e1via (TPIY)<b>.<\/b>&#13;\n<\/p>\n<p>&#13;<br \/>\nMladic integrava o trio composto por Slobodan Milosevic, presidente jugoslavo, e Karadzic, antigo l\u00edder s\u00e9rvio-b\u00f3snio, procurado pelo TPIY por longos anos.  &#13;\n<\/p>\n<p>\n<b>&#8220;Mladic \u00e9 um s\u00edmbolo de todos os crimes horr\u00edveis que aconteceram durante a guerra. As nossas meninas foram violadas e os meninos assassinados. N\u00e3o h\u00e1 diferen\u00e7a para Hitler\u201d<\/b>, afirmou Munira Subasic, m\u00e3e e mulher de duas v\u00edtimas das for\u00e7as militares s\u00e9rvias.<\/p>\n<p>O ex\u00e9rcito de Mladic lutava atrav\u00e9s de um modelo que assentava na brutalidade e na tradi\u00e7\u00e3o guerreira s\u00e9rvia. Algumas das v\u00edtimas nas m\u00e3os do \u201ccarniceiro da B\u00f3snia\u201d foram aprisionadas, deixadas ao calor sem comida e sem \u00e1gua e, de seguida, executados.<\/p>\n<p>O antigo general foi preso em 2011 e, apesar do estado de sa\u00fade cada vez mais fragilizado, os recursos para a liberta\u00e7\u00e3o foram continuamente rejeitados at\u00e9 ao dia da sua morte, por n\u00e3o estar nos interesses da justi\u00e7a.&#13;\n            <\/p>\n","protected":false},"excerpt":{"rendered":"Filho de um combatente da Segunda Guerra Mundial, Mladic era apenas um oficial no antigo Ex\u00e9rcito Popular Jugoslavo&hellip;\n","protected":false},"author":2,"featured_media":503137,"comment_status":"","ping_status":"","sticky":false,"template":"","format":"standard","meta":{"footnotes":"","_share_on_mastodon":"0"},"categories":[50],"tags":[7994,27,28,15,16,14,25,26,21,22,62,12,13,19,20,23,24,80539,7996,17,18,29,30,31,63,64,65],"class_list":["post-503136","post","type-post","status-publish","format-standard","has-post-thumbnail","category-mundo","tag-bosnia","tag-breaking-news","tag-breakingnews","tag-featured-news","tag-featurednews","tag-headlines","tag-latest-news","tag-latestnews","tag-main-news","tag-mainnews","tag-mundo","tag-news","tag-noticias","tag-noticias-principais","tag-noticiasprincipais","tag-principais-noticias","tag-principaisnoticias","tag-ratko-mladic","tag-servia","tag-top-stories","tag-topstories","tag-ultimas","tag-ultimas-noticias","tag-ultimasnoticias","tag-world","tag-world-news","tag-worldnews"],"share_on_mastodon":{"url":"https:\/\/pubeurope.com\/@pt\/117169988775993985","error":""},"_links":{"self":[{"href":"https:\/\/www.europesays.com\/pt\/wp-json\/wp\/v2\/posts\/503136","targetHints":{"allow":["GET"]}}],"collection":[{"href":"https:\/\/www.europesays.com\/pt\/wp-json\/wp\/v2\/posts"}],"about":[{"href":"https:\/\/www.europesays.com\/pt\/wp-json\/wp\/v2\/types\/post"}],"author":[{"embeddable":true,"href":"https:\/\/www.europesays.com\/pt\/wp-json\/wp\/v2\/users\/2"}],"replies":[{"embeddable":true,"href":"https:\/\/www.europesays.com\/pt\/wp-json\/wp\/v2\/comments?post=503136"}],"version-history":[{"count":0,"href":"https:\/\/www.europesays.com\/pt\/wp-json\/wp\/v2\/posts\/503136\/revisions"}],"wp:featuredmedia":[{"embeddable":true,"href":"https:\/\/www.europesays.com\/pt\/wp-json\/wp\/v2\/media\/503137"}],"wp:attachment":[{"href":"https:\/\/www.europesays.com\/pt\/wp-json\/wp\/v2\/media?parent=503136"}],"wp:term":[{"taxonomy":"category","embeddable":true,"href":"https:\/\/www.europesays.com\/pt\/wp-json\/wp\/v2\/categories?post=503136"},{"taxonomy":"post_tag","embeddable":true,"href":"https:\/\/www.europesays.com\/pt\/wp-json\/wp\/v2\/tags?post=503136"}],"curies":[{"name":"wp","href":"https:\/\/api.w.org\/{rel}","templated":true}]}}