{"id":503138,"date":"2026-08-27T23:09:39","date_gmt":"2026-08-27T23:09:39","guid":{"rendered":"https:\/\/www.europesays.com\/pt\/503138\/"},"modified":"2026-08-27T23:09:39","modified_gmt":"2026-08-27T23:09:39","slug":"meta-paga-14-mil-milhoes-em-acordo-para-por-fim-a-julgamento-observador","status":"publish","type":"post","link":"https:\/\/www.europesays.com\/pt\/503138\/","title":{"rendered":"Meta paga 14 mil milh\u00f5es em acordo para p\u00f4r fim a julgamento \u2013 Observador"},"content":{"rendered":"<p>A Meta chegou a um acordo no valor de mais de 14 mil milh\u00f5es de euros para p\u00f4r fim ao processo judicial que lhe foi movido por 29 estados norte-americanos, que acusavam a empresa-m\u00e3e do Facebook e do Instagram de conceber deliberadamente os seus produtos para criar depend\u00eancia em crian\u00e7as e jovens.<\/p>\n<p><a href=\"https:\/\/www.ft.com\/content\/21dcbd96-ee57-445c-a9ba-0938c49b91c0?syn-25a6b1a6=1\" rel=\"nofollow noopener\" target=\"_blank\">Segundo o Financial Times<\/a>, a empresa de Mark Zuckerberg concordou em pagar aos 29 estados um total de 16,68 mil milh\u00f5es de d\u00f3lares (14,3 mil milh\u00f5es de euros) para p\u00f4r um ponto final na batalha judicial, que <a href=\"https:\/\/observador.pt\/2026\/08\/19\/meta-em-julgamento-por-viciar-criancas-nas-redes-sociais-as-criancas-sao-um-produto-acusa-procuradora\/\" rel=\"nofollow noopener\" target=\"_blank\">j\u00e1 se encontrava em julgamento<\/a> na Calif\u00f3rnia.<\/p>\n<p>No contexto deste acordo, a Meta concordou ainda em impor limites di\u00e1rios e bloqueios noturnos para regular o uso das suas redes sociais por crian\u00e7as e adolescentes, bem como refor\u00e7ar as ferramentas digitais para proteger as crian\u00e7as e jovens nas redes e para garantir que os pais t\u00eam mais controlo sobre o conte\u00fado que os seus filhos consomem.<\/p>\n<p>Apesar de a empresa admitir pagar este valor, o Financial Times explicita que o acordo alcan\u00e7ado n\u00e3o inclui qualquer admiss\u00e3o por parte da Meta de qualquer comportamento errado.<\/p>\n<p>O advogado da Meta, C. J. Mahoney, confirmou que a empresa negociou um quadro jur\u00eddico que vai \u201cempoderar os pais\u201d e permitir-lhes \u201cgerir facilmente o modo como os seus filhos acedem \u00e0s nossas plataformas\u201d.<\/p>\n<p>Parte do acordo inclui o pagamento de 4,55 mil milh\u00f5es de euros sob a condi\u00e7\u00e3o de o YouTube e o TikTok concordarem em pagar o mesmo e implementarem medidas semelhantes. \u201cComo os adolescentes se movem fluidamente por entre dezenas de aplica\u00e7\u00f5es, precisamos de uma solu\u00e7\u00e3o de toda a ind\u00fastria\u201d, assinalou o advogado. Os pagamentos v\u00e3o ser distribu\u00eddos anualmente ao longo de 10 anos.<\/p>\n<blockquote class=\"wp-embedded-content\" data-secret=\"Qdv5Fw6ACp\">\n<p><a href=\"https:\/\/observador.pt\/2026\/08\/19\/meta-em-julgamento-por-viciar-criancas-nas-redes-sociais-as-criancas-sao-um-produto-acusa-procuradora\/\" rel=\"nofollow noopener\" target=\"_blank\">Meta em julgamento por viciar crian\u00e7as nas redes sociais. \u201cAs crian\u00e7as s\u00e3o um produto\u201d, acusa procuradora<\/a><\/p>\n<\/blockquote>\n<p dir=\"ltr\"><strong>[De regresso a Portugal, Carvalh\u00e3o Gil garante que n\u00e3o se vendeu aos russos e que nem sequer sabia que o homem com quem foi detido trabalhava para o SVR. Para ele, era s\u00f3 um \u201cparceiro de neg\u00f3cios\u201d. Mas as buscas \u00e0s casas do espi\u00e3o contam uma hist\u00f3ria diferente: a PJ encontra milhares de euros escondidos em casacos, gavetas e envelopes; dezenas de documentos secretos espalhados pelas v\u00e1rias divis\u00f5es; e at\u00e9 um rev\u00f3lver dissimulado numa estante. J\u00e1 est\u00e1 dispon\u00edvel o quinto epis\u00f3dio do novo Podcast Plus \u201cA Vida Dupla do Espi\u00e3o Traidor\u201d. Pode ouvir no <a href=\"https:\/\/observador.pt\/programas\/a-vida-dupla-do-espio-traidor\/episodio-5-um-maco-de-notas-verdes\/\" rel=\"nofollow noopener\" target=\"_blank\">site do Observador<\/a>, na<a href=\"https:\/\/podcasts.apple.com\/pt\/podcast\/epis%C3%B3dio-5-um-ma%C3%A7o-de-notas-verdes\/id6792864997?i=1000785615501\" rel=\"nofollow noopener\" target=\"_blank\"> Apple Podcasts<\/a>, no <a href=\"https:\/\/open.spotify.com\/episode\/0bV3kZduZPEtfcf406MUe0\" rel=\"nofollow noopener\" target=\"_blank\">Spotify <\/a>e no<a href=\"https:\/\/www.youtube.com\/watch?v=GuHo5ZaBCyk&amp;list=PLd6-ASW8hah4&amp;index=1\" rel=\"nofollow noopener\" target=\"_blank\"> YouTube<\/a>.]<\/strong><\/p>\n<p dir=\"ltr\"><a href=\"https:\/\/observador.pt\/programas\/a-vida-dupla-do-espio-traidor\/episodio-5-um-maco-de-notas-verdes\/\" rel=\"nofollow noopener\" target=\"_blank\"><\/p>\n<p>        <img src=\"https:\/\/www.europesays.com\/pt\/wp-content\/uploads\/2026\/08\/1787872179_789_770-a-vida-dupla-do-espiao-traidor-iconplay.png\" alt=\"\" loading=\"lazy\" decoding=\"async\" class=\"alignnone\" onload=\"this.parentElement.classList.remove('spinner')\" onerror=\"this.parentElement.classList.remove('spinner')\" width=\"770\" height=\"433\"\/>    <\/p>\n<p><\/a><\/p>\n","protected":false},"excerpt":{"rendered":"A Meta chegou a um acordo no valor de mais de 14 mil milh\u00f5es de euros para p\u00f4r&hellip;\n","protected":false},"author":2,"featured_media":503139,"comment_status":"","ping_status":"","sticky":false,"template":"","format":"standard","meta":{"footnotes":"","_share_on_mastodon":"0"},"categories":[8],"tags":[624,27,28,623,15,16,14,549,25,26,21,22,62,12,13,19,20,32,23,24,33,548,110,17,18,29,30,31],"class_list":["post-503138","post","type-post","status-publish","format-standard","has-post-thumbnail","category-principais-noticias","tag-amu00e9rica","tag-breaking-news","tag-breakingnews","tag-estados-unidos-da-amu00e9rica","tag-featured-news","tag-featurednews","tag-headlines","tag-internet","tag-latest-news","tag-latestnews","tag-main-news","tag-mainnews","tag-mundo","tag-news","tag-noticias","tag-noticias-principais","tag-noticiasprincipais","tag-portugal","tag-principais-noticias","tag-principaisnoticias","tag-pt","tag-redes-sociais","tag-tecnologia","tag-top-stories","tag-topstories","tag-ultimas","tag-ultimas-noticias","tag-ultimasnoticias"],"share_on_mastodon":{"url":"https:\/\/pubeurope.com\/@pt\/117169998088702010","error":""},"_links":{"self":[{"href":"https:\/\/www.europesays.com\/pt\/wp-json\/wp\/v2\/posts\/503138","targetHints":{"allow":["GET"]}}],"collection":[{"href":"https:\/\/www.europesays.com\/pt\/wp-json\/wp\/v2\/posts"}],"about":[{"href":"https:\/\/www.europesays.com\/pt\/wp-json\/wp\/v2\/types\/post"}],"author":[{"embeddable":true,"href":"https:\/\/www.europesays.com\/pt\/wp-json\/wp\/v2\/users\/2"}],"replies":[{"embeddable":true,"href":"https:\/\/www.europesays.com\/pt\/wp-json\/wp\/v2\/comments?post=503138"}],"version-history":[{"count":0,"href":"https:\/\/www.europesays.com\/pt\/wp-json\/wp\/v2\/posts\/503138\/revisions"}],"wp:featuredmedia":[{"embeddable":true,"href":"https:\/\/www.europesays.com\/pt\/wp-json\/wp\/v2\/media\/503139"}],"wp:attachment":[{"href":"https:\/\/www.europesays.com\/pt\/wp-json\/wp\/v2\/media?parent=503138"}],"wp:term":[{"taxonomy":"category","embeddable":true,"href":"https:\/\/www.europesays.com\/pt\/wp-json\/wp\/v2\/categories?post=503138"},{"taxonomy":"post_tag","embeddable":true,"href":"https:\/\/www.europesays.com\/pt\/wp-json\/wp\/v2\/tags?post=503138"}],"curies":[{"name":"wp","href":"https:\/\/api.w.org\/{rel}","templated":true}]}}