{"id":50315,"date":"2025-08-29T15:30:05","date_gmt":"2025-08-29T15:30:05","guid":{"rendered":"https:\/\/www.europesays.com\/pt\/50315\/"},"modified":"2025-08-29T15:30:05","modified_gmt":"2025-08-29T15:30:05","slug":"pai-de-ex-fc-porto-e-condenado-a-14-anos-por-duplo-homicidio","status":"publish","type":"post","link":"https:\/\/www.europesays.com\/pt\/50315\/","title":{"rendered":"Pai de ex-FC Porto \u00e9 condenado a 14 anos por duplo homic\u00eddio"},"content":{"rendered":"<p style=\"text-align: justify\">O pai do futebolista <a target=\"_blank\" class=\"editor-link autolink-enabled\" href=\"https:\/\/www.abola.pt\/futebol\/jogador\/felipe-anderson-4945\" data-resource-id=\"4945\" data-resource-type=\"player\" data-sport=\"football\" rel=\"nofollow noopener\">Felipe Anderson<\/a>, ex-<a target=\"_blank\" class=\"editor-link autolink-enabled\" href=\"https:\/\/www.abola.pt\/futebol\/fc-porto-451\" data-resource-id=\"451\" data-resource-type=\"team\" data-sport=\"football\" rel=\"nofollow noopener\">FC Porto<\/a> e atual jogador de Abel Ferreira no <a target=\"_blank\" class=\"editor-link autolink-enabled\" href=\"https:\/\/www.abola.pt\/futebol\/palmeiras-174\" data-resource-id=\"174\" data-resource-type=\"team\" data-sport=\"football\" rel=\"nofollow noopener\">Palmeiras<\/a>, foi considerado culpado de um duplo homic\u00eddio, cometido h\u00e1 mais de uma d\u00e9cada, a 12 de janeiro de 2015, segundo a imprensa brasileira.<\/p>\n<p style=\"text-align: justify\">O Tribunal do J\u00fari de Santa Maria, no Distrito Federal, condenou Sebasti\u00e3o Tom\u00e9 Gomes a 14 anos de pris\u00e3o num estabelecimento de seguran\u00e7a m\u00e9dia ou m\u00e1xima. Um tri\u00e2ngulo amoroso foi o motivo para o crime: atropelou e matou Bruno Santos da Silva, que tamb\u00e9m tinha uma rela\u00e7\u00e3o com Salmeriza Alves Pugas, e ainda Noeme Caldeira Gomes.<\/p>\n<p style=\"text-align: justify\">Bruno estava a conduzir uma moto na altura do acidente e n\u00e3o resistiu aos ferimentos. Na sequ\u00eancia da colis\u00e3o, o carro do pai de <a class=\"autolink-enabled\" data-resource-id=\"4945\" data-resource-type=\"player\" data-sport=\"football\" href=\"https:\/\/www.abola.pt\/futebol\/jogador\/felipe-anderson-4945\" rel=\"nofollow noopener\" target=\"_blank\">Felipe Anderson<\/a> ainda atingiu uma mulher, de 61 anos, que dormia na sua casa. Horas depois do sucedido, ter\u00e1 mandado uma mensagem para Salmeriza com a seguinte palavra: \u00abMatei.\u00bb<\/p>\n<p style=\"text-align: justify\">Sebasti\u00e3o chegou a ser preso ap\u00f3s o caso, mas foi libertado quatro dias depois e foi autorizado pela Justi\u00e7a a aguardar a conclus\u00e3o do processo em liberdade. Durante o julgamento, o acusado afirmou que n\u00e3o queria atropelar ningu\u00e9m, mas que o acidente aconteceu porque \u00aba pista acabou e tinha um buraco\u00bb no caminho.<\/p>\n<p style=\"text-align: justify\">Em 2023, foi condenado por duplo homic\u00eddio, mas a defesa conseguiu anular o j\u00fari. Um novo julgamento foi marcado para esta quinta-feira e um mandato de pris\u00e3o foi expedido ap\u00f3s a nova senten\u00e7a para ser cumprida a pena de imediato.<\/p>\n","protected":false},"excerpt":{"rendered":"O pai do futebolista Felipe Anderson, ex-FC Porto e atual jogador de Abel Ferreira no Palmeiras, foi considerado&hellip;\n","protected":false},"author":2,"featured_media":50316,"comment_status":"","ping_status":"","sticky":false,"template":"","format":"standard","meta":{"footnotes":""},"categories":[50],"tags":[27,28,15,16,14,25,26,21,22,62,12,13,19,20,23,24,17,18,29,30,31,63,64,65],"class_list":{"0":"post-50315","1":"post","2":"type-post","3":"status-publish","4":"format-standard","5":"has-post-thumbnail","7":"category-mundo","8":"tag-breaking-news","9":"tag-breakingnews","10":"tag-featured-news","11":"tag-featurednews","12":"tag-headlines","13":"tag-latest-news","14":"tag-latestnews","15":"tag-main-news","16":"tag-mainnews","17":"tag-mundo","18":"tag-news","19":"tag-noticias","20":"tag-noticias-principais","21":"tag-noticiasprincipais","22":"tag-principais-noticias","23":"tag-principaisnoticias","24":"tag-top-stories","25":"tag-topstories","26":"tag-ultimas","27":"tag-ultimas-noticias","28":"tag-ultimasnoticias","29":"tag-world","30":"tag-world-news","31":"tag-worldnews"},"share_on_mastodon":{"url":"","error":""},"_links":{"self":[{"href":"https:\/\/www.europesays.com\/pt\/wp-json\/wp\/v2\/posts\/50315","targetHints":{"allow":["GET"]}}],"collection":[{"href":"https:\/\/www.europesays.com\/pt\/wp-json\/wp\/v2\/posts"}],"about":[{"href":"https:\/\/www.europesays.com\/pt\/wp-json\/wp\/v2\/types\/post"}],"author":[{"embeddable":true,"href":"https:\/\/www.europesays.com\/pt\/wp-json\/wp\/v2\/users\/2"}],"replies":[{"embeddable":true,"href":"https:\/\/www.europesays.com\/pt\/wp-json\/wp\/v2\/comments?post=50315"}],"version-history":[{"count":0,"href":"https:\/\/www.europesays.com\/pt\/wp-json\/wp\/v2\/posts\/50315\/revisions"}],"wp:featuredmedia":[{"embeddable":true,"href":"https:\/\/www.europesays.com\/pt\/wp-json\/wp\/v2\/media\/50316"}],"wp:attachment":[{"href":"https:\/\/www.europesays.com\/pt\/wp-json\/wp\/v2\/media?parent=50315"}],"wp:term":[{"taxonomy":"category","embeddable":true,"href":"https:\/\/www.europesays.com\/pt\/wp-json\/wp\/v2\/categories?post=50315"},{"taxonomy":"post_tag","embeddable":true,"href":"https:\/\/www.europesays.com\/pt\/wp-json\/wp\/v2\/tags?post=50315"}],"curies":[{"name":"wp","href":"https:\/\/api.w.org\/{rel}","templated":true}]}}