{"id":503154,"date":"2026-08-27T23:31:09","date_gmt":"2026-08-27T23:31:09","guid":{"rendered":"https:\/\/www.europesays.com\/pt\/503154\/"},"modified":"2026-08-27T23:31:09","modified_gmt":"2026-08-27T23:31:09","slug":"nao-adianta-so-viver-mais-precisamos-colocar-mais-vida-nos-anos-diz-medico-americano-expert-em-ia","status":"publish","type":"post","link":"https:\/\/www.europesays.com\/pt\/503154\/","title":{"rendered":"N\u00e3o adianta s\u00f3 viver mais: precisamos colocar mais vida nos anos, diz m\u00e9dico americano expert em IA"},"content":{"rendered":"<p><img  loading=\"lazy\" class=\"lazy-load-img\"\/>Foto: divulga\u00e7\u00e3o\/Afya<\/p>\n<p>Daniel Kraftm\u00e9dico, fundador da Exponential Medicine e criador da plataforma Digital.Health<\/p>\n<p>Vivemos mais, mas nem sempre esses anos a mais v\u00eam acompanhados de sa\u00fade. \u00c9 a partir dessa preocupa\u00e7\u00e3o que ganha for\u00e7a o conceito de healthspan \u2014 a expectativa de vida saud\u00e1vel \u2014, que prop\u00f5e deslocar o foco da <a href=\"https:\/\/www.estadao.com.br\/tudo-sobre\/longevidade\/\" target=\"_blank\" rel=\"nofollow noopener\" title=\"https:\/\/www.estadao.com.br\/tudo-sobre\/longevidade\/\">longevidade<\/a> pura e simples para a qualidade dos anos vividos. O m\u00e9dico americano Daniel Kraft, refer\u00eancia em inova\u00e7\u00e3o em sa\u00fade, \u00e9 um defensor desse conceito.<\/p>\n<p>Nada de f\u00f3rmulas m\u00e1gicas ou promessas de rejuvenescimento instant\u00e2neo \u2014 o que realmente funciona \u00e9 aquilo que a ci\u00eancia j\u00e1 valida h\u00e1 d\u00e9cadas, somado \u00e0 preven\u00e7\u00e3o e \u00e0 detec\u00e7\u00e3o precoce de doen\u00e7as, diz Kraft. Formado pela Stanford University, com treinamento em pediatria e oncologia, ele lidera discuss\u00f5es internacionais sobre <a href=\"https:\/\/www.estadao.com.br\/tudo-sobre\/inteligencia-artificial\/\" target=\"_blank\" rel=\"nofollow noopener\" title=\"https:\/\/www.estadao.com.br\/tudo-sobre\/inteligencia-artificial\/\">intelig\u00eancia artificial<\/a>, biotecnologia, sa\u00fade digital e o futuro da assist\u00eancia m\u00e9dica. <\/p>\n<p>Entre os pilares para alcan\u00e7ar o healthspan, o b\u00e1sico bem feito \u2014 <a href=\"https:\/\/www.estadao.com.br\/pulsa\/corpo-em-movimento\/\" target=\"_blank\" rel=\"nofollow noopener\" title=\"https:\/\/www.estadao.com.br\/pulsa\/corpo-em-movimento\/\">exerc\u00edcio<\/a>, <a href=\"https:\/\/www.estadao.com.br\/tudo-sobre\/sono\" target=\"_blank\" rel=\"nofollow noopener\" title=\"https:\/\/www.estadao.com.br\/tudo-sobre\/sono\">sono<\/a>, <a href=\"https:\/\/www.estadao.com.br\/pulsa\/nutricao\/\" target=\"_blank\" rel=\"nofollow noopener\" title=\"https:\/\/www.estadao.com.br\/pulsa\/nutricao\/\">nutri\u00e7\u00e3o<\/a>, senso de comunidade e prop\u00f3sito \u2014 continua sendo o mais importante, mesmo em meio a novas tecnologias promissoras, ele diz.<\/p>\n<p class=\"pullquote-text\">Healthspan \u00e9 colocar mais vida nos seus anos, e n\u00e3o apenas mais anos em n\u00famero<\/p>\n<p class=\"citation-content\"><b>Daniel Kraft, m\u00e9dico, fundador da Exponential Medicine e criador da plataforma Digital.Health<\/b><\/p>\n<p data-component-name=\"paragraph\" class=\"styles__ParagraphStyled-sc-6adecn-0 fVfMho theme-default  theme-pulsa\">Sobre uma parcela das novas tecnologias, o m\u00e9dico alerta para um fen\u00f4meno crescente nos Estados Unidos que encontra espa\u00e7o tamb\u00e9m no Brasil: o charlatanismo disfar\u00e7ado de ci\u00eancia, que circula especialmente nas redes sociais. \u201cAt\u00e9 m\u00e9dicos promovem essas tecnologias muito antes de serem comprovadas ou terem evid\u00eancia cl\u00ednica relevante que as sustente.\u201d <\/p>\n<p data-component-name=\"paragraph\" class=\"styles__ParagraphStyled-sc-6adecn-0 fVfMho theme-default  theme-pulsa\">Ao mesmo tempo, pondera, h\u00e1 \u00e1reas da ci\u00eancia que est\u00e3o ficando \u201cmuito empolgantes\u201d com ajuda da intelig\u00eancia artificial. Para ele, a IA promete democratizar o acesso \u00e0 sa\u00fade, personalizar diagn\u00f3sticos e tratamentos, al\u00e9m de acelerar avan\u00e7os como as vacinas personalizadas contra o <a href=\"https:\/\/www.estadao.com.br\/tudo-sobre\/cancer\/\" target=\"_blank\" rel=\"nofollow noopener\" title=\"https:\/\/www.estadao.com.br\/tudo-sobre\/cancer\/\">c\u00e2ncer<\/a>. <\/p>\n<p data-component-name=\"paragraph\" class=\"styles__ParagraphStyled-sc-6adecn-0 fVfMho theme-default  theme-pulsa\">Mas isso n\u00e3o chega sem riscos: dados de treinamento pouco diversos, informa\u00e7\u00f5es m\u00e9dicas incorretas replicadas em escala e a tenta\u00e7\u00e3o de substituir o julgamento cl\u00ednico humano por respostas de IA automatizadas e \u201cbajuladoras\u201d.<\/p>\n<p data-component-name=\"paragraph\" class=\"styles__ParagraphStyled-sc-6adecn-0 fVfMho theme-default  theme-pulsa\">Kraft est\u00e1 no Brasil para palestrar no <a href=\"https:\/\/portal.afya.com.br\/summit\" target=\"_blank\" rel=\"nofollow noopener\" title=\"https:\/\/portal.afya.com.br\/summit\">Afya Summit<\/a> sobre as tecnologias e transforma\u00e7\u00f5es que est\u00e3o redefinindo a sa\u00fade. Veja a entrevista concedida pelo cientista ao <strong>Pulsa<\/strong>:<\/p>\n<p><img  loading=\"lazy\" class=\"lazy-load-img\"\/><\/p>\n<p>Daniel Kraft \u00e9 fundador da Exponential Medicine e criador da plataforma Digital.Health\u00a0Foto:  Divulga\u00e7\u00e3o\/A<\/p>\n<p>O que \u00e9 o conceito de healthspan que voc\u00ea defende e por que ele \u00e9 mais importante do que a expectativa de vida em si?<\/p>\n<p data-component-name=\"paragraph\" class=\"styles__ParagraphStyled-sc-6adecn-0 fVfMho theme-default  theme-pulsa\">Hoje existe muito interesse em longevidade. E longevidade significa, basicamente, o n\u00famero de anos que voc\u00ea vive. Mas sabemos que, para muitas pessoas, os \u00faltimos 20, 30 anos de suas vidas podem ser de qualidade muito baixa. Ent\u00e3o, existe essa ideia de qualidade de vida e de healthspan (expectativa de vida saud\u00e1vel), ou seja, colocar mais vida nos seus anos, e n\u00e3o apenas mais anos em n\u00famero. <\/p>\n<p data-component-name=\"paragraph\" class=\"styles__ParagraphStyled-sc-6adecn-0 fVfMho theme-default  theme-pulsa\">Eu acho que o objetivo para todo mundo na sociedade \u00e9 melhorar o nosso healthspan e diminuir o nosso adoecimento, para que eventualmente possamos viver at\u00e9 os 110, 120 anos \u2014 mas quando estivermos com 110, n\u00e3o vamos sentir como se tiv\u00e9ssemos 110. Talvez sejamos t\u00e3o ativos e cognitivamente capazes quanto \u00e9ramos aos 50 ou 60 anos. Ent\u00e3o, o conceito \u00e9 comprimir o adoecimento e a mortalidade para que vivamos uma vida longa e saud\u00e1vel, e que n\u00e3o fique presa a esse elemento de doen\u00e7a que muitas pessoas enfrentam nos \u00faltimos anos de vida.<\/p>\n<p>E o que podemos fazer para alcan\u00e7ar isso?<\/p>\n<p data-component-name=\"paragraph\" class=\"styles__ParagraphStyled-sc-6adecn-0 fVfMho theme-default  theme-pulsa\">A <a href=\"https:\/\/www.estadao.com.br\/tudo-sobre\/genetica\" target=\"_blank\" rel=\"nofollow noopener\" title=\"https:\/\/www.estadao.com.br\/tudo-sobre\/genetica\">gen\u00e9tica<\/a> certamente pode afetar sua sa\u00fade e seu healthspan. Mas h\u00e1 muitas coisas que voc\u00ea pode fazer, principalmente atrav\u00e9s do estilo de vida, que realmente podem estender seus anos saud\u00e1veis e prevenir o risco de v\u00e1rias doen\u00e7as. E essas coisas n\u00e3o s\u00e3o t\u00e3o \u201csexy\u201d: exerc\u00edcio, sono, nutri\u00e7\u00e3o, comunidade e senso de prop\u00f3sito. Esses s\u00e3o, \u00e0s vezes, os melhores rem\u00e9dios \u2014 particularmente exerc\u00edcio e dieta s\u00e3o provavelmente os mais impactantes. N\u00e3o se trata de tomar alguma p\u00edlula m\u00e1gica ou \u201cterapia de luz vermelha\u201d que vai estender nossa vida, e sim de fazer essas coisas que se somam ao longo dos anos e que, espero, poderemos projetar para nossa sociedade, nossas escolas, nossa sa\u00fade p\u00fablica. <\/p>\n<p data-component-name=\"paragraph\" class=\"styles__ParagraphStyled-sc-6adecn-0 fVfMho theme-default  theme-pulsa\">Falando em sa\u00fade p\u00fablica, sabemos que o que mais contribuiu para nossa longevidade e nossa sa\u00fade n\u00e3o foi modifica\u00e7\u00e3o gen\u00e9tica nem alguma imunoterapia fant\u00e1stica. Foram as <a href=\"https:\/\/www.estadao.com.br\/tudo-sobre\/vacinacao\/\" target=\"_blank\" rel=\"nofollow noopener\" title=\"https:\/\/www.estadao.com.br\/tudo-sobre\/vacinacao\/\">vacinas<\/a> e o saneamento b\u00e1sico, \u00e1gua limpa, que previnem doen\u00e7as antes que as tenhamos. <\/p>\n<p>Leia tamb\u00e9m<\/p>\n<p>Ent\u00e3o voc\u00ea acredita que apenas adotar um estilo de vida saud\u00e1vel \u2014 inegavelmente importante \u2014 \u00e9 suficiente para ultrapassar 100 anos de idade vivendo bem? Existe alguma tecnologia que, junto ao \u201cb\u00e1sico bem feito\u201d, pode acelerar isso? <\/p>\n<p data-component-name=\"paragraph\" class=\"styles__ParagraphStyled-sc-6adecn-0 fVfMho theme-default  theme-pulsa\">O b\u00e1sico j\u00e1 \u00e9 dif\u00edcil de fazer bem, e n\u00e3o \u00e9 a mesma coisa para todo mundo. Algumas pessoas t\u00eam certos riscos e talvez precisem ser rastreadas de forma diferente. Ent\u00e3o, parte de viver uma vida saud\u00e1vel \u00e9 a preven\u00e7\u00e3o e a detec\u00e7\u00e3o precoce. Preste aten\u00e7\u00e3o em ser proativo quanto \u00e0 sua sa\u00fade. \u00c0s vezes se trata de saber que voc\u00ea est\u00e1 em risco e ser proativo, fazer seu check-up anual, seus exames de rastreamento. Muitas pessoas est\u00e3o desenvolvendo doen\u00e7as e morrendo quando poderiam t\u00ea-las prevenido, se tivessem feito uma <a href=\"https:\/\/www.estadao.com.br\/tudo-sobre\/mamografia\/\" target=\"_blank\" rel=\"nofollow noopener\" title=\"https:\/\/www.estadao.com.br\/tudo-sobre\/mamografia\/\">mamografia<\/a> ou <a href=\"https:\/\/www.estadao.com.br\/pulsa\/medicina-e-estudos\/colonoscopia-o-que-e-e-como-e-feito-o-exame-que-detecta-cancer-colorretal-como-o-de-preta-gil-nprm\/\" target=\"_blank\" rel=\"nofollow noopener\" title=\"https:\/\/www.estadao.com.br\/pulsa\/medicina-e-estudos\/colonoscopia-o-que-e-e-como-e-feito-o-exame-que-detecta-cancer-colorretal-como-o-de-preta-gil-nprm\/\">colonoscopia<\/a>. <\/p>\n<p class=\"ads-placeholder-label\">CONTiNUA AP\u00d3S PUBLICIDADE<\/p>\n<p>Cada vez mais, vamos caminhar para uma esp\u00e9cie de healthspan de precis\u00e3o: o que vai ser bom para uma pessoa \u00e9 bem diferente do que vai ser bom para outra, dependendo da idade, localiza\u00e7\u00e3o, personalidade e gen\u00e9tica de cada um. E novas tecnologias \u2014 da gen\u00f4mica \u00e0 medi\u00e7\u00e3o de onde voc\u00ea viveu, ao que foi exposto, com quem convive, at\u00e9 o que voc\u00ea consome nas redes sociais e que pol\u00edtica segue \u2014 todos esses fatores podem contribuir de formas diferentes (para o seu healthspan). <\/p>\n<p>De que forma o consumo das m\u00eddias sociais impacta a longevidade?<\/p>\n<p>Eu diria que <a href=\"https:\/\/www.estadao.com.br\/pulsa\/medicina-e-estudos\/fake-news-em-saude-podem-matar-e-combate-nao-pode-ser-simplista-alertam-especialistas\/\" target=\"_blank\" rel=\"nofollow noopener\" title=\"https:\/\/www.estadao.com.br\/pulsa\/medicina-e-estudos\/fake-news-em-saude-podem-matar-e-combate-nao-pode-ser-simplista-alertam-especialistas\/\">a informa\u00e7\u00e3o \u00e9 um instrumento social de sa\u00fade, incluindo a desinforma\u00e7\u00e3o<\/a>. Nos Estados Unidos, durante a pandemia, pod\u00edamos ver, pelo c\u00f3digo postal, que \u00e1reas muito republicanas eram, em muitos casos, resistentes a m\u00e1scaras e vacinas. A mortalidade delas era muito mais alta do que em \u00e1reas mais democratas, onde as pessoas prestavam aten\u00e7\u00e3o nas medidas de sa\u00fade p\u00fablica e se vacinavam. Ent\u00e3o, a informa\u00e7\u00e3o pode ser um elemento muito importante, e a desinforma\u00e7\u00e3o pode ser muito poderosa tamb\u00e9m, n\u00e3o s\u00f3 para sua vida individual, mas para sua comunidade, seu pa\u00eds.<\/p>\n<p>Hoje, quando falamos de tecnologia, parece que estamos falando sempre de IA. Onde a IA realmente entrega benef\u00edcios para o sistema de sa\u00fade?<\/p>\n<p data-component-name=\"paragraph\" class=\"styles__ParagraphStyled-sc-6adecn-0 fVfMho theme-default  theme-pulsa\">Intelig\u00eancia artificial n\u00e3o \u00e9 nova, mas est\u00e1 em sua fase exponencial agora e realmente est\u00e1 come\u00e7ando a se integrar em praticamente todas as partes da cadeia de cuidados da sa\u00fade \u2014 desde bem-estar e preven\u00e7\u00e3o, passando pelo healthspan, at\u00e9 melhores diagn\u00f3sticos, terapia mais personalizada e sa\u00fade p\u00fablica e global. \u00c9 um campo muito amplo, mas o que acho mais empolgante \u00e9 que est\u00e1 come\u00e7ando a democratizar o acesso \u00e0 informa\u00e7\u00e3o de sa\u00fade para qualquer pessoa. Voc\u00ea vai ter, no seu celular, seu m\u00e9dico de sa\u00fade pessoal, que sabe sobre voc\u00ea desde seu nascimento. Ele pode saber sua gen\u00f4mica, seus dados digitais da sua camiseta inteligente, ter seus prontu\u00e1rios m\u00e9dicos, saber seu tipo de personalidade e como te dar aquele empurr\u00e3ozinho para ir \u00e0 academia em vez de comer uma bolacha. <\/p>\n<p class=\"pullquote-text\">A informa\u00e7\u00e3o \u00e9 um instrumento social de sa\u00fade<\/p>\n<p class=\"citation-content\"><b>Daniel Kraft, m\u00e9dico, fundador da Exponential Medicine e criador da plataforma Digital.Health<\/b><\/p>\n<p>E o desafio com a sa\u00fade \u00e9 que ela \u00e9 muito dif\u00edcil de acessar, especialmente em partes do Brasil, em cidades rurais, na Amaz\u00f4nia, onde \u00e9 preciso percorrer longas dist\u00e2ncias para ver um m\u00e9dico \u2014 se \u00e9 que h\u00e1 um m\u00e9dico dispon\u00edvel. H\u00e1 uma oportunidade real de engajar mais as pessoas na sua sa\u00fade e, ent\u00e3o, quando elas tiverem um problema m\u00e9dico, em vez de trat\u00e1-las como um paciente m\u00e9dio, realmente vamos entender o que vai ser melhor em um n\u00edvel altamente pessoal e de precis\u00e3o. Porque muitas terapias que fazemos s\u00e3o meio iguais para todos. (Com a IA), baseado na sua gen\u00e9tica, no seu proteoma, no seu peso e no seu estilo de vida, poder\u00edamos escolher algo bem diferente, espec\u00edfico para voc\u00ea. <\/p>\n<p>Ter acesso a informa\u00e7\u00f5es de sa\u00fade que parecem confi\u00e1veis sem o interm\u00e9dio de um profissional habilitado tamb\u00e9m \u00e9 um grande risco. Aqui, no Brasil, um caso deixa isso claro: uma reportagem do Sleeping Giants perguntou a v\u00e1rios chatbots de IA d\u00favidas sobre vacina\u00e7\u00e3o, incluindo pedidos de argumentos para um pai n\u00e3o vacinar o filho, e muitas plataformas apresentaram respostas que colocam em cheque a imuniza\u00e7\u00e3o.<\/p>\n<p>Este \u00e9 um \u00f3timo ponto: a IA n\u00e3o \u00e9 perfeita, e n\u00e3o pense que ser\u00e1 perfeita no futuro. Depende de quem a treinou, de quais dados ela tem, de que diretrizes e prompts voc\u00ea usa. Frequentemente ela pode ser muito bajuladora e quer agradar o usu\u00e1rio, como quem diz: \u201cVoc\u00ea \u00e9 t\u00e3o inteligente, voc\u00ea est\u00e1 certo\u201d. Ent\u00e3o, precisamos que nossas solu\u00e7\u00f5es de IA \u2014 algumas delas j\u00e1 est\u00e3o sendo reguladas \u2014 n\u00e3o sejam apenas seguras, mas tamb\u00e9m eficazes para os pacientes, m\u00e9dicos e enfermeiros que as usam. E, em alguns casos, precisamos fazer testes: ser\u00e1 que essa aplica\u00e7\u00e3o ou plataforma de IA salva e melhora a sa\u00fade, economiza dinheiro e melhora a experi\u00eancia? Precisamos medir essas coisas. <\/p>\n<p>Muitas pessoas est\u00e3o colocando IA na sa\u00fade com muito entusiasmo e achando que vai ser \u00fatil, mas, em alguns casos, ainda pode ser perigoso \u2014 voc\u00ea pode receber a dose errada, o tipo errado de rem\u00e9dio ou a cirurgia errada. <\/p>\n<p class=\"pullquote-text\">A IA n\u00e3o \u00e9 perfeita, depende de quem a treinou, de quais dados ela tem, de que diretrizes e prompts voc\u00ea usa. Frequentemente ela pode ser muito bajuladora, quer agradar o usu\u00e1rio. Em alguns casos, pode ser perigoso. <\/p>\n<p class=\"citation-content\"><b>Daniel Kraft, m\u00e9dico, fundador da Exponential Medicine e criador da plataforma Digital.Health<\/b><\/p>\n<p>E quanto ao risco de profissionais perderem a criticidade e a capacidade de julgamento pr\u00f3prio, como podemos evitar isso?<\/p>\n<p data-component-name=\"paragraph\" class=\"styles__ParagraphStyled-sc-6adecn-0 fVfMho theme-default  theme-pulsa\">\u00c9 um desafio: como n\u00e3o perdemos a habilidade e passamos a usar a tecnologia sem usar nosso pr\u00f3prio c\u00e9rebro? Sam Altman, cofundador da OpenAI, disse que o GPT \u00e9 como uma bicicleta para a mente \u2014 deixa mais f\u00e1cil, voc\u00ea n\u00e3o precisa pedalar t\u00e3o forte. Mas o problema \u00e9: e se seus filhos nunca aprenderem a andar de bicicleta de verdade? Ou nunca desenvolverem o m\u00fasculo da bicicleta? Ou um estudante de medicina nunca aprender a construir um diagn\u00f3stico diferencial sozinho? H\u00e1 certas coisas que n\u00e3o podemos deixar de ter. Ent\u00e3o eu acho que queremos melhorar o lado humano da sa\u00fade, mas aproveitar a tecnologia, incluindo a IA, de formas inteligentes para melhorar a sa\u00fade de todos. <\/p>\n<p>Voc\u00ea \u00e9 c\u00e9tico em rela\u00e7\u00e3o a algo no mercado de longevidade hoje?<\/p>\n<p data-component-name=\"paragraph\" class=\"styles__ParagraphStyled-sc-6adecn-0 fVfMho theme-default  theme-pulsa\">H\u00e1 um grande desafio hoje, em que muitas pessoas recebem informa\u00e7\u00e3o sobre sa\u00fade e longevidade de influenciadores. Essas s\u00e3o as pessoas a quem voc\u00ea deveria recorrer para conselhos de sa\u00fade? N\u00e3o. Muitas vezes elas est\u00e3o tentando te vender algo improv\u00e1vel, em alguns casos charlatanismo, que n\u00e3o tem quase nenhum valor e pode at\u00e9 ser perigoso. Terapia de c\u00e9lulas-tronco, exossomos, terapia de luz vermelha, pept\u00eddeos, suplementos, NAD&#8230; H\u00e1 uma lista longa, infelizmente. Muita gente est\u00e1 empurrando coisas que ainda n\u00e3o foram comprovadas, que ainda n\u00e3o passaram por ensaios cl\u00ednicos. \u00c0s vezes, at\u00e9 m\u00e9dicos promovem essas tecnologias muito antes de serem comprovadas ou terem evid\u00eancia cl\u00ednica relevante que as sustente. <\/p>\n<p data-component-name=\"paragraph\" class=\"styles__ParagraphStyled-sc-6adecn-0 fVfMho theme-default  theme-pulsa\">Ao mesmo tempo, parte da ci\u00eancia est\u00e1 ficando muito empolgante, principalmente em modelos animais, onde conseguimos fazer c\u00e9lulas ficarem \u201cmais jovens\u201d, ou aprender a aproveitar at\u00e9 vacinas j\u00e1 existentes. Um exemplo que mostra essas coisas se unindo: tecnologias avan\u00e7adas, como vacinas de mRNA, catalisadas pela pandemia, est\u00e3o sendo aplicadas a vacinas personalizadas contra c\u00e2ncer, como mostrou um estudo publicado pela Moderna em parceria com a Merck. Nele, testaram o Keytruda, um medicamento que frequentemente \u201clibera o freio\u201d do sistema imunol\u00f3gico contra o c\u00e2ncer em combina\u00e7\u00e3o <a href=\"https:\/\/www.estadao.com.br\/brasil\/estadao-podcasts\/noticia-no-seu-tempo-farmaceuticas-anunciam-que-vacina-contra-cancer-de-pele-e-eficaz-acoes-disparam\/?srsltid=AfmBOopfEPeR8t0Dc6asP3R3qbn_jftj1bBv6RPoayDNL6gLsXBY-xp9\" target=\"_blank\" rel=\"noreferrer nofollow noopener\" title=\"https:\/\/www.estadao.com.br\/brasil\/estadao-podcasts\/noticia-no-seu-tempo-farmaceuticas-anunciam-que-vacina-contra-cancer-de-pele-e-eficaz-acoes-disparam\/?srsltid=AfmBOopfEPeR8t0Dc6asP3R3qbn_jftj1bBv6RPoayDNL6gLsXBY-xp9\"><strong>com vacinas personalizadas para pacientes que tiveram melanoma (c\u00e2ncer de pele)<\/strong><\/a>. Ent\u00e3o, usando IA e sequenciamento, conseguiram desenvolver uma vacina para cada paciente, com base na infraestrutura de mRNA que foi acelerada e constru\u00edda durante a pandemia da covid-19. E os resultados s\u00e3o bastante impressionantes, de verdade. Esse \u00e9 o come\u00e7o n\u00e3o s\u00f3 de uma nova forma de tratar c\u00e2ncer de pele, mas talvez de uma plataforma para muitos outros c\u00e2nceres \u2014 como de pulm\u00e3o, ovariano, mama e al\u00e9m.<\/p>\n<p data-component-name=\"paragraph\" class=\"styles__ParagraphStyled-sc-6adecn-0 fVfMho theme-default  theme-pulsa\">Ent\u00e3o, h\u00e1 um equil\u00edbrio entre estar animado para promover sa\u00fade e longevidade, sem deixar que as pessoas te vendam coisas que s\u00e3o imprevis\u00edveis e, em alguns casos, perigosas.<\/p>\n<p>Leia tamb\u00e9m<\/p>\n<p>Em que a IA nunca vai conseguir substituir os m\u00e9dicos e demais profissionais da sa\u00fade?<\/p>\n<p data-component-name=\"paragraph\" class=\"styles__ParagraphStyled-sc-6adecn-0 fVfMho theme-default  theme-pulsa\">O que a IA realmente ainda n\u00e3o faz \u00e9 substituir a rela\u00e7\u00e3o cl\u00ednica humana, que pode ser muito terap\u00eautica. Se eu sou seu m\u00e9dico, mesmo que eu te veja s\u00f3 uma vez por ano, n\u00f3s temos uma rela\u00e7\u00e3o. E mesmo se eu usar ferramentas de IA para te avaliar, voc\u00ea vai estar muito mais engajado na sua sa\u00fade se souber que tem um profissional cuidando de voc\u00ea. Precisamos usar tecnologia, incluindo IA, para potencializar o lado humano da sa\u00fade \u2014 minha capacidade de estar em contato com voc\u00ea, de passar tempo cara a cara na cl\u00ednica, em vez de ficar escrevendo prontu\u00e1rio. Isso pode ser uma parte poderosa da medicina \u2014 podemos deixar a tecnologia fazer as partes em que nosso c\u00e9rebro n\u00e3o \u00e9 t\u00e3o bom, como saber cada exame. <\/p>\n<p>As inova\u00e7\u00f5es podem empolgar, mas ir\u00e3o chegar aos sistemas p\u00fablicos de sa\u00fade, como o SUS aqui no Brasil, ou v\u00e3o ficar limitadas a quem pode pagar do pr\u00f3prio bolso? <\/p>\n<p data-component-name=\"paragraph\" class=\"styles__ParagraphStyled-sc-6adecn-0 fVfMho theme-default  theme-pulsa\">As tecnologias v\u00e3o ajudar a democratizar e, tenho esperan\u00e7a, melhorar a sa\u00fade e a medicina no mundo todo, trazendo, no fim, melhores resultados a um custo menor \u2014 porque sabemos que, com a trajet\u00f3ria de crescimento populacional em muitos pa\u00edses, e com o custo da sa\u00fade representando quase 20% do PIB dos Estados Unidos, \u00e9 insustent\u00e1vel continuar nesse caminho. <\/p>\n<p data-component-name=\"paragraph\" class=\"styles__ParagraphStyled-sc-6adecn-0 fVfMho theme-default  theme-pulsa\">Muitas tecnologias come\u00e7am caras, mas, depois, ficam muito mais dispon\u00edveis e baratas. Dado que muitas dessas tecnologias est\u00e3o chegando \u00e0s m\u00e3os de todos, isso pode realmente tornar o acesso \u00e0 sa\u00fade poss\u00edvel a qualquer momento, em qualquer lugar, para qualquer pessoa. No SUS, voc\u00ea pode ser mais inteligente em levar cuidado at\u00e9 uma igreja, uma casa de repouso, uma escola, uma barbearia. Isso significa que, em vez de dar formul\u00e1rios de papel \u00e0s pessoas ou faz\u00ea-las esperar em filas, elas podem ter seu pr\u00f3prio agente de sa\u00fade (digital), o que pode ajud\u00e1-las a receber ajuda quando precisam, com uma interface de usu\u00e1rio melhor. Mas isso precisa ser hiperlocal \u2014 o que funciona em S\u00e3o Paulo pode n\u00e3o funcionar no Rio e em Nova York. <\/p>\n","protected":false},"excerpt":{"rendered":"Foto: divulga\u00e7\u00e3o\/Afya Daniel Kraftm\u00e9dico, fundador da Exponential Medicine e criador da plataforma Digital.Health Vivemos mais, mas nem sempre&hellip;\n","protected":false},"author":2,"featured_media":503155,"comment_status":"","ping_status":"","sticky":false,"template":"","format":"standard","meta":{"footnotes":"","_share_on_mastodon":"0"},"categories":[86],"tags":[116,32,33,1711,117],"class_list":["post-503154","post","type-post","status-publish","format-standard","has-post-thumbnail","category-saude","tag-health","tag-portugal","tag-pt","tag-sample","tag-saude"],"share_on_mastodon":{"url":"https:\/\/pubeurope.com\/@pt\/117170083210701969","error":""},"_links":{"self":[{"href":"https:\/\/www.europesays.com\/pt\/wp-json\/wp\/v2\/posts\/503154","targetHints":{"allow":["GET"]}}],"collection":[{"href":"https:\/\/www.europesays.com\/pt\/wp-json\/wp\/v2\/posts"}],"about":[{"href":"https:\/\/www.europesays.com\/pt\/wp-json\/wp\/v2\/types\/post"}],"author":[{"embeddable":true,"href":"https:\/\/www.europesays.com\/pt\/wp-json\/wp\/v2\/users\/2"}],"replies":[{"embeddable":true,"href":"https:\/\/www.europesays.com\/pt\/wp-json\/wp\/v2\/comments?post=503154"}],"version-history":[{"count":0,"href":"https:\/\/www.europesays.com\/pt\/wp-json\/wp\/v2\/posts\/503154\/revisions"}],"wp:featuredmedia":[{"embeddable":true,"href":"https:\/\/www.europesays.com\/pt\/wp-json\/wp\/v2\/media\/503155"}],"wp:attachment":[{"href":"https:\/\/www.europesays.com\/pt\/wp-json\/wp\/v2\/media?parent=503154"}],"wp:term":[{"taxonomy":"category","embeddable":true,"href":"https:\/\/www.europesays.com\/pt\/wp-json\/wp\/v2\/categories?post=503154"},{"taxonomy":"post_tag","embeddable":true,"href":"https:\/\/www.europesays.com\/pt\/wp-json\/wp\/v2\/tags?post=503154"}],"curies":[{"name":"wp","href":"https:\/\/api.w.org\/{rel}","templated":true}]}}