{"id":503160,"date":"2026-08-27T23:38:42","date_gmt":"2026-08-27T23:38:42","guid":{"rendered":"https:\/\/www.europesays.com\/pt\/503160\/"},"modified":"2026-08-27T23:38:42","modified_gmt":"2026-08-27T23:38:42","slug":"familia-de-lito-sousa-limita-visitas-no-hospital-para-preservar-descanso-durante-tratamento","status":"publish","type":"post","link":"https:\/\/www.europesays.com\/pt\/503160\/","title":{"rendered":"Fam\u00edlia de Lito Sousa limita visitas no hospital para preservar descanso durante tratamento"},"content":{"rendered":"<p class=\"headlines\">Lito Sousa se emociona em novo v\u00eddeo nas redes: &#8216;Tenho que ser forte&#8217;<\/p>\n<p>2:58<\/p>\n<p><img  loading=\"lazy\" class=\"thumb lazy-load-img\"\/><\/p>\n<p class=\"description\">Influenciador gravou recado ao lado da esposa.  Cr\u00e9dito: Imagens: Avi\u00f5es e M\u00fasicas via Youtube<\/p>\n<p data-component-name=\"paragraph\" class=\"styles__ParagraphStyled-sc-6adecn-0 geGWDE theme-default  \">A fam\u00edlia do influenciador <a href=\"https:\/\/www.estadao.com.br\/brasil\/quem-e-lito-sousa-mecanico-de-avioes-que-fez-fama-no-youtube-e-enfrenta-doenca-rara-npr\/?srsltid=AfmBOooPACj-COYqeKCqBewnZlKPWH5Di3pYfhaV2cyvqORuWg21M3qe\" target=\"_blank\" rel=\"noreferrer nofollow noopener\" title=\"https:\/\/www.estadao.com.br\/brasil\/quem-e-lito-sousa-mecanico-de-avioes-que-fez-fama-no-youtube-e-enfrenta-doenca-rara-npr\/?srsltid=AfmBOooPACj-COYqeKCqBewnZlKPWH5Di3pYfhaV2cyvqORuWg21M3qe\"><strong>Lito Sousa<\/strong><\/a>, do canal Avi\u00f5es e M\u00fasicas, pediu que as visitas a ele no hospital sejam restritas, neste momento, a familiares e amigos mais pr\u00f3ximos. <a href=\"https:\/\/www.estadao.com.br\/pulsa\/mente-e-cerebro\/creutzfeldtjakob-o-que-a-ciencia-pode-oferecer-hoje-contra-a-doenca\/?srsltid=AfmBOorMZ1tzRWFj-0ynod-eR5Trycn1WwpdwLtQZI1YlsScjuJvqb3T\" target=\"_blank\" rel=\"noreferrer nofollow noopener\" title=\"https:\/\/www.estadao.com.br\/pulsa\/mente-e-cerebro\/creutzfeldtjakob-o-que-a-ciencia-pode-oferecer-hoje-contra-a-doenca\/?srsltid=AfmBOorMZ1tzRWFj-0ynod-eR5Trycn1WwpdwLtQZI1YlsScjuJvqb3T\"><strong>Diagnosticado com a doen\u00e7a de Creutzfeldt-Jakob (DCJ)<\/strong><\/a>, Lito tem recebido um grande n\u00famero de visitantes, o que, segundo os parentes, passou a interferir em seu descanso e nos cuidados ao longo do dia.<\/p>\n<p data-component-name=\"paragraph\" class=\"styles__ParagraphStyled-sc-6adecn-0 geGWDE theme-default  \">Em comunicado, a fam\u00edlia afirmou que tem recebido diversas visitas e pedidos de pessoas interessadas em encontrar o influenciador. Apesar de agradecer as manifesta\u00e7\u00f5es de carinho, os familiares disseram que o fluxo se tornou muito intenso.<\/p>\n<p><img  loading=\"lazy\" class=\"lazy-load-img\"\/><\/p>\n<p>Lito Sousa em recado para a torcida do Palmeiras antes de jogo contra o Santos, pelas quartas de final da Copa do Brasil \u00a0Foto:  Reprodu\u00e7\u00e3o\/SE Palmeiras via X<\/p>\n<p>\u201cO Lito \u00e9 uma pessoa muito amada, e temos recebido tantas visitas e pedidos de visita \u2014 o que enche o nosso cora\u00e7\u00e3o\u201d, diz o comunicado. \u201cCom todo o carinho, precisamos dizer que esse fluxo tem sido muito grande e vem atrapalhando o descanso e o tratamento que ele recebe ao longo do dia.\u201d<\/p>\n<p>Por esse motivo, a fam\u00edlia pediu que, por enquanto, apenas parentes e amigos mais pr\u00f3ximos fa\u00e7am visitas. Mesmo nesses casos, os encontros dever\u00e3o ser previamente combinados com Mila Seidl, mulher de Lito, para que sejam organizados.<\/p>\n<p data-component-name=\"paragraph\" class=\"styles__ParagraphStyled-sc-6adecn-0 geGWDE theme-default  \">Os familiares tamb\u00e9m pediram que os encontros sejam r\u00e1pidos, inclusive aqueles que j\u00e1 haviam sido marcados. \u201cPedimos, com todo o carinho, que todas as visitas \u2014 inclusive as agendadas \u2014 sejam bem breves, para preservar o descanso e o tratamento do Lito\u201d, diz a nota.<\/p>\n<p>Leia tamb\u00e9m<\/p>\n<p>Lito enfrenta doen\u00e7a rara<\/p>\n<p data-component-name=\"paragraph\" class=\"styles__ParagraphStyled-sc-6adecn-0 geGWDE theme-default  \">Lito foi diagnosticado com a doen\u00e7a de Creutzfeldt-Jakob, uma condi\u00e7\u00e3o neurodegenerativa rara causada por prote\u00ednas chamadas pr\u00edons. A doen\u00e7a pode provocar dem\u00eancia, desordem cerebral, tremores e perda de habilidades motoras. Atualmente, n\u00e3o h\u00e1 tratamento para a condi\u00e7\u00e3o, e os cuidados dispon\u00edveis s\u00e3o voltados ao controle dos sintomas.<\/p>\n<p data-component-name=\"paragraph\" class=\"styles__ParagraphStyled-sc-6adecn-0 geGWDE theme-default  \">O influenciador <a href=\"https:\/\/www.estadao.com.br\/brasil\/lito-sousa-se-emociona-ao-falar-de-diagnostico-em-video-o-jogo-so-acaba-quando-termina-npr\/\" target=\"_blank\" rel=\"noreferrer nofollow noopener\" title=\"https:\/\/www.estadao.com.br\/brasil\/lito-sousa-se-emociona-ao-falar-de-diagnostico-em-video-o-jogo-so-acaba-quando-termina-npr\/\"><strong>divulgou um v\u00eddeo gravado no dia em que recebeu a confirma\u00e7\u00e3o do diagn\u00f3stico<\/strong><\/a>. Emocionado, falou sobre a possibilidade de morrer, a preocupa\u00e7\u00e3o com a mulher e o filho e a esperan\u00e7a de que seu quadro ainda possa mudar.<\/p>\n<p data-component-name=\"paragraph\" class=\"styles__ParagraphStyled-sc-6adecn-0 geGWDE theme-default  \">Apesar da gravidade da not\u00edcia, Lito afirmou que n\u00e3o desistiu. \u201cO jogo s\u00f3 acaba quando termina. E voc\u00eas sabem que eu sou um homem de ci\u00eancia, mas eu tamb\u00e9m sou um homem de muita f\u00e9. E a gente nunca sabe o que pode acontecer, sabe? Milagres ocorrem, vai que eu sou o escolhido pra continuar esse trabalho\u201d, disse.<\/p>\n","protected":false},"excerpt":{"rendered":"Lito Sousa se emociona em novo v\u00eddeo nas redes: &#8216;Tenho que ser forte&#8217; 2:58 Influenciador gravou recado ao&hellip;\n","protected":false},"author":2,"featured_media":503161,"comment_status":"","ping_status":"","sticky":false,"template":"","format":"standard","meta":{"footnotes":"","_share_on_mastodon":"0"},"categories":[145],"tags":[211,210,114,115,32,33,1711],"class_list":["post-503160","post","type-post","status-publish","format-standard","has-post-thumbnail","category-celebridades","tag-celebridades","tag-celebrities","tag-entertainment","tag-entretenimento","tag-portugal","tag-pt","tag-sample"],"share_on_mastodon":{"url":"https:\/\/pubeurope.com\/@pt\/117170110787411026","error":""},"_links":{"self":[{"href":"https:\/\/www.europesays.com\/pt\/wp-json\/wp\/v2\/posts\/503160","targetHints":{"allow":["GET"]}}],"collection":[{"href":"https:\/\/www.europesays.com\/pt\/wp-json\/wp\/v2\/posts"}],"about":[{"href":"https:\/\/www.europesays.com\/pt\/wp-json\/wp\/v2\/types\/post"}],"author":[{"embeddable":true,"href":"https:\/\/www.europesays.com\/pt\/wp-json\/wp\/v2\/users\/2"}],"replies":[{"embeddable":true,"href":"https:\/\/www.europesays.com\/pt\/wp-json\/wp\/v2\/comments?post=503160"}],"version-history":[{"count":0,"href":"https:\/\/www.europesays.com\/pt\/wp-json\/wp\/v2\/posts\/503160\/revisions"}],"wp:featuredmedia":[{"embeddable":true,"href":"https:\/\/www.europesays.com\/pt\/wp-json\/wp\/v2\/media\/503161"}],"wp:attachment":[{"href":"https:\/\/www.europesays.com\/pt\/wp-json\/wp\/v2\/media?parent=503160"}],"wp:term":[{"taxonomy":"category","embeddable":true,"href":"https:\/\/www.europesays.com\/pt\/wp-json\/wp\/v2\/categories?post=503160"},{"taxonomy":"post_tag","embeddable":true,"href":"https:\/\/www.europesays.com\/pt\/wp-json\/wp\/v2\/tags?post=503160"}],"curies":[{"name":"wp","href":"https:\/\/api.w.org\/{rel}","templated":true}]}}