{"id":503220,"date":"2026-08-28T01:05:13","date_gmt":"2026-08-28T01:05:13","guid":{"rendered":"https:\/\/www.europesays.com\/pt\/503220\/"},"modified":"2026-08-28T01:05:13","modified_gmt":"2026-08-28T01:05:13","slug":"morreu-peter-cullen-voz-iconica-de-optimus-prime-em-transformers-aos-85-anos","status":"publish","type":"post","link":"https:\/\/www.europesays.com\/pt\/503220\/","title":{"rendered":"Morreu Peter Cullen, voz ic\u00f3nica de Optimus Prime em Transformers, aos 85 anos"},"content":{"rendered":"\n<p>O v\u00ednculo ao universo dos rob\u00f4s alien\u00edgenas perdurou por quatro d\u00e9cadas. Al\u00e9m das s\u00e9ries de anima\u00e7\u00e3o originais e dos m\u00faltiplos videojogos associados, Peter Cullen regressou \u00e0 personagem para a saga de filmes live-action de grande or\u00e7amento iniciada pelo realizador Michael Bay em 2007, consolidando o estatuto de voz definitiva de Optimus Prime perante novas gera\u00e7\u00f5es de espetadores.<\/p>\n<p>A versatilidade vocal do ator levou-o igualmente a outros pap\u00e9is de grande notoriedade nos est\u00fadios da Disney, onde interpretou durante anos o melanc\u00f3lico burro Igor (Eeyore) no franchise de Winnie the Pooh. <\/p>\n<p>No cinema de a\u00e7\u00e3o e fic\u00e7\u00e3o cient\u00edfica, Cullen foi tamb\u00e9m o respons\u00e1vel pela cria\u00e7\u00e3o dos efeitos sonoros e ru\u00eddos guturais originais da criatura extraterrestre no cl\u00e1ssico Predador (1987), protagonizado por Arnold Schwarzenegger.<\/p>\n<p>Ao longo do seu percurso, Cullen foi galardoado com v\u00e1rias distin\u00e7\u00f5es do setor da anima\u00e7\u00e3o e entretenimento, tendo sido homenageado pela Hasbro com a indu\u00e7\u00e3o no Transformers Hall of Fame em 2010. <\/p>\n","protected":false},"excerpt":{"rendered":"O v\u00ednculo ao universo dos rob\u00f4s alien\u00edgenas perdurou por quatro d\u00e9cadas. Al\u00e9m das s\u00e9ries de anima\u00e7\u00e3o originais e&hellip;\n","protected":false},"author":2,"featured_media":503221,"comment_status":"","ping_status":"","sticky":false,"template":"","format":"standard","meta":{"footnotes":"","_share_on_mastodon":"0"},"categories":[140],"tags":[1415,80636,80635,80639,114,115,147,148,80640,28575,3670,80637,1437,146,80634,80633,32,23313,33,16070,3859,80638],"class_list":["post-503220","post","type-post","status-publish","format-standard","has-post-thumbnail","category-filmes","tag-animacao","tag-autobots","tag-dobragem","tag-eeyore","tag-entertainment","tag-entretenimento","tag-film","tag-filmes","tag-hall-fame","tag-hasbro","tag-los-angeles","tag-michael-bay","tag-morte","tag-movies","tag-optimus-prime","tag-peter-cullen","tag-portugal","tag-predador","tag-pt","tag-transformers","tag-voz","tag-winnie-pooh"],"share_on_mastodon":{"url":"https:\/\/pubeurope.com\/@pt\/117170453068678415","error":""},"_links":{"self":[{"href":"https:\/\/www.europesays.com\/pt\/wp-json\/wp\/v2\/posts\/503220","targetHints":{"allow":["GET"]}}],"collection":[{"href":"https:\/\/www.europesays.com\/pt\/wp-json\/wp\/v2\/posts"}],"about":[{"href":"https:\/\/www.europesays.com\/pt\/wp-json\/wp\/v2\/types\/post"}],"author":[{"embeddable":true,"href":"https:\/\/www.europesays.com\/pt\/wp-json\/wp\/v2\/users\/2"}],"replies":[{"embeddable":true,"href":"https:\/\/www.europesays.com\/pt\/wp-json\/wp\/v2\/comments?post=503220"}],"version-history":[{"count":0,"href":"https:\/\/www.europesays.com\/pt\/wp-json\/wp\/v2\/posts\/503220\/revisions"}],"wp:featuredmedia":[{"embeddable":true,"href":"https:\/\/www.europesays.com\/pt\/wp-json\/wp\/v2\/media\/503221"}],"wp:attachment":[{"href":"https:\/\/www.europesays.com\/pt\/wp-json\/wp\/v2\/media?parent=503220"}],"wp:term":[{"taxonomy":"category","embeddable":true,"href":"https:\/\/www.europesays.com\/pt\/wp-json\/wp\/v2\/categories?post=503220"},{"taxonomy":"post_tag","embeddable":true,"href":"https:\/\/www.europesays.com\/pt\/wp-json\/wp\/v2\/tags?post=503220"}],"curies":[{"name":"wp","href":"https:\/\/api.w.org\/{rel}","templated":true}]}}