{"id":503238,"date":"2026-08-28T01:36:22","date_gmt":"2026-08-28T01:36:22","guid":{"rendered":"https:\/\/www.europesays.com\/pt\/503238\/"},"modified":"2026-08-28T01:36:22","modified_gmt":"2026-08-28T01:36:22","slug":"exclusivo-leonino-sporting-deixa-daniel-braganca-magoado-na-hora-do-adeus","status":"publish","type":"post","link":"https:\/\/www.europesays.com\/pt\/503238\/","title":{"rendered":"Exclusivo Leonino &#8211; Sporting deixa Daniel Bragan\u00e7a magoado na hora do adeus"},"content":{"rendered":"<p><a href=\"https:\/\/www.transfermarkt.pt\/cristiano-ronaldo\/profil\/spieler\/8198\" target=\"_blank\" style=\"\" rel=\"nofollow noopener\">Cristiano Ronaldo<\/a><b> mostrou-se desagradado com a decis\u00e3o de Ange Postecoglou de o retirar ao intervalo do encontro entre Al Ettifaq e Al Nassr<\/b>. O jogador formado no <a href=\"https:\/\/www.sporting.pt\/\" target=\"_blank\" rel=\"nofollow noopener\">Sporting <\/a>foi titular, mas n\u00e3o regressou para a segunda parte de uma partida que a forma\u00e7\u00e3o de Riade acabaria por vencer, por 3-2.<\/p>\n<p><\/p>\n<p><b>\u201cQuando fiz as substitui\u00e7\u00f5es, incluindo a sa\u00edda do Cristiano Ronaldo, acreditei que os jogadores que entraram poderiam ter um impacto\u201d<\/b>, explicou Postecoglou ap\u00f3s a partida. \u201cVim para c\u00e1 para ajudar os jogadores e, tal como disse, estou orgulhoso deles, porque todos os suplentes deram um contributo positivo\u201d, acrescentou.<\/p>\n<p>O t\u00e9cnico australiano fez quest\u00e3o, contudo, de elogiar aquilo que CR7 apresentou durante os primeiros 45 minutos. \u201cEstou aqui para ajudar a equipa com o que vejo, e todos sabem que o Cristiano Ronaldo n\u00e3o joga h\u00e1 muito tempo. <b>Ele teve um desempenho excecional na primeira parte e opt\u00e1mos por uma abordagem diferente<\/b>\u201d, justificou.<\/p>\n<p><\/p>\n<p><b>O Al Nassr atravessava uma situa\u00e7\u00e3o delicada depois da expuls\u00e3o de Bento, aos 12 minutos<\/b>, e chegou ao intervalo a perder por 2-0. J\u00e1 sem Cristiano Ronaldo em campo, a equipa saudita conseguiu reagir, com Sadio Man\u00e9 e Jo\u00e3o F\u00e9lix em evid\u00eancia numa reviravolta constru\u00edda durante a segunda parte.<\/p>\n<p><b>O triunfo permitiu ao Al Nassr chegar aos nove pontos e assumir provisoriamente a lideran\u00e7a do campeonato saudita.<\/b> Cristiano Ronaldo, por sua vez, volta a estar no centro das aten\u00e7\u00f5es, desta vez pela rea\u00e7\u00e3o \u00e0 substitui\u00e7\u00e3o decidida por Postecoglou.<\/p>\n<p><\/p>\n","protected":false},"excerpt":{"rendered":"Cristiano Ronaldo mostrou-se desagradado com a decis\u00e3o de Ange Postecoglou de o retirar ao intervalo do encontro entre&hellip;\n","protected":false},"author":2,"featured_media":503239,"comment_status":"","ping_status":"","sticky":false,"template":"","format":"standard","meta":{"footnotes":"","_share_on_mastodon":"0"},"categories":[87],"tags":[9090,135,61766,32,33,34,134],"class_list":["post-503238","post","type-post","status-publish","format-standard","has-post-thumbnail","category-desporto","tag-daniel-braganca","tag-desporto","tag-exclusivo-leonino","tag-portugal","tag-pt","tag-sporting","tag-sports"],"share_on_mastodon":{"url":"https:\/\/pubeurope.com\/@pt\/117170574950049515","error":""},"_links":{"self":[{"href":"https:\/\/www.europesays.com\/pt\/wp-json\/wp\/v2\/posts\/503238","targetHints":{"allow":["GET"]}}],"collection":[{"href":"https:\/\/www.europesays.com\/pt\/wp-json\/wp\/v2\/posts"}],"about":[{"href":"https:\/\/www.europesays.com\/pt\/wp-json\/wp\/v2\/types\/post"}],"author":[{"embeddable":true,"href":"https:\/\/www.europesays.com\/pt\/wp-json\/wp\/v2\/users\/2"}],"replies":[{"embeddable":true,"href":"https:\/\/www.europesays.com\/pt\/wp-json\/wp\/v2\/comments?post=503238"}],"version-history":[{"count":0,"href":"https:\/\/www.europesays.com\/pt\/wp-json\/wp\/v2\/posts\/503238\/revisions"}],"wp:featuredmedia":[{"embeddable":true,"href":"https:\/\/www.europesays.com\/pt\/wp-json\/wp\/v2\/media\/503239"}],"wp:attachment":[{"href":"https:\/\/www.europesays.com\/pt\/wp-json\/wp\/v2\/media?parent=503238"}],"wp:term":[{"taxonomy":"category","embeddable":true,"href":"https:\/\/www.europesays.com\/pt\/wp-json\/wp\/v2\/categories?post=503238"},{"taxonomy":"post_tag","embeddable":true,"href":"https:\/\/www.europesays.com\/pt\/wp-json\/wp\/v2\/tags?post=503238"}],"curies":[{"name":"wp","href":"https:\/\/api.w.org\/{rel}","templated":true}]}}