{"id":503254,"date":"2026-08-28T02:13:10","date_gmt":"2026-08-28T02:13:10","guid":{"rendered":"https:\/\/www.europesays.com\/pt\/503254\/"},"modified":"2026-08-28T02:13:10","modified_gmt":"2026-08-28T02:13:10","slug":"djavan-faz-50-anos-de-carreira-com-nova-edicao-do-1o-album-27-08-2026-monica-bergamo","status":"publish","type":"post","link":"https:\/\/www.europesays.com\/pt\/503254\/","title":{"rendered":"Djavan faz 50 anos de carreira com nova edi\u00e7\u00e3o do 1\u00ba \u00e1lbum &#8211; 27\/08\/2026 &#8211; M\u00f4nica Bergamo"},"content":{"rendered":"<p>Como parte das celebra\u00e7\u00f5es de seus 50 anos de carreira, o cantor <a href=\"https:\/\/www1.folha.uol.com.br\/folha-topicos\/djavan\/\" rel=\"nofollow noopener\" target=\"_blank\">Djavan<\/a> lan\u00e7a, em 4 de setembro, pela Som Livre, uma edi\u00e7\u00e3o remixada e remasterizada de seu primeiro \u00e1lbum, &#8220;A Voz, O Viol\u00e3o, A <a href=\"https:\/\/www1.folha.uol.com.br\/folha-topicos\/musica\/\" rel=\"nofollow noopener\" target=\"_blank\">M\u00fasica<\/a> de Djavan&#8221;, que estreou originalmente na mesma data, em 1976. A nova edi\u00e7\u00e3o resgata o disco de estreia do artista a partir das fitas originais.<\/p>\n<p>A remasteriza\u00e7\u00e3o \u00e9 assinada por Alexandre Raba\u00e7o em parceria com Max Viana, cantor, produtor musical e filho de Djavan, respons\u00e1vel pela edi\u00e7\u00e3o das faixas. O projeto inclui ainda duas vers\u00f5es in\u00e9ditas em voz e viol\u00e3o, &#8220;Embola a Bola (Cateret\u00ea)&#8221; e &#8220;Muito Obrigado&#8221;, al\u00e9m de uma vers\u00e3o estendida de &#8220;Maria das Mercedes&#8221;.<\/p>\n<p>Produzido originalmente por Aloysio de Oliveira, o \u00e1lbum se tornou um dos marcos iniciais da discografia de Djavan, com can\u00e7\u00f5es como &#8220;Flor de Lis&#8221; e &#8220;Fato Consumado&#8221;. A capa original traz fotografia de Cesar Villela.<\/p>\n<p>com <strong>DIEGO ALEJANDRO, JULLIA GOUVE<\/strong><strong>IA e KARINA MATIAS<\/strong><\/p>\n<p class=\"c-context__content\">&#13;<br \/>\n    <strong>LINK PRESENTE:<\/strong> Gostou deste texto? Assinante pode liberar sete acessos gratuitos de qualquer link por dia. Basta clicar no F azul abaixo.&#13;\n  <\/p>\n","protected":false},"excerpt":{"rendered":"Como parte das celebra\u00e7\u00f5es de seus 50 anos de carreira, o cantor Djavan lan\u00e7a, em 4 de setembro,&hellip;\n","protected":false},"author":2,"featured_media":503255,"comment_status":"","ping_status":"","sticky":false,"template":"","format":"standard","meta":{"footnotes":"","_share_on_mastodon":"0"},"categories":[145],"tags":[211,210,14386,114,115,236,6050,150,32,33],"class_list":["post-503254","post","type-post","status-publish","format-standard","has-post-thumbnail","category-celebridades","tag-celebridades","tag-celebrities","tag-djavan","tag-entertainment","tag-entretenimento","tag-folha","tag-mpb","tag-musica","tag-portugal","tag-pt"],"share_on_mastodon":{"url":"https:\/\/pubeurope.com\/@pt\/117170720320853282","error":""},"_links":{"self":[{"href":"https:\/\/www.europesays.com\/pt\/wp-json\/wp\/v2\/posts\/503254","targetHints":{"allow":["GET"]}}],"collection":[{"href":"https:\/\/www.europesays.com\/pt\/wp-json\/wp\/v2\/posts"}],"about":[{"href":"https:\/\/www.europesays.com\/pt\/wp-json\/wp\/v2\/types\/post"}],"author":[{"embeddable":true,"href":"https:\/\/www.europesays.com\/pt\/wp-json\/wp\/v2\/users\/2"}],"replies":[{"embeddable":true,"href":"https:\/\/www.europesays.com\/pt\/wp-json\/wp\/v2\/comments?post=503254"}],"version-history":[{"count":0,"href":"https:\/\/www.europesays.com\/pt\/wp-json\/wp\/v2\/posts\/503254\/revisions"}],"wp:featuredmedia":[{"embeddable":true,"href":"https:\/\/www.europesays.com\/pt\/wp-json\/wp\/v2\/media\/503255"}],"wp:attachment":[{"href":"https:\/\/www.europesays.com\/pt\/wp-json\/wp\/v2\/media?parent=503254"}],"wp:term":[{"taxonomy":"category","embeddable":true,"href":"https:\/\/www.europesays.com\/pt\/wp-json\/wp\/v2\/categories?post=503254"},{"taxonomy":"post_tag","embeddable":true,"href":"https:\/\/www.europesays.com\/pt\/wp-json\/wp\/v2\/tags?post=503254"}],"curies":[{"name":"wp","href":"https:\/\/api.w.org\/{rel}","templated":true}]}}