{"id":503362,"date":"2026-08-28T07:16:23","date_gmt":"2026-08-28T07:16:23","guid":{"rendered":"https:\/\/www.europesays.com\/pt\/503362\/"},"modified":"2026-08-28T07:16:23","modified_gmt":"2026-08-28T07:16:23","slug":"so-falta-de-chips-impede-a-nvidia-de-crescer-ainda-mais-ai-darling-dispara-em-wall-street-bolsa","status":"publish","type":"post","link":"https:\/\/www.europesays.com\/pt\/503362\/","title":{"rendered":"S\u00f3 falta de chips impede a Nvidia de crescer ainda mais. &#8220;AI-darling&#8221; dispara em Wall Street &#8211; Bolsa"},"content":{"rendered":"<p class=\"\">&#13;<br \/>\n        A empresa mais valiosa do mundo, a Nvidia, apresentou esta quarta-feira os <a href=\"https:\/\/www.jornaldenegocios.pt\/empresas\/tecnologias\/detalhe\/nvidia-bate-previsoes-de-receitas-trimestrais\" target=\"_self\" rel=\"tag nofollow noopener\">resultados do segundo trimestre fiscal<\/a> que <b>ficaram acima do previsto pelos analistas<\/b>, mas n\u00e3o foi s\u00f3 isso que animou as a\u00e7\u00f5es da fabricante de &#8220;chips&#8221;. Ap\u00f3s a apresenta\u00e7\u00e3o de resultados, <b>a respons\u00e1vel financeira do grupo, Colette Kress, elevou as perspetivas de crescimento das receitas para 70% no pr\u00f3ximo ano fiscal<\/b>, que come\u00e7a em janeiro de 2027, uma subida significativa face aos 45% esperados pelos analistas.&#13;\n    <\/p>\n","protected":false},"excerpt":{"rendered":"&#13; A empresa mais valiosa do mundo, a Nvidia, apresentou esta quarta-feira os resultados do segundo trimestre fiscal&hellip;\n","protected":false},"author":2,"featured_media":503363,"comment_status":"","ping_status":"","sticky":false,"template":"","format":"standard","meta":{"footnotes":"","_share_on_mastodon":"0"},"categories":[83],"tags":[88,42464,89,2384,90,32612,59487,16648,64456,415,32,33],"class_list":["post-503362","post","type-post","status-publish","format-standard","has-post-thumbnail","category-empresas","tag-business","tag-colette-kress","tag-economy","tag-empresa","tag-empresas","tag-jensen-huang","tag-mil-milhoes-de-euros","tag-milhoes","tag-milhoes-de-euros","tag-nvidia","tag-portugal","tag-pt"],"share_on_mastodon":{"url":"https:\/\/pubeurope.com\/@pt\/117171911613811750","error":""},"_links":{"self":[{"href":"https:\/\/www.europesays.com\/pt\/wp-json\/wp\/v2\/posts\/503362","targetHints":{"allow":["GET"]}}],"collection":[{"href":"https:\/\/www.europesays.com\/pt\/wp-json\/wp\/v2\/posts"}],"about":[{"href":"https:\/\/www.europesays.com\/pt\/wp-json\/wp\/v2\/types\/post"}],"author":[{"embeddable":true,"href":"https:\/\/www.europesays.com\/pt\/wp-json\/wp\/v2\/users\/2"}],"replies":[{"embeddable":true,"href":"https:\/\/www.europesays.com\/pt\/wp-json\/wp\/v2\/comments?post=503362"}],"version-history":[{"count":0,"href":"https:\/\/www.europesays.com\/pt\/wp-json\/wp\/v2\/posts\/503362\/revisions"}],"wp:featuredmedia":[{"embeddable":true,"href":"https:\/\/www.europesays.com\/pt\/wp-json\/wp\/v2\/media\/503363"}],"wp:attachment":[{"href":"https:\/\/www.europesays.com\/pt\/wp-json\/wp\/v2\/media?parent=503362"}],"wp:term":[{"taxonomy":"category","embeddable":true,"href":"https:\/\/www.europesays.com\/pt\/wp-json\/wp\/v2\/categories?post=503362"},{"taxonomy":"post_tag","embeddable":true,"href":"https:\/\/www.europesays.com\/pt\/wp-json\/wp\/v2\/tags?post=503362"}],"curies":[{"name":"wp","href":"https:\/\/api.w.org\/{rel}","templated":true}]}}