{"id":50343,"date":"2025-08-29T15:50:15","date_gmt":"2025-08-29T15:50:15","guid":{"rendered":"https:\/\/www.europesays.com\/pt\/50343\/"},"modified":"2025-08-29T15:50:15","modified_gmt":"2025-08-29T15:50:15","slug":"jantar-romantico-e-colchao-insuflavel-tudo-sobre-a-primeira-noite-de-bruna-gomes-e-bernardo-sousa-na-casa-nova-tvi","status":"publish","type":"post","link":"https:\/\/www.europesays.com\/pt\/50343\/","title":{"rendered":"Jantar rom\u00e2ntico e colch\u00e3o insufl\u00e1vel: tudo sobre a primeira noite de Bruna Gomes e Bernardo Sousa na casa nova &#8211; TVI"},"content":{"rendered":"<ol>\n<li><a href=\"https:\/\/news.google.com\/rss\/articles\/CBMi-wFBVV95cUxPcnAwVTludE13Qzl1SHdab2NfUlRwMXVybEswVzNQVE5JZEFWdmFWdWE2dmhXbmExVHh5RUlYRGhvdGYwNm9MUldndEJYNEpXVU1TUG94TExFZk9aNGJaa1FSNDRxSnpZeExXWG9nZTlPSlR5ZkktcjFDS09GVm9XcjBFempaYjZ1YlpxRjF0Y1RPTlAwaG9qbzRHTHhZR2xVdHViVF9GbzBrRkYzaDBrOXJNM2Y4VFNuOTlTdGw3TF9aTlU1NjBDc3ZKTmRzQ25DV1FOLUxkTzl5ZldHckFXWWhUUHVOdDh4SDhQZEhTVjFfcFkyRjRUUU1IWdIBgAJBVV95cUxNdUR4cGVWdlJrOGZFS25nMF95M2NsbWxuS2d6VENsRzV1OHQzeDVzUTVqT1hBQnVpTm1XdHB4MDlrSzJGZGhjSWo3UkZrdUx2c29vRzVDdExwWmxSX2dFRGdsTnRDSUhkbHFPSDh3azFyaW5TZngxUGE2YXdlT002MVBGYjV6WXlIbl83X09mM1Z4VF9GYk1HYlEzbDdubGRuSTkyZWwtTEZiaWJhZXJhbWtsdHFKb201cTZxLXYwdS04SVJTSTYwcExJVEdqUmJ2UmNTbHNmcTNzRTFGRlpkYnNaR2F5LWQ0aDIxUmZtM21jS1ptVkNWOUtZT3hqcjRt?oc=5\" target=\"_blank\" rel=\"nofollow noopener\">Jantar rom\u00e2ntico e colch\u00e3o insufl\u00e1vel: tudo sobre a primeira noite de Bruna Gomes e Bernardo Sousa na casa nova<\/a>&nbsp;&nbsp;TVI<\/li>\n<li><a href=\"https:\/\/news.google.com\/rss\/articles\/CBMitgFBVV95cUxNbVlHRmVqSFJGVVRKLWhUOHhsbzYtOE1PRUxDbWtGZkxNMjFiZ3A1UTJScHFEcDhzMmx3VXZ6N0JKSGF1MmxQdVVQTTQ5dk00bTFDOW9VN190cFhQczAxSzAtcHZMV1kxdExjVmRwdzRITnN3alNvNGY0MzRQR0ZVYUhsQ1pxY3NIOXNySTZUMW9ycGJnWk9wNmJnYnVQVVVDWU16dk9rVC1zRnp2WnFVdGkwQVczQQ?oc=5\" target=\"_blank\" rel=\"nofollow noopener\">Bruna Gomes e Bernardo Sousa anunciam novidades: &#8220;Estamos muito felizes&#8221;<\/a>&nbsp;&nbsp;Not\u00edcias ao Minuto<\/li>\n<li><a href=\"https:\/\/news.google.com\/rss\/articles\/CBMiqwFBVV95cUxNVGlZcFBDd3ppRU5mRWNra3RtUG5yZ095OExaQ2J4c3lxdzVkdUxiMk1OZzg5TTlxMkN2a3ZWUHVaanloWWN5OFI0QUV5S2RNa0U5NnZ0S05PcU1CUURMOEJ3WHZZeDJIZ2c5RWNJV0g2N1FaRDlWZHN5TXQ5eFFDdmJNOXdFaVlfQm9sWEpGN0x3WFI3dTBnQVQwZU1TNDhtb2I3WHpwMlY1VHPSAbABQVVfeXFMTWYwM0ltSGN3ekY1YzJoQ1Y0TENKdGhla0ptX05MZ1RNeWhVUnIyYTRORGxQa3lHakNCMjRhY3I4aGFLckxyVXYxN0dPWWh0NjltRVFVZUZFRWpVUklFUkJEbWswRDV0SEV4WnNQWGhTWE5fOWw5eksyOGNzZ0g0ZlJldFhFWXZsVG5vQzJjNFY0NENfN0t5YmhuMkw5R1laYlo1UHFPMDk4aWRpdzEyV1A?oc=5\" target=\"_blank\" rel=\"nofollow noopener\">Bruna Gomes e Bernardo Sousa celebram conquista: &#8220;Com o cora\u00e7\u00e3o t\u00e3o feliz&#8230;&#8221;<\/a>&nbsp;&nbsp;A Televis\u00e3o<\/li>\n<li><a href=\"https:\/\/news.google.com\/rss\/articles\/CBMizAFBVV95cUxPaEdkOEpncHVjLUxPYmRENzZMczM5aWRlN1lXSU9WWTZxZlZTRWwwWURVN01fS1JwTm1fQm9FVktSd3NMZHpkQjZjT255dHN5MllDdllsNk9ySkVpTlhkSERlRk93LVhub1RnakxQamloZlRKQnpaRmZ1N183YU5LQ2N6UVpJZjE5SGJtNGxxNVJ5SkFBOE9YSVdCTGJLMDhkSFJpT1RsZG9RRVR3ejVEUl8xSHBvWUlDdHZMcC1Dd1VNNzhreXFrTkdBNFA?oc=5\" target=\"_blank\" rel=\"nofollow noopener\">&#8220;Deu tudo certo, menos a parte&#8230;&#8221; &#8211; Bruna Gomes mostra as primeiras imagens da casa nova<\/a>&nbsp;&nbsp;Fama Show<\/li>\n<li><a href=\"https:\/\/news.google.com\/rss\/articles\/CBMiogFBVV95cUxPYzQ1Vk03ZG9ud05HZDJ3RTRPbW13b1VEWXVqWlBadmFmLUNCSjB3RDduVUd5cnFxVzlGV1A0SFJjVjROU3FiNjdWQnBuWE4weGhLb1k5QW9GVGxWUWhjbEo1UFBVQzEyaWZQd2RHLWw3SjBScTdiMHQzN3dEemd4bmtjVEU0TDZmSUdmRzN1bVJWRnBRLXdyeS1rT21jQjJac2c?oc=5\" target=\"_blank\" rel=\"nofollow noopener\">Bruna Gomes e Bernardo Sousa d\u00e3o passo importante e revelam novidade emocionante<\/a>&nbsp;&nbsp;infocul.pt<\/li>\n<\/ol>\n","protected":false},"excerpt":{"rendered":"Jantar rom\u00e2ntico e colch\u00e3o insufl\u00e1vel: tudo sobre a primeira noite de Bruna Gomes e Bernardo Sousa na casa&hellip;\n","protected":false},"author":2,"featured_media":47583,"comment_status":"","ping_status":"","sticky":false,"template":"","format":"standard","meta":{"footnotes":""},"categories":[142],"tags":[114,115,32,33,151],"class_list":{"0":"post-50343","1":"post","2":"type-post","3":"status-publish","4":"format-standard","5":"has-post-thumbnail","7":"category-tv","8":"tag-entertainment","9":"tag-entretenimento","10":"tag-portugal","11":"tag-pt","12":"tag-tv"},"share_on_mastodon":{"url":"","error":""},"_links":{"self":[{"href":"https:\/\/www.europesays.com\/pt\/wp-json\/wp\/v2\/posts\/50343","targetHints":{"allow":["GET"]}}],"collection":[{"href":"https:\/\/www.europesays.com\/pt\/wp-json\/wp\/v2\/posts"}],"about":[{"href":"https:\/\/www.europesays.com\/pt\/wp-json\/wp\/v2\/types\/post"}],"author":[{"embeddable":true,"href":"https:\/\/www.europesays.com\/pt\/wp-json\/wp\/v2\/users\/2"}],"replies":[{"embeddable":true,"href":"https:\/\/www.europesays.com\/pt\/wp-json\/wp\/v2\/comments?post=50343"}],"version-history":[{"count":0,"href":"https:\/\/www.europesays.com\/pt\/wp-json\/wp\/v2\/posts\/50343\/revisions"}],"wp:featuredmedia":[{"embeddable":true,"href":"https:\/\/www.europesays.com\/pt\/wp-json\/wp\/v2\/media\/47583"}],"wp:attachment":[{"href":"https:\/\/www.europesays.com\/pt\/wp-json\/wp\/v2\/media?parent=50343"}],"wp:term":[{"taxonomy":"category","embeddable":true,"href":"https:\/\/www.europesays.com\/pt\/wp-json\/wp\/v2\/categories?post=50343"},{"taxonomy":"post_tag","embeddable":true,"href":"https:\/\/www.europesays.com\/pt\/wp-json\/wp\/v2\/tags?post=50343"}],"curies":[{"name":"wp","href":"https:\/\/api.w.org\/{rel}","templated":true}]}}