{"id":503432,"date":"2026-08-28T08:55:49","date_gmt":"2026-08-28T08:55:49","guid":{"rendered":"https:\/\/www.europesays.com\/pt\/503432\/"},"modified":"2026-08-28T08:55:49","modified_gmt":"2026-08-28T08:55:49","slug":"apaixonada-cristina-ferreira-frisa-o-amor-liberta","status":"publish","type":"post","link":"https:\/\/www.europesays.com\/pt\/503432\/","title":{"rendered":"Apaixonada, Cristina Ferreira frisa: &#8220;O amor liberta&#8221;"},"content":{"rendered":"<p><a target=\"_blank\" rel=\"noopener noreferrer nofollow\" href=\"https:\/\/selfie.iol.pt\/famosos\/cristina-ferreira\/cristina-ferreira-deixa-inusitada-garantia-nao-seria-contabilista\/20260827\/6a9044350cf2f6a1a1e75714\">Na sess\u00e3o de perguntas e respostas que disponibilizou aos f\u00e3s no Instagram<\/a>, Cristina Ferreira foi confrontada com o desabafo de uma seguidora que se encontra &#8220;separada h\u00e1 muitos anos&#8221; e que confessou ter &#8220;medo de ter nova rela\u00e7\u00e3o e acontecer o mesmo&#8221;.<\/p>\n<p>A apresentadora e Diretora de Entretenimento e Fic\u00e7\u00e3o da TVI fez quest\u00e3o de deixar uma mensagem de incentivo.<\/p>\n<p>&#8220;Quando encontrar a pessoa certa, n\u00e3o vai ter medo nenhum. O amor liberta&#8221;, assegurou Cristina Ferreira.<\/p>\n<p>Veja, agora, a imagem. Espreite as outras respostas dadas pela apresentadora, na galeria que prepar\u00e1mos para si!<\/p>\n<p> <img loading=\"lazy\" decoding=\"async\" id=\"6a8fef40d34e511da0b35889\" width=\"281\" height=\"500\" src=\"https:\/\/www.europesays.com\/pt\/wp-content\/uploads\/2026\/08\/6a8fef40d34e511da0b35889.webp\" alt=\"Cristina Ferreira responde \u00e0s perguntas dos f\u00e3s\" class=\"internal-pic\"\/> <\/p>\n","protected":false},"excerpt":{"rendered":"Na sess\u00e3o de perguntas e respostas que disponibilizou aos f\u00e3s no Instagram, Cristina Ferreira foi confrontada com o&hellip;\n","protected":false},"author":2,"featured_media":503433,"comment_status":"","ping_status":"","sticky":false,"template":"","format":"standard","meta":{"footnotes":"","_share_on_mastodon":"0"},"categories":[145],"tags":[2642,3539,211,210,166,114,115,980,1015,6470,619,32,33,548,1012,162],"class_list":["post-503432","post","type-post","status-publish","format-standard","has-post-thumbnail","category-celebridades","tag-amor","tag-apresentadora","tag-celebridades","tag-celebrities","tag-cristina-ferreira","tag-entertainment","tag-entretenimento","tag-famosos","tag-instagram","tag-joao-monteiro","tag-nacional","tag-portugal","tag-pt","tag-redes-sociais","tag-selfie","tag-tvi"],"share_on_mastodon":{"url":"https:\/\/pubeurope.com\/@pt\/117172305858241876","error":""},"_links":{"self":[{"href":"https:\/\/www.europesays.com\/pt\/wp-json\/wp\/v2\/posts\/503432","targetHints":{"allow":["GET"]}}],"collection":[{"href":"https:\/\/www.europesays.com\/pt\/wp-json\/wp\/v2\/posts"}],"about":[{"href":"https:\/\/www.europesays.com\/pt\/wp-json\/wp\/v2\/types\/post"}],"author":[{"embeddable":true,"href":"https:\/\/www.europesays.com\/pt\/wp-json\/wp\/v2\/users\/2"}],"replies":[{"embeddable":true,"href":"https:\/\/www.europesays.com\/pt\/wp-json\/wp\/v2\/comments?post=503432"}],"version-history":[{"count":0,"href":"https:\/\/www.europesays.com\/pt\/wp-json\/wp\/v2\/posts\/503432\/revisions"}],"wp:featuredmedia":[{"embeddable":true,"href":"https:\/\/www.europesays.com\/pt\/wp-json\/wp\/v2\/media\/503433"}],"wp:attachment":[{"href":"https:\/\/www.europesays.com\/pt\/wp-json\/wp\/v2\/media?parent=503432"}],"wp:term":[{"taxonomy":"category","embeddable":true,"href":"https:\/\/www.europesays.com\/pt\/wp-json\/wp\/v2\/categories?post=503432"},{"taxonomy":"post_tag","embeddable":true,"href":"https:\/\/www.europesays.com\/pt\/wp-json\/wp\/v2\/tags?post=503432"}],"curies":[{"name":"wp","href":"https:\/\/api.w.org\/{rel}","templated":true}]}}